{"id":28265,"date":"2021-06-29T17:38:20","date_gmt":"2021-06-29T15:38:20","guid":{"rendered":"https:\/\/musee.oceano.org\/2021\/06\/29\/coral-guardian-die-corail-ausstellung\/"},"modified":"2021-07-13T12:16:17","modified_gmt":"2021-07-13T10:16:17","slug":"coral-guardian-die-corail-ausstellung","status":"publish","type":"post","link":"https:\/\/musee.oceano.org\/de\/2021\/06\/29\/coral-guardian-die-corail-ausstellung\/","title":{"rendered":"Coral Guardian, die &#8222;CORAIL&#8220;-Ausstellung"},"content":{"rendered":"\t\t<div data-elementor-type=\"wp-post\" data-elementor-id=\"28265\" class=\"elementor elementor-28265 elementor-18166\" data-elementor-post-type=\"post\">\n\t\t\t\t\t\t<section class=\"elementor-section elementor-top-section elementor-element elementor-element-5c686f8a elementor-section-full_width elementor-section-height-default elementor-section-height-default\" data-id=\"5c686f8a\" data-element_type=\"section\" data-e-type=\"section\">\n\t\t\t\t\t\t<div class=\"elementor-container elementor-column-gap-no\">\n\t\t\t\t\t<div class=\"elementor-column elementor-col-100 elementor-top-column elementor-element elementor-element-57c517b5\" data-id=\"57c517b5\" data-element_type=\"column\" data-e-type=\"column\">\n\t\t\t<div class=\"elementor-widget-wrap elementor-element-populated\">\n\t\t\t\t\t\t<div class=\"elementor-element elementor-element-234acb57 elementor--h-position-center elementor--v-position-middle elementor-widget elementor-widget-slides\" data-id=\"234acb57\" data-element_type=\"widget\" data-e-type=\"widget\" data-settings=\"{&quot;navigation&quot;:&quot;none&quot;,&quot;transition&quot;:&quot;slide&quot;,&quot;transition_speed&quot;:500}\" data-widget_type=\"slides.default\">\n\t\t\t\t<div class=\"elementor-widget-container\">\n\t\t\t\t\t\t\t\t\t<div class=\"elementor-swiper\">\n\t\t\t\t\t<div class=\"elementor-slides-wrapper elementor-main-swiper swiper\" role=\"region\" aria-roledescription=\"carousel\" aria-label=\"Slider\" dir=\"ltr\" data-animation=\"fadeInUp\">\n\t\t\t\t<div class=\"swiper-wrapper elementor-slides\">\n\t\t\t\t\t\t\t\t\t\t<div class=\"elementor-repeater-item-891be05 swiper-slide\" role=\"group\" aria-roledescription=\"slide\"><div class=\"swiper-slide-bg\" role=\"img\" aria-label=\"CORAIL AFFICHE coup\u00e9\"><\/div><div class=\"elementor-background-overlay\"><\/div><div class=\"swiper-slide-inner\" ><div class=\"swiper-slide-contents\"><h1 class=\"elementor-slide-heading\">\"Koralle\"<\/h1><div class=\"elementor-slide-description\"><p>von Korallenw\u00e4chter<\/p>\n<\/div><\/div><\/div><\/div>\t\t\t\t<\/div>\n\t\t\t\t\t\t\t<\/div>\n\t\t\t\t<\/div>\n\t\t\t\t\t\t\t\t<\/div>\n\t\t\t\t<\/div>\n\t\t\t\t\t<\/div>\n\t\t<\/div>\n\t\t\t\t\t<\/div>\n\t\t<\/section>\n\t\t\t\t<section class=\"elementor-section elementor-top-section elementor-element elementor-element-60124ee3 elementor-section-full_width elementor-section-height-default elementor-section-height-default\" data-id=\"60124ee3\" data-element_type=\"section\" data-e-type=\"section\">\n\t\t\t\t\t\t<div class=\"elementor-container elementor-column-gap-default\">\n\t\t\t\t\t<div class=\"elementor-column elementor-col-100 elementor-top-column elementor-element elementor-element-56e721a3\" data-id=\"56e721a3\" data-element_type=\"column\" data-e-type=\"column\">\n\t\t\t<div class=\"elementor-widget-wrap elementor-element-populated\">\n\t\t\t\t\t\t<div class=\"elementor-element elementor-element-1a86a87c elementor-widget elementor-widget-ee-breadcrumbs\" data-id=\"1a86a87c\" data-element_type=\"widget\" data-e-type=\"widget\" data-widget_type=\"ee-breadcrumbs.default\">\n\t\t\t\t<div class=\"elementor-widget-container\">\n\t\t\t\t\t<ul class=\"ee-breadcrumbs\" itemscope=\"\" itemtype=\"http:\/\/schema.org\/BreadcrumbList\"><\/ul>\t\t\t\t<\/div>\n\t\t\t\t<\/div>\n\t\t\t\t\t<\/div>\n\t\t<\/div>\n\t\t\t\t\t<\/div>\n\t\t<\/section>\n\t\t\t\t<section class=\"elementor-section elementor-top-section elementor-element elementor-element-4e19a8fa elementor-section-full_width elementor-section-height-default elementor-section-height-default\" data-id=\"4e19a8fa\" data-element_type=\"section\" data-e-type=\"section\">\n\t\t\t\t\t\t<div class=\"elementor-container elementor-column-gap-default\">\n\t\t\t\t\t<div class=\"elementor-column elementor-col-100 elementor-top-column elementor-element elementor-element-7c65170d\" data-id=\"7c65170d\" data-element_type=\"column\" data-e-type=\"column\">\n\t\t\t<div class=\"elementor-widget-wrap elementor-element-populated\">\n\t\t\t\t\t\t<div class=\"elementor-element elementor-element-78558a4f elementor-widget elementor-widget-heading\" data-id=\"78558a4f\" data-element_type=\"widget\" data-e-type=\"widget\" data-widget_type=\"heading.default\">\n\t\t\t\t<div class=\"elementor-widget-container\">\n\t\t\t\t\t<h2 class=\"elementor-heading-title elementor-size-default\">lokale Gemeinden am Bett der Korallenriffe<\/h2>\t\t\t\t<\/div>\n\t\t\t\t<\/div>\n\t\t\t\t\t<\/div>\n\t\t<\/div>\n\t\t\t\t\t<\/div>\n\t\t<\/section>\n\t\t\t\t<section class=\"elementor-section elementor-top-section elementor-element elementor-element-6306e9ab elementor-section-boxed elementor-section-height-default elementor-section-height-default\" data-id=\"6306e9ab\" data-element_type=\"section\" data-e-type=\"section\">\n\t\t\t\t\t\t<div class=\"elementor-container elementor-column-gap-default\">\n\t\t\t\t\t<div class=\"elementor-column elementor-col-50 elementor-top-column elementor-element elementor-element-37dfe926\" data-id=\"37dfe926\" data-element_type=\"column\" data-e-type=\"column\">\n\t\t\t<div class=\"elementor-widget-wrap elementor-element-populated\">\n\t\t\t\t\t\t<div class=\"elementor-element elementor-element-b58be28 elementor-widget elementor-widget-image\" data-id=\"b58be28\" data-element_type=\"widget\" data-e-type=\"widget\" data-widget_type=\"image.default\">\n\t\t\t\t<div class=\"elementor-widget-container\">\n\t\t\t\t\t\t\t\t\t\t\t\t\t\t\t<img fetchpriority=\"high\" decoding=\"async\" width=\"400\" height=\"133\" src=\"https:\/\/musee.oceano.org\/wp-content\/uploads\/sites\/2\/2020\/08\/CORAL-GUARDIAN-Logo-400px.png\" class=\"attachment-large size-large wp-image-25431\" alt=\"\" srcset=\"https:\/\/musee.oceano.org\/wp-content\/uploads\/sites\/2\/2020\/08\/CORAL-GUARDIAN-Logo-400px.png 400w, https:\/\/musee.oceano.org\/wp-content\/uploads\/sites\/2\/2020\/08\/CORAL-GUARDIAN-Logo-400px-300x100.png 300w\" sizes=\"(max-width: 400px) 100vw, 400px\" \/>\t\t\t\t\t\t\t\t\t\t\t\t\t\t\t<\/div>\n\t\t\t\t<\/div>\n\t\t\t\t\t<\/div>\n\t\t<\/div>\n\t\t\t\t<div class=\"elementor-column elementor-col-50 elementor-top-column elementor-element elementor-element-eecab1e\" data-id=\"eecab1e\" data-element_type=\"column\" data-e-type=\"column\">\n\t\t\t<div class=\"elementor-widget-wrap elementor-element-populated\">\n\t\t\t\t\t\t<div class=\"elementor-element elementor-element-a2d8c69 elementor-widget elementor-widget-text-editor\" data-id=\"a2d8c69\" data-element_type=\"widget\" data-e-type=\"widget\" data-widget_type=\"text-editor.default\">\n\t\t\t\t<div class=\"elementor-widget-container\">\n\t\t\t\t\t\t\t\t\t<p style=\"font-weight: 400\">In den Jahren 2020 &#8211; 2021 wird das Ozeanografische Museum die Farben der Koralle tragen: bewusstseinsbildende Aktivit\u00e4ten, Ver\u00f6ffentlichung von B\u00fcchern, Ausstellungen usw. Ein thematischer Pfad, der speziell diesem faszinierenden Tier gewidmet ist, wird w\u00e4hrend Ihres Besuchs im Museum vorgeschlagen: die Ausstellung &#8222;CORAIL&#8220; von Coral Guardian und dem Fotografen und Meeresbiologen Martin Colognoli ist Teil davon und l\u00e4dt Sie ein, das zerbrechliche Universum der Korallenriffe durch die Geschichte der traditionellen indonesischen Fischer zu entdecken, die dieses \u00d6kosystem sch\u00fctzen und wiederherstellen, von dem sie eng abh\u00e4ngen, um zu leben.<\/p>\n\t\t\t\t\t\t\t\t<\/div>\n\t\t\t\t<\/div>\n\t\t\t\t<div class=\"elementor-element elementor-element-ab1109c premium-lq__none elementor-widget elementor-widget-premium-addon-button\" data-id=\"ab1109c\" data-element_type=\"widget\" data-e-type=\"widget\" data-widget_type=\"premium-addon-button.default\">\n\t\t\t\t<div class=\"elementor-widget-container\">\n\t\t\t\t\t\r\n\r\n\t\t<a class=\"premium-button premium-button-none premium-btn-block premium-button-none\" href=\"https:\/\/www.oceano.org\/de\/thematische-seiten\/die-koralle\/\" target=\"_blank\">\r\n\t\t\t<div class=\"premium-button-text-icon-wrapper\">\r\n\t\t\t\t\r\n\t\t\t\t\t\t\t\t\t<span >\r\n\t\t\t\t\t\tErfahren Sie mehr \u00fcber Korallen\t\t\t\t\t<\/span>\r\n\t\t\t\t\t\t\t<\/div>\r\n\r\n\t\t\t\r\n\t\t\t\r\n\t\t\t\r\n\t\t<\/a>\r\n\r\n\r\n\t\t\t\t\t\t<\/div>\n\t\t\t\t<\/div>\n\t\t\t\t\t<\/div>\n\t\t<\/div>\n\t\t\t\t\t<\/div>\n\t\t<\/section>\n\t\t\t\t<section class=\"elementor-section elementor-top-section elementor-element elementor-element-3a509b88 elementor-section-boxed elementor-section-height-default elementor-section-height-default\" data-id=\"3a509b88\" data-element_type=\"section\" data-e-type=\"section\" data-settings=\"{&quot;background_background&quot;:&quot;classic&quot;}\">\n\t\t\t\t\t\t<div class=\"elementor-container elementor-column-gap-default\">\n\t\t\t\t\t<div class=\"elementor-column elementor-col-100 elementor-top-column elementor-element elementor-element-2a3a11d9\" data-id=\"2a3a11d9\" data-element_type=\"column\" data-e-type=\"column\">\n\t\t\t<div class=\"elementor-widget-wrap elementor-element-populated\">\n\t\t\t\t\t\t<section class=\"elementor-section elementor-inner-section elementor-element elementor-element-452f0333 elementor-section-boxed elementor-section-height-default elementor-section-height-default\" data-id=\"452f0333\" data-element_type=\"section\" data-e-type=\"section\" data-settings=\"{&quot;background_background&quot;:&quot;classic&quot;}\">\n\t\t\t\t\t\t<div class=\"elementor-container elementor-column-gap-default\">\n\t\t\t\t\t<div class=\"elementor-column elementor-col-50 elementor-inner-column elementor-element elementor-element-64511269\" data-id=\"64511269\" data-element_type=\"column\" data-e-type=\"column\">\n\t\t\t<div class=\"elementor-widget-wrap elementor-element-populated\">\n\t\t\t\t\t\t<div class=\"elementor-element elementor-element-78ed359a elementor-widget elementor-widget-heading\" data-id=\"78ed359a\" data-element_type=\"widget\" data-e-type=\"widget\" data-widget_type=\"heading.default\">\n\t\t\t\t<div class=\"elementor-widget-container\">\n\t\t\t\t\t<h2 class=\"elementor-heading-title elementor-size-default\">eine Ausstellung \u00fcber die Verbindung zwischen Mensch und Koralle<\/h2>\t\t\t\t<\/div>\n\t\t\t\t<\/div>\n\t\t\t\t<div class=\"elementor-element elementor-element-718693d8 elementor-widget elementor-widget-text-editor\" data-id=\"718693d8\" data-element_type=\"widget\" data-e-type=\"widget\" data-widget_type=\"text-editor.default\">\n\t\t\t\t<div class=\"elementor-widget-container\">\n\t\t\t\t\t\t\t\t\t<p>Das Institut f\u00fcr Meereskunde setzt sich seit langem f\u00fcr den Erhalt von Korallenriffen ein. Wir zeichnen auch die Organisationen aus, die ebenfalls in diese Richtung arbeiten. Die Fotoausstellung &#8222;CORAIL&#8220; der NGO Coral Guardian und des Fotografen Martin Colognoli erm\u00f6glicht es uns, die \u00fcberraschende und sensible Beziehung zu entdecken, die zwischen den lokalen Gemeinden und ihren Korallenriffen entstanden ist, insbesondere im Hinblick auf die Wiederherstellung der Umwelt und die Sicherstellung der richtigen Verwaltung. Sie tauchen ein in die zerbrechliche Welt der Korallenriffe und zeigen die Harmonie zwischen Mensch und Natur auf: eine ebenso dringende wie hoffnungsvolle Botschaft, die es zu entdecken und zu unterst\u00fctzen gilt!<\/p>\n\t\t\t\t\t\t\t\t<\/div>\n\t\t\t\t<\/div>\n\t\t\t\t<div class=\"elementor-element elementor-element-06809c7 elementor-align-center elementor-widget elementor-widget-button\" data-id=\"06809c7\" data-element_type=\"widget\" data-e-type=\"widget\" data-widget_type=\"button.default\">\n\t\t\t\t<div class=\"elementor-widget-container\">\n\t\t\t\t\t\t\t\t\t<div class=\"elementor-button-wrapper\">\n\t\t\t\t\t<a class=\"elementor-button elementor-button-link elementor-size-md\" href=\"https:\/\/musee.oceano.org\/de\/ausstellungen\/coral-guardian-fotoausstellung\/\">\n\t\t\t\t\t\t<span class=\"elementor-button-content-wrapper\">\n\t\t\t\t\t\t\t\t\t<span class=\"elementor-button-text\">Entdecken Sie die Ausstellung<\/span>\n\t\t\t\t\t<\/span>\n\t\t\t\t\t<\/a>\n\t\t\t\t<\/div>\n\t\t\t\t\t\t\t\t<\/div>\n\t\t\t\t<\/div>\n\t\t\t\t\t<\/div>\n\t\t<\/div>\n\t\t\t\t<div class=\"elementor-column elementor-col-50 elementor-inner-column elementor-element elementor-element-269490d1\" data-id=\"269490d1\" data-element_type=\"column\" data-e-type=\"column\">\n\t\t\t<div class=\"elementor-widget-wrap elementor-element-populated\">\n\t\t\t\t\t\t<div class=\"elementor-element elementor-element-d206f3c elementor-zoom elementor-widget elementor-widget-image\" data-id=\"d206f3c\" data-element_type=\"widget\" data-e-type=\"widget\" data-widget_type=\"image.default\">\n\t\t\t\t<div class=\"elementor-widget-container\">\n\t\t\t\t\t\t\t\t\t\t\t\t\t\t\t\t<a href=\"https:\/\/musee.oceano.org\/de\/ausstellungen\/coral-guardian-fotoausstellung\/\" target=\"_blank\">\n\t\t\t\t\t\t\t<img decoding=\"async\" width=\"1024\" height=\"682\" src=\"https:\/\/musee.oceano.org\/wp-content\/uploads\/sites\/2\/2020\/08\/Photo-1-1024x682.jpg\" class=\"attachment-large size-large wp-image-25432\" alt=\"\" srcset=\"https:\/\/musee.oceano.org\/wp-content\/uploads\/sites\/2\/2020\/08\/Photo-1-1024x682.jpg 1024w, https:\/\/musee.oceano.org\/wp-content\/uploads\/sites\/2\/2020\/08\/Photo-1-300x200.jpg 300w, https:\/\/musee.oceano.org\/wp-content\/uploads\/sites\/2\/2020\/08\/Photo-1-768x512.jpg 768w, https:\/\/musee.oceano.org\/wp-content\/uploads\/sites\/2\/2020\/08\/Photo-1-1536x1024.jpg 1536w, https:\/\/musee.oceano.org\/wp-content\/uploads\/sites\/2\/2020\/08\/Photo-1.jpg 2000w\" sizes=\"(max-width: 1024px) 100vw, 1024px\" \/>\t\t\t\t\t\t\t\t<\/a>\n\t\t\t\t\t\t\t\t\t\t\t\t\t\t\t<\/div>\n\t\t\t\t<\/div>\n\t\t\t\t\t<\/div>\n\t\t<\/div>\n\t\t\t\t\t<\/div>\n\t\t<\/section>\n\t\t\t\t\t<\/div>\n\t\t<\/div>\n\t\t\t\t\t<\/div>\n\t\t<\/section>\n\t\t\t\t<section class=\"elementor-section elementor-top-section elementor-element elementor-element-5d0cf428 elementor-section-full_width elementor-section-height-default elementor-section-height-default\" data-id=\"5d0cf428\" data-element_type=\"section\" data-e-type=\"section\">\n\t\t\t\t\t\t<div class=\"elementor-container elementor-column-gap-default\">\n\t\t\t\t\t<div class=\"elementor-column elementor-col-100 elementor-top-column elementor-element elementor-element-49b05d9\" data-id=\"49b05d9\" data-element_type=\"column\" data-e-type=\"column\">\n\t\t\t<div class=\"elementor-widget-wrap elementor-element-populated\">\n\t\t\t\t\t\t<div class=\"elementor-element elementor-element-62b1ef41 elementor-widget elementor-widget-heading\" data-id=\"62b1ef41\" data-element_type=\"widget\" data-e-type=\"widget\" data-widget_type=\"heading.default\">\n\t\t\t\t<div class=\"elementor-widget-container\">\n\t\t\t\t\t<h2 class=\"elementor-heading-title elementor-size-default\">auch zu sehen<\/h2>\t\t\t\t<\/div>\n\t\t\t\t<\/div>\n\t\t\t\t\t<\/div>\n\t\t<\/div>\n\t\t\t\t\t<\/div>\n\t\t<\/section>\n\t\t\t\t<section class=\"elementor-section elementor-top-section elementor-element elementor-element-4d7c156c elementor-section-boxed elementor-section-height-default elementor-section-height-default\" data-id=\"4d7c156c\" data-element_type=\"section\" data-e-type=\"section\" data-settings=\"{&quot;background_background&quot;:&quot;classic&quot;}\">\n\t\t\t\t\t\t<div class=\"elementor-container elementor-column-gap-default\">\n\t\t\t\t\t<div class=\"elementor-column elementor-col-33 elementor-top-column elementor-element elementor-element-223bf75b\" data-id=\"223bf75b\" data-element_type=\"column\" data-e-type=\"column\">\n\t\t\t<div class=\"elementor-widget-wrap elementor-element-populated\">\n\t\t\t\t\t\t<div class=\"elementor-element elementor-element-6fd25e7d elementor-zoom elementor-widget elementor-widget-image\" data-id=\"6fd25e7d\" data-element_type=\"widget\" data-e-type=\"widget\" data-widget_type=\"image.default\">\n\t\t\t\t<div class=\"elementor-widget-container\">\n\t\t\t\t\t\t\t\t\t\t\t\t\t\t\t<img decoding=\"async\" src=\"https:\/\/musee.oceano.org\/wp-content\/uploads\/sites\/2\/elementor\/thumbs\/08_Animation-_bassin_tactile_20120719_M_Dagnino-scaled-rjyt4by7d5btnnqa4w5qnm1rrsfmmi8uut7hpeu6ne.jpg\" title=\"08_Animation _bassin_tactile_20120719_M_Dagnino\" alt=\"08_Animation _bassin_tactile_20120719_M_Dagnino\" loading=\"lazy\" \/>\t\t\t\t\t\t\t\t\t\t\t\t\t\t\t<\/div>\n\t\t\t\t<\/div>\n\t\t\t\t<div class=\"elementor-element elementor-element-2b2f96aa elementor-align-center elementor-widget elementor-widget-button\" data-id=\"2b2f96aa\" data-element_type=\"widget\" data-e-type=\"widget\" data-widget_type=\"button.default\">\n\t\t\t\t<div class=\"elementor-widget-container\">\n\t\t\t\t\t\t\t\t\t<div class=\"elementor-button-wrapper\">\n\t\t\t\t\t<a class=\"elementor-button elementor-button-link elementor-size-md\" href=\"https:\/\/musee.oceano.org\/de\/die-animationen\/\">\n\t\t\t\t\t\t<span class=\"elementor-button-content-wrapper\">\n\t\t\t\t\t\t\t\t\t<span class=\"elementor-button-text\">Nehmen Sie an den Animationen teil<\/span>\n\t\t\t\t\t<\/span>\n\t\t\t\t\t<\/a>\n\t\t\t\t<\/div>\n\t\t\t\t\t\t\t\t<\/div>\n\t\t\t\t<\/div>\n\t\t\t\t\t<\/div>\n\t\t<\/div>\n\t\t\t\t<div class=\"elementor-column elementor-col-33 elementor-top-column elementor-element elementor-element-2eca9bce\" data-id=\"2eca9bce\" data-element_type=\"column\" data-e-type=\"column\">\n\t\t\t<div class=\"elementor-widget-wrap elementor-element-populated\">\n\t\t\t\t\t\t<div class=\"elementor-element elementor-element-1a0c7056 elementor-zoom elementor-widget elementor-widget-image\" data-id=\"1a0c7056\" data-element_type=\"widget\" data-e-type=\"widget\" data-widget_type=\"image.default\">\n\t\t\t\t<div class=\"elementor-widget-container\">\n\t\t\t\t\t\t\t\t\t\t\t\t\t\t\t<img decoding=\"async\" src=\"https:\/\/musee.oceano.org\/wp-content\/uploads\/sites\/2\/elementor\/thumbs\/3-4-27_Vernissage-exposition-Borderline_20170503_M_Dagnino-scaled-rjyt4cw1jzd3z9owzekd83t8d6azu7cl6xuz6ossh6.jpg\" title=\"3-4-27_Vernissage-exposition-Borderline_20170503_M_Dagnino\" alt=\"3-4-27_Vernissage-exposition-Borderline_20170503_M_Dagnino\" loading=\"lazy\" \/>\t\t\t\t\t\t\t\t\t\t\t\t\t\t\t<\/div>\n\t\t\t\t<\/div>\n\t\t\t\t<div class=\"elementor-element elementor-element-65803232 elementor-align-center elementor-widget elementor-widget-button\" data-id=\"65803232\" data-element_type=\"widget\" data-e-type=\"widget\" data-widget_type=\"button.default\">\n\t\t\t\t<div class=\"elementor-widget-container\">\n\t\t\t\t\t\t\t\t\t<div class=\"elementor-button-wrapper\">\n\t\t\t\t\t<a class=\"elementor-button elementor-button-link elementor-size-md\" href=\"https:\/\/musee.oceano.org\/de\/die-ausstellungen\/\">\n\t\t\t\t\t\t<span class=\"elementor-button-content-wrapper\">\n\t\t\t\t\t\t\t\t\t<span class=\"elementor-button-text\">Besuchen Sie die Ausstellungen<\/span>\n\t\t\t\t\t<\/span>\n\t\t\t\t\t<\/a>\n\t\t\t\t<\/div>\n\t\t\t\t\t\t\t\t<\/div>\n\t\t\t\t<\/div>\n\t\t\t\t\t<\/div>\n\t\t<\/div>\n\t\t\t\t<div class=\"elementor-column elementor-col-33 elementor-top-column elementor-element elementor-element-30771605\" data-id=\"30771605\" data-element_type=\"column\" data-e-type=\"column\">\n\t\t\t<div class=\"elementor-widget-wrap elementor-element-populated\">\n\t\t\t\t\t\t<div class=\"elementor-element elementor-element-221edd35 elementor-zoom elementor-widget elementor-widget-image\" data-id=\"221edd35\" data-element_type=\"widget\" data-e-type=\"widget\" data-widget_type=\"image.default\">\n\t\t\t\t<div class=\"elementor-widget-container\">\n\t\t\t\t\t\t\t\t\t\t\t\t\t\t\t<img decoding=\"async\" src=\"https:\/\/musee.oceano.org\/wp-content\/uploads\/sites\/2\/elementor\/thumbs\/3-5-32_Grand-bac-2000_M_Dagnino-scaled-rjyt4erpxnfomhm6ofdmd3c5jy1q9lk1v75y58q04q.jpg\" title=\"3-5-32_Grand-bac-2000_M_Dagnino\" alt=\"3-5-32_Grand-bac-2000_M_Dagnino\" loading=\"lazy\" \/>\t\t\t\t\t\t\t\t\t\t\t\t\t\t\t<\/div>\n\t\t\t\t<\/div>\n\t\t\t\t<div class=\"elementor-element elementor-element-24e71e2f elementor-align-center elementor-widget elementor-widget-button\" data-id=\"24e71e2f\" data-element_type=\"widget\" data-e-type=\"widget\" data-widget_type=\"button.default\">\n\t\t\t\t<div class=\"elementor-widget-container\">\n\t\t\t\t\t\t\t\t\t<div class=\"elementor-button-wrapper\">\n\t\t\t\t\t<a class=\"elementor-button elementor-button-link elementor-size-md\" href=\"https:\/\/musee.oceano.org\/de\/aquarien\/\">\n\t\t\t\t\t\t<span class=\"elementor-button-content-wrapper\">\n\t\t\t\t\t\t\t\t\t<span class=\"elementor-button-text\">Entdecken Sie die Aquarien<\/span>\n\t\t\t\t\t<\/span>\n\t\t\t\t\t<\/a>\n\t\t\t\t<\/div>\n\t\t\t\t\t\t\t\t<\/div>\n\t\t\t\t<\/div>\n\t\t\t\t\t<\/div>\n\t\t<\/div>\n\t\t\t\t\t<\/div>\n\t\t<\/section>\n\t\t\t\t<\/div>\n\t\t","protected":false},"excerpt":{"rendered":"<p>Die Fotoausstellung &#8222;CORAIL&#8220; der NGO Coral Guardian erm\u00f6glicht es uns, die erstaunliche und sensible Beziehung zu entdecken, die zwischen lokalen Gemeinden und ihren Korallenriffen entstanden ist.<\/p>\n","protected":false},"author":12,"featured_media":25437,"comment_status":"closed","ping_status":"closed","sticky":false,"template":"","format":"standard","meta":{"_acf_changed":false,"footnotes":""},"categories":[332],"tags":[],"thematiques_actualites":[],"class_list":["post-28265","post","type-post","status-publish","format-standard","has-post-thumbnail","hentry","category-noticias-museo-oceanografico-de-monaco"],"acf":[],"yoast_head":"<!-- This site is optimized with the Yoast SEO plugin v27.2 - https:\/\/yoast.com\/product\/yoast-seo-wordpress\/ -->\n<title>Coral Guardian, die &quot;CORAIL&quot;-Ausstellung - Mus\u00e9e Oc\u00e9anographique de Monaco<\/title>\n<meta name=\"robots\" content=\"index, follow, max-snippet:-1, max-image-preview:large, max-video-preview:-1\" \/>\n<link rel=\"canonical\" href=\"https:\/\/musee.oceano.org\/de\/2021\/06\/29\/coral-guardian-die-corail-ausstellung\/\" \/>\n<meta property=\"og:locale\" content=\"de_DE\" \/>\n<meta property=\"og:type\" content=\"article\" \/>\n<meta property=\"og:title\" content=\"Coral Guardian, die &quot;CORAIL&quot;-Ausstellung - Mus\u00e9e Oc\u00e9anographique de Monaco\" \/>\n<meta property=\"og:description\" content=\"Die Fotoausstellung &quot;CORAIL&quot; der NGO Coral Guardian erm\u00f6glicht es uns, die erstaunliche und sensible Beziehung zu entdecken, die zwischen lokalen Gemeinden und ihren Korallenriffen entstanden ist.\" \/>\n<meta property=\"og:url\" content=\"https:\/\/musee.oceano.org\/de\/2021\/06\/29\/coral-guardian-die-corail-ausstellung\/\" \/>\n<meta property=\"og:site_name\" content=\"Mus\u00e9e Oc\u00e9anographique de Monaco\" \/>\n<meta property=\"article:published_time\" content=\"2021-06-29T15:38:20+00:00\" \/>\n<meta property=\"article:modified_time\" content=\"2021-07-13T10:16:17+00:00\" \/>\n<meta property=\"og:image\" content=\"https:\/\/musee.oceano.org\/wp-content\/uploads\/sites\/2\/2020\/08\/CORAIL-AFFICHE.jpg\" \/>\n\t<meta property=\"og:image:width\" content=\"1112\" \/>\n\t<meta property=\"og:image:height\" content=\"1097\" \/>\n\t<meta property=\"og:image:type\" content=\"image\/jpeg\" \/>\n<meta name=\"twitter:card\" content=\"summary_large_image\" \/>\n<meta name=\"twitter:label1\" content=\"Verfasst von\" \/>\n\t<meta name=\"twitter:data1\" content=\"\" \/>\n\t<meta name=\"twitter:label2\" content=\"Gesch\u00e4tzte Lesezeit\" \/>\n\t<meta name=\"twitter:data2\" content=\"3\u00a0Minuten\" \/>\n<script type=\"application\/ld+json\" class=\"yoast-schema-graph\">{\"@context\":\"https:\/\/schema.org\",\"@graph\":[{\"@type\":\"Article\",\"@id\":\"https:\/\/musee.oceano.org\/de\/2021\/06\/29\/coral-guardian-die-corail-ausstellung\/#article\",\"isPartOf\":{\"@id\":\"https:\/\/musee.oceano.org\/de\/2021\/06\/29\/coral-guardian-die-corail-ausstellung\/\"},\"author\":{\"name\":\"\",\"@id\":\"\"},\"headline\":\"Coral Guardian, die &#8222;CORAIL&#8220;-Ausstellung\",\"datePublished\":\"2021-06-29T15:38:20+00:00\",\"dateModified\":\"2021-07-13T10:16:17+00:00\",\"mainEntityOfPage\":{\"@id\":\"https:\/\/musee.oceano.org\/de\/2021\/06\/29\/coral-guardian-die-corail-ausstellung\/\"},\"wordCount\":250,\"image\":{\"@id\":\"https:\/\/musee.oceano.org\/de\/2021\/06\/29\/coral-guardian-die-corail-ausstellung\/#primaryimage\"},\"thumbnailUrl\":\"https:\/\/musee.oceano.org\/wp-content\/uploads\/sites\/2\/2020\/08\/CORAIL-AFFICHE.jpg\",\"articleSection\":[\"Noticias Museo Oceanogr\u00e1fico de M\u00f3naco\"],\"inLanguage\":\"de\"},{\"@type\":\"WebPage\",\"@id\":\"https:\/\/musee.oceano.org\/de\/2021\/06\/29\/coral-guardian-die-corail-ausstellung\/\",\"url\":\"https:\/\/musee.oceano.org\/de\/2021\/06\/29\/coral-guardian-die-corail-ausstellung\/\",\"name\":\"Coral Guardian, die \\\"CORAIL\\\"-Ausstellung - Mus\u00e9e Oc\u00e9anographique de Monaco\",\"isPartOf\":{\"@id\":\"https:\/\/musee.oceano.org\/#website\"},\"primaryImageOfPage\":{\"@id\":\"https:\/\/musee.oceano.org\/de\/2021\/06\/29\/coral-guardian-die-corail-ausstellung\/#primaryimage\"},\"image\":{\"@id\":\"https:\/\/musee.oceano.org\/de\/2021\/06\/29\/coral-guardian-die-corail-ausstellung\/#primaryimage\"},\"thumbnailUrl\":\"https:\/\/musee.oceano.org\/wp-content\/uploads\/sites\/2\/2020\/08\/CORAIL-AFFICHE.jpg\",\"datePublished\":\"2021-06-29T15:38:20+00:00\",\"dateModified\":\"2021-07-13T10:16:17+00:00\",\"author\":{\"@id\":\"\"},\"breadcrumb\":{\"@id\":\"https:\/\/musee.oceano.org\/de\/2021\/06\/29\/coral-guardian-die-corail-ausstellung\/#breadcrumb\"},\"inLanguage\":\"de\",\"potentialAction\":[{\"@type\":\"ReadAction\",\"target\":[\"https:\/\/musee.oceano.org\/de\/2021\/06\/29\/coral-guardian-die-corail-ausstellung\/\"]}]},{\"@type\":\"ImageObject\",\"inLanguage\":\"de\",\"@id\":\"https:\/\/musee.oceano.org\/de\/2021\/06\/29\/coral-guardian-die-corail-ausstellung\/#primaryimage\",\"url\":\"https:\/\/musee.oceano.org\/wp-content\/uploads\/sites\/2\/2020\/08\/CORAIL-AFFICHE.jpg\",\"contentUrl\":\"https:\/\/musee.oceano.org\/wp-content\/uploads\/sites\/2\/2020\/08\/CORAIL-AFFICHE.jpg\",\"width\":1112,\"height\":1097,\"caption\":\"MARTIN COLOGNOLI - CORAL GUARDIAN\"},{\"@type\":\"BreadcrumbList\",\"@id\":\"https:\/\/musee.oceano.org\/de\/2021\/06\/29\/coral-guardian-die-corail-ausstellung\/#breadcrumb\",\"itemListElement\":[{\"@type\":\"ListItem\",\"position\":1,\"name\":\"Home\",\"item\":\"https:\/\/musee.oceano.org\/de\/\"},{\"@type\":\"ListItem\",\"position\":2,\"name\":\"Coral Guardian, die &#8222;CORAIL&#8220;-Ausstellung\"}]},{\"@type\":\"WebSite\",\"@id\":\"https:\/\/musee.oceano.org\/#website\",\"url\":\"https:\/\/musee.oceano.org\/\",\"name\":\"Mus\u00e9e Oc\u00e9anographique de Monaco\",\"description\":\"Faire conna\u00eetre, aimer et prot\u00e9ger les oc\u00e9ans\",\"potentialAction\":[{\"@type\":\"SearchAction\",\"target\":{\"@type\":\"EntryPoint\",\"urlTemplate\":\"https:\/\/musee.oceano.org\/?s={search_term_string}\"},\"query-input\":{\"@type\":\"PropertyValueSpecification\",\"valueRequired\":true,\"valueName\":\"search_term_string\"}}],\"inLanguage\":\"de\"},{\"@type\":\"Person\",\"@id\":\"\"}]}<\/script>\n<!-- \/ Yoast SEO plugin. -->","yoast_head_json":{"title":"Coral Guardian, die \"CORAIL\"-Ausstellung - Mus\u00e9e Oc\u00e9anographique de Monaco","robots":{"index":"index","follow":"follow","max-snippet":"max-snippet:-1","max-image-preview":"max-image-preview:large","max-video-preview":"max-video-preview:-1"},"canonical":"https:\/\/musee.oceano.org\/de\/2021\/06\/29\/coral-guardian-die-corail-ausstellung\/","og_locale":"de_DE","og_type":"article","og_title":"Coral Guardian, die \"CORAIL\"-Ausstellung - Mus\u00e9e Oc\u00e9anographique de Monaco","og_description":"Die Fotoausstellung \"CORAIL\" der NGO Coral Guardian erm\u00f6glicht es uns, die erstaunliche und sensible Beziehung zu entdecken, die zwischen lokalen Gemeinden und ihren Korallenriffen entstanden ist.","og_url":"https:\/\/musee.oceano.org\/de\/2021\/06\/29\/coral-guardian-die-corail-ausstellung\/","og_site_name":"Mus\u00e9e Oc\u00e9anographique de Monaco","article_published_time":"2021-06-29T15:38:20+00:00","article_modified_time":"2021-07-13T10:16:17+00:00","og_image":[{"width":1112,"height":1097,"url":"https:\/\/musee.oceano.org\/wp-content\/uploads\/sites\/2\/2020\/08\/CORAIL-AFFICHE.jpg","type":"image\/jpeg"}],"twitter_card":"summary_large_image","twitter_misc":{"Verfasst von":"","Gesch\u00e4tzte Lesezeit":"3\u00a0Minuten"},"schema":{"@context":"https:\/\/schema.org","@graph":[{"@type":"Article","@id":"https:\/\/musee.oceano.org\/de\/2021\/06\/29\/coral-guardian-die-corail-ausstellung\/#article","isPartOf":{"@id":"https:\/\/musee.oceano.org\/de\/2021\/06\/29\/coral-guardian-die-corail-ausstellung\/"},"author":{"name":"","@id":""},"headline":"Coral Guardian, die &#8222;CORAIL&#8220;-Ausstellung","datePublished":"2021-06-29T15:38:20+00:00","dateModified":"2021-07-13T10:16:17+00:00","mainEntityOfPage":{"@id":"https:\/\/musee.oceano.org\/de\/2021\/06\/29\/coral-guardian-die-corail-ausstellung\/"},"wordCount":250,"image":{"@id":"https:\/\/musee.oceano.org\/de\/2021\/06\/29\/coral-guardian-die-corail-ausstellung\/#primaryimage"},"thumbnailUrl":"https:\/\/musee.oceano.org\/wp-content\/uploads\/sites\/2\/2020\/08\/CORAIL-AFFICHE.jpg","articleSection":["Noticias Museo Oceanogr\u00e1fico de M\u00f3naco"],"inLanguage":"de"},{"@type":"WebPage","@id":"https:\/\/musee.oceano.org\/de\/2021\/06\/29\/coral-guardian-die-corail-ausstellung\/","url":"https:\/\/musee.oceano.org\/de\/2021\/06\/29\/coral-guardian-die-corail-ausstellung\/","name":"Coral Guardian, die \"CORAIL\"-Ausstellung - Mus\u00e9e Oc\u00e9anographique de Monaco","isPartOf":{"@id":"https:\/\/musee.oceano.org\/#website"},"primaryImageOfPage":{"@id":"https:\/\/musee.oceano.org\/de\/2021\/06\/29\/coral-guardian-die-corail-ausstellung\/#primaryimage"},"image":{"@id":"https:\/\/musee.oceano.org\/de\/2021\/06\/29\/coral-guardian-die-corail-ausstellung\/#primaryimage"},"thumbnailUrl":"https:\/\/musee.oceano.org\/wp-content\/uploads\/sites\/2\/2020\/08\/CORAIL-AFFICHE.jpg","datePublished":"2021-06-29T15:38:20+00:00","dateModified":"2021-07-13T10:16:17+00:00","author":{"@id":""},"breadcrumb":{"@id":"https:\/\/musee.oceano.org\/de\/2021\/06\/29\/coral-guardian-die-corail-ausstellung\/#breadcrumb"},"inLanguage":"de","potentialAction":[{"@type":"ReadAction","target":["https:\/\/musee.oceano.org\/de\/2021\/06\/29\/coral-guardian-die-corail-ausstellung\/"]}]},{"@type":"ImageObject","inLanguage":"de","@id":"https:\/\/musee.oceano.org\/de\/2021\/06\/29\/coral-guardian-die-corail-ausstellung\/#primaryimage","url":"https:\/\/musee.oceano.org\/wp-content\/uploads\/sites\/2\/2020\/08\/CORAIL-AFFICHE.jpg","contentUrl":"https:\/\/musee.oceano.org\/wp-content\/uploads\/sites\/2\/2020\/08\/CORAIL-AFFICHE.jpg","width":1112,"height":1097,"caption":"MARTIN COLOGNOLI - CORAL GUARDIAN"},{"@type":"BreadcrumbList","@id":"https:\/\/musee.oceano.org\/de\/2021\/06\/29\/coral-guardian-die-corail-ausstellung\/#breadcrumb","itemListElement":[{"@type":"ListItem","position":1,"name":"Home","item":"https:\/\/musee.oceano.org\/de\/"},{"@type":"ListItem","position":2,"name":"Coral Guardian, die &#8222;CORAIL&#8220;-Ausstellung"}]},{"@type":"WebSite","@id":"https:\/\/musee.oceano.org\/#website","url":"https:\/\/musee.oceano.org\/","name":"Mus\u00e9e Oc\u00e9anographique de Monaco","description":"Faire conna\u00eetre, aimer et prot\u00e9ger les oc\u00e9ans","potentialAction":[{"@type":"SearchAction","target":{"@type":"EntryPoint","urlTemplate":"https:\/\/musee.oceano.org\/?s={search_term_string}"},"query-input":{"@type":"PropertyValueSpecification","valueRequired":true,"valueName":"search_term_string"}}],"inLanguage":"de"},{"@type":"Person","@id":""}]}},"_links":{"self":[{"href":"https:\/\/musee.oceano.org\/de\/wp-json\/wp\/v2\/posts\/28265","targetHints":{"allow":["GET"]}}],"collection":[{"href":"https:\/\/musee.oceano.org\/de\/wp-json\/wp\/v2\/posts"}],"about":[{"href":"https:\/\/musee.oceano.org\/de\/wp-json\/wp\/v2\/types\/post"}],"author":[{"embeddable":true,"href":"https:\/\/musee.oceano.org\/de\/wp-json\/wp\/v2\/users\/12"}],"replies":[{"embeddable":true,"href":"https:\/\/musee.oceano.org\/de\/wp-json\/wp\/v2\/comments?post=28265"}],"version-history":[{"count":5,"href":"https:\/\/musee.oceano.org\/de\/wp-json\/wp\/v2\/posts\/28265\/revisions"}],"predecessor-version":[{"id":32627,"href":"https:\/\/musee.oceano.org\/de\/wp-json\/wp\/v2\/posts\/28265\/revisions\/32627"}],"wp:featuredmedia":[{"embeddable":true,"href":"https:\/\/musee.oceano.org\/de\/wp-json\/wp\/v2\/media\/25437"}],"wp:attachment":[{"href":"https:\/\/musee.oceano.org\/de\/wp-json\/wp\/v2\/media?parent=28265"}],"wp:term":[{"taxonomy":"category","embeddable":true,"href":"https:\/\/musee.oceano.org\/de\/wp-json\/wp\/v2\/categories?post=28265"},{"taxonomy":"post_tag","embeddable":true,"href":"https:\/\/musee.oceano.org\/de\/wp-json\/wp\/v2\/tags?post=28265"},{"taxonomy":"thematiques_actualites","embeddable":true,"href":"https:\/\/musee.oceano.org\/de\/wp-json\/wp\/v2\/thematiques_actualites?post=28265"}],"curies":[{"name":"wp","href":"https:\/\/api.w.org\/{rel}","templated":true}]}}