{"id":48707,"date":"2024-05-15T14:13:07","date_gmt":"2024-05-15T12:13:07","guid":{"rendered":"https:\/\/musee.oceano.org\/2024\/05\/15\/die-eisriesen-schliessen-sich-der-polarmission-im-ozeanographischen-museum-von-monaco-an\/"},"modified":"2024-05-15T14:13:11","modified_gmt":"2024-05-15T12:13:11","slug":"die-eisriesen-schliessen-sich-der-polarmission-im-ozeanographischen-museum-von-monaco-an","status":"publish","type":"post","link":"https:\/\/musee.oceano.org\/de\/2024\/05\/15\/die-eisriesen-schliessen-sich-der-polarmission-im-ozeanographischen-museum-von-monaco-an\/","title":{"rendered":"Die Eisriesen schlie\u00dfen sich der Polarmission im Ozeanographischen Museum von Monaco an"},"content":{"rendered":"\t\t<div data-elementor-type=\"wp-post\" data-elementor-id=\"48707\" class=\"elementor elementor-48707 elementor-48581\" data-elementor-post-type=\"post\">\n\t\t\t\t\t\t<section class=\"elementor-section elementor-top-section elementor-element elementor-element-462337c elementor-section-boxed elementor-section-height-default elementor-section-height-default\" data-id=\"462337c\" data-element_type=\"section\" data-e-type=\"section\">\n\t\t\t\t\t\t<div class=\"elementor-container elementor-column-gap-default\">\n\t\t\t\t\t<div class=\"elementor-column elementor-col-100 elementor-top-column elementor-element elementor-element-81696b5\" data-id=\"81696b5\" data-element_type=\"column\" data-e-type=\"column\">\n\t\t\t<div class=\"elementor-widget-wrap elementor-element-populated\">\n\t\t\t\t\t\t<div class=\"elementor-element elementor-element-83f5148 elementor-widget__width-auto elementor-view-default elementor-widget elementor-widget-icon\" data-id=\"83f5148\" data-element_type=\"widget\" data-e-type=\"widget\" data-widget_type=\"icon.default\">\n\t\t\t\t<div class=\"elementor-widget-container\">\n\t\t\t\t\t\t\t<div class=\"elementor-icon-wrapper\">\n\t\t\t<div class=\"elementor-icon\">\n\t\t\t<svg xmlns=\"http:\/\/www.w3.org\/2000\/svg\" width=\"52.014\" height=\"45.594\" viewBox=\"0 0 52.014 45.594\"><g id=\"noun_Megaphone_1453916\" transform=\"matrix(-0.999, 0.035, -0.035, -0.999, 57.809, 59.413)\"><g id=\"Groupe_2101\" data-name=\"Groupe 2101\" transform=\"translate(4.748 15.275)\"><path id=\"Soustraction_1\" data-name=\"Soustraction 1\" d=\"M3582.53-2756.311a.684.684,0,0,1-.6-.427.546.546,0,0,1,.154-.634l5.407-5.406a.592.592,0,0,1,.421-.2.687.687,0,0,1,.6.428.546.546,0,0,1-.155.634l-5.406,5.406A.6.6,0,0,1,3582.53-2756.311Zm14.425-2.926a.58.58,0,0,1-.6-.49l-8.554-32.133-.015-.047c-.138-.367-.115-.551-.079-.6s.171-.1.4-.1a3.076,3.076,0,0,1,.791.127c.452.191.916.4,1.407.617l.014.006.108.048a38.427,38.427,0,0,0,13.412,3.713l.713.066-2.45-9.238-.009-.03a.525.525,0,0,1,.057-.4.722.722,0,0,1,.461-.348l7.851-2.094a.958.958,0,0,1,.232-.028.712.712,0,0,1,.728.537l2.917,11.122.48-.12c.723-.181,1.516-.442,2.283-.7l.011,0,.01,0,.006,0a13.836,13.836,0,0,1,3.491-.865c.641,0,.715.245.746.349l3.133,11.661c.105.545-.03.676-.491.793a44.08,44.08,0,0,0-8.359,2.359,33.986,33.986,0,0,0-6.926,3.713,45.276,45.276,0,0,0-11.177,11.743l-.018.028A.653.653,0,0,1,3596.955-2759.236Zm-7.6-31.633h0l7.845,29.327,4.1-4.957-5.895-21.969-.267-.08a40.4,40.4,0,0,1-4.819-1.894l0,0-.957-.425Zm7.547,2.8,5.5,20.5.611-.612a38.838,38.838,0,0,1,6.822-5.467,33.157,33.157,0,0,1,7.967-3.651l.463-.141-2.689-9.988-.459.092a38.478,38.478,0,0,1-7.629.792,38.8,38.8,0,0,1-9.761-1.308l-.83-.213Zm23.371-.829h0l-3.391,1.211,2.689,9.8,3.416-.732-2.714-10.276Zm-10.111-9.9h0l-6.533,1.837,2.3,9,.343.037a18.924,18.924,0,0,0,2.069.107,17.967,17.967,0,0,0,4.211-.468l.5-.125-2.887-10.394Zm-33.885,28.1c-.287,0-.462-.276-.5-.531a.724.724,0,0,1,.527-.833l6.983-1.746.026-.01a.681.681,0,0,1,.23-.045.57.57,0,0,1,.509.55.55.55,0,0,1-.5.632l-7,1.925-.044.014A.645.645,0,0,1,3576.274-2770.7Zm5.176-12.778a.483.483,0,0,1-.11-.014l-6.793-1.916-.027-.007c-.524-.116-.521-.673-.5-.906.049-.446.321-.926.673-.926a.542.542,0,0,1,.111.014l6.793,1.916.027.006c.526.118.521.673.495.906C3582.074-2783.962,3581.8-2783.481,3581.45-2783.481Z\" transform=\"translate(-3573.516 2800.669)\" fill=\"#fff\"><\/path><\/g><\/g><\/svg>\t\t\t<\/div>\n\t\t<\/div>\n\t\t\t\t\t\t<\/div>\n\t\t\t\t<\/div>\n\t\t\t\t<div class=\"elementor-element elementor-element-6e7d72d elementor-widget__width-auto elementor-widget elementor-widget-heading\" data-id=\"6e7d72d\" data-element_type=\"widget\" data-e-type=\"widget\" data-widget_type=\"heading.default\">\n\t\t\t\t<div class=\"elementor-widget-container\">\n\t\t\t\t\t<div class=\"elementor-heading-title elementor-size-default\">Museumsnachrichten<\/div>\t\t\t\t<\/div>\n\t\t\t\t<\/div>\n\t\t\t\t<div class=\"elementor-element elementor-element-9bacfae ee-breadcrumbs-align-left elementor-widget elementor-widget-ee-breadcrumbs\" data-id=\"9bacfae\" data-element_type=\"widget\" data-e-type=\"widget\" data-widget_type=\"ee-breadcrumbs.default\">\n\t\t\t\t<div class=\"elementor-widget-container\">\n\t\t\t\t\t<ul class=\"ee-breadcrumbs\" itemscope=\"\" itemtype=\"http:\/\/schema.org\/BreadcrumbList\"><\/ul>\t\t\t\t<\/div>\n\t\t\t\t<\/div>\n\t\t\t\t\t<\/div>\n\t\t<\/div>\n\t\t\t\t\t<\/div>\n\t\t<\/section>\n\t\t\t\t<section class=\"elementor-section elementor-top-section elementor-element elementor-element-9cf7b8a elementor-section-boxed elementor-section-height-default elementor-section-height-default\" data-id=\"9cf7b8a\" data-element_type=\"section\" data-e-type=\"section\">\n\t\t\t\t\t\t<div class=\"elementor-container elementor-column-gap-default\">\n\t\t\t\t\t<div class=\"elementor-column elementor-col-100 elementor-top-column elementor-element elementor-element-afd9396\" data-id=\"afd9396\" data-element_type=\"column\" data-e-type=\"column\" data-settings=\"{&quot;background_background&quot;:&quot;classic&quot;}\">\n\t\t\t<div class=\"elementor-widget-wrap elementor-element-populated\">\n\t\t\t\t\t\t<section class=\"elementor-section elementor-inner-section elementor-element elementor-element-904d16c elementor-section-boxed elementor-section-height-default elementor-section-height-default\" data-id=\"904d16c\" data-element_type=\"section\" data-e-type=\"section\">\n\t\t\t\t\t\t<div class=\"elementor-container elementor-column-gap-default\">\n\t\t\t\t\t<div class=\"elementor-column elementor-col-100 elementor-inner-column elementor-element elementor-element-bd52410\" data-id=\"bd52410\" data-element_type=\"column\" data-e-type=\"column\">\n\t\t\t<div class=\"elementor-widget-wrap elementor-element-populated\">\n\t\t\t\t\t\t<div class=\"elementor-element elementor-element-53b898f elementor-widget elementor-widget-heading\" data-id=\"53b898f\" data-element_type=\"widget\" data-e-type=\"widget\" data-widget_type=\"heading.default\">\n\t\t\t\t<div class=\"elementor-widget-container\">\n\t\t\t\t\t<h1 class=\"elementor-heading-title elementor-size-default\">Die Eisriesen schlie\u00dfen sich der Polarmission im Ozeanographischen Museum von Monaco an<\/h1>\t\t\t\t<\/div>\n\t\t\t\t<\/div>\n\t\t\t\t<div class=\"elementor-element elementor-element-6ff3f30 elementor-icon-list--layout-inline elementor-align-center elementor-list-item-link-full_width elementor-widget elementor-widget-icon-list\" data-id=\"6ff3f30\" data-element_type=\"widget\" data-e-type=\"widget\" data-widget_type=\"icon-list.default\">\n\t\t\t\t<div class=\"elementor-widget-container\">\n\t\t\t\t\t\t\t<ul class=\"elementor-icon-list-items elementor-inline-items\">\n\t\t\t\t\t\t\t<li class=\"elementor-icon-list-item elementor-inline-item\">\n\t\t\t\t\t\t\t\t\t\t<span class=\"elementor-icon-list-text\">Abspielzeit: 2min<\/span>\n\t\t\t\t\t\t\t\t\t<\/li>\n\t\t\t\t\t\t\t\t<li class=\"elementor-icon-list-item elementor-inline-item\">\n\t\t\t\t\t\t\t\t\t\t<span class=\"elementor-icon-list-text\">Date : 15.05.2024<\/span>\n\t\t\t\t\t\t\t\t\t<\/li>\n\t\t\t\t\t\t<\/ul>\n\t\t\t\t\t\t<\/div>\n\t\t\t\t<\/div>\n\t\t\t\t<div class=\"elementor-element elementor-element-c9433fe elementor-share-buttons--view-icon elementor-share-buttons--skin-framed elementor-share-buttons--shape-circle elementor-share-buttons--color-custom elementor-grid-0 elementor-widget elementor-widget-share-buttons\" data-id=\"c9433fe\" data-element_type=\"widget\" data-e-type=\"widget\" data-widget_type=\"share-buttons.default\">\n\t\t\t\t<div class=\"elementor-widget-container\">\n\t\t\t\t\t\t\t<div class=\"elementor-grid\" role=\"list\">\n\t\t\t\t\t\t\t\t<div class=\"elementor-grid-item\" role=\"listitem\">\n\t\t\t\t\t\t<div class=\"elementor-share-btn elementor-share-btn_twitter\" role=\"button\" tabindex=\"0\" aria-label=\"Teilen auf twitter\">\n\t\t\t\t\t\t\t\t\t\t\t\t\t\t\t<span class=\"elementor-share-btn__icon\">\n\t\t\t\t\t\t\t\t<i class=\"fab fa-twitter\" aria-hidden=\"true\"><\/i>\t\t\t\t\t\t\t<\/span>\n\t\t\t\t\t\t\t\t\t\t\t\t\t\t\t\t\t\t\t\t<\/div>\n\t\t\t\t\t<\/div>\n\t\t\t\t\t\t\t\t\t<div class=\"elementor-grid-item\" role=\"listitem\">\n\t\t\t\t\t\t<div class=\"elementor-share-btn elementor-share-btn_facebook\" role=\"button\" tabindex=\"0\" aria-label=\"Teilen auf facebook\">\n\t\t\t\t\t\t\t\t\t\t\t\t\t\t\t<span class=\"elementor-share-btn__icon\">\n\t\t\t\t\t\t\t\t<i class=\"fab fa-facebook\" aria-hidden=\"true\"><\/i>\t\t\t\t\t\t\t<\/span>\n\t\t\t\t\t\t\t\t\t\t\t\t\t\t\t\t\t\t\t\t<\/div>\n\t\t\t\t\t<\/div>\n\t\t\t\t\t\t\t\t\t<div class=\"elementor-grid-item\" role=\"listitem\">\n\t\t\t\t\t\t<div class=\"elementor-share-btn elementor-share-btn_linkedin\" role=\"button\" tabindex=\"0\" aria-label=\"Teilen auf linkedin\">\n\t\t\t\t\t\t\t\t\t\t\t\t\t\t\t<span class=\"elementor-share-btn__icon\">\n\t\t\t\t\t\t\t\t<i class=\"fab fa-linkedin\" aria-hidden=\"true\"><\/i>\t\t\t\t\t\t\t<\/span>\n\t\t\t\t\t\t\t\t\t\t\t\t\t\t\t\t\t\t\t\t<\/div>\n\t\t\t\t\t<\/div>\n\t\t\t\t\t\t<\/div>\n\t\t\t\t\t\t<\/div>\n\t\t\t\t<\/div>\n\t\t\t\t\t<\/div>\n\t\t<\/div>\n\t\t\t\t\t<\/div>\n\t\t<\/section>\n\t\t\t\t<section class=\"elementor-section elementor-inner-section elementor-element elementor-element-80fe436 elementor-section-boxed elementor-section-height-default elementor-section-height-default\" data-id=\"80fe436\" data-element_type=\"section\" data-e-type=\"section\">\n\t\t\t\t\t\t<div class=\"elementor-container elementor-column-gap-default\">\n\t\t\t\t\t<div class=\"elementor-column elementor-col-50 elementor-inner-column elementor-element elementor-element-7ccb544\" data-id=\"7ccb544\" data-element_type=\"column\" data-e-type=\"column\">\n\t\t\t<div class=\"elementor-widget-wrap elementor-element-populated\">\n\t\t\t\t\t\t<div class=\"elementor-element elementor-element-2b237a2 elementor-widget elementor-widget-heading\" data-id=\"2b237a2\" data-element_type=\"widget\" data-e-type=\"widget\" data-widget_type=\"heading.default\">\n\t\t\t\t<div class=\"elementor-widget-container\">\n\t\t\t\t\t<h3 class=\"elementor-heading-title elementor-size-default\">Die Ausstellung \"Mission Polar\"<\/h3>\t\t\t\t<\/div>\n\t\t\t\t<\/div>\n\t\t\t\t<div class=\"elementor-element elementor-element-069a8f4 elementor-widget elementor-widget-text-editor\" data-id=\"069a8f4\" data-element_type=\"widget\" data-e-type=\"widget\" data-widget_type=\"text-editor.default\">\n\t\t\t\t<div class=\"elementor-widget-container\">\n\t\t\t\t\t\t\t\t\t<p>Mehr als eine Million Besucher hatten bereits die Gelegenheit, in das Herz der Arktis und Antarktis einzutauchen und dabei mehr \u00fcber die gro\u00dfen Entdecker zu erfahren, die sich dorthin gewagt haben, \u00fcber die Arten, die sich an diese extremen Lebensr\u00e4ume angepasst haben, sowie \u00fcber die faszinierende Kultur der Inuit&#8230; In dieser Ausstellung und ihren f\u00fcnf Themenbereichen erkunden Sie die Geheimnisse des Nord- und S\u00fcdpols und verstehen die Herausforderungen der wissenschaftlichen Polarforschung. Der H\u00f6hepunkt des Besuchs ist der Raum &#8222;IMMERSION&#8220;, in dem Sie die Sch\u00f6nheit, aber auch die Zerbrechlichkeit der polaren Welten hautnah erleben k\u00f6nnen! Setzen Sie sich am Ende der Tour f\u00fcr den Erhalt dieser einzigartigen \u00d6kosysteme ein, indem Sie das Projekt zur Einrichtung von drei gro\u00dfen Meeresschutzgebieten im S\u00fcdpolarmeer unterst\u00fctzen &#8211; das sind fast 3,8 Millionen Quadratkilometer gesch\u00fctzter Fl\u00e4che!<\/p>\n\t\t\t\t\t\t\t\t<\/div>\n\t\t\t\t<\/div>\n\t\t\t\t\t<\/div>\n\t\t<\/div>\n\t\t\t\t<div class=\"elementor-column elementor-col-50 elementor-inner-column elementor-element elementor-element-3863323\" data-id=\"3863323\" data-element_type=\"column\" data-e-type=\"column\">\n\t\t\t<div class=\"elementor-widget-wrap elementor-element-populated\">\n\t\t\t\t\t\t<div class=\"elementor-element elementor-element-d235f74 elementor-widget elementor-widget-video\" data-id=\"d235f74\" data-element_type=\"widget\" data-e-type=\"widget\" data-settings=\"{&quot;youtube_url&quot;:&quot;https:\\\/\\\/youtu.be\\\/Ch9YGY4hE1w?si=shRC3B8bpidHCXMV&quot;,&quot;video_type&quot;:&quot;youtube&quot;,&quot;controls&quot;:&quot;yes&quot;}\" data-widget_type=\"video.default\">\n\t\t\t\t<div class=\"elementor-widget-container\">\n\t\t\t\t\t\t\t<div class=\"elementor-wrapper elementor-open-inline\">\n\t\t\t<div class=\"elementor-video\"><\/div>\t\t<\/div>\n\t\t\t\t\t\t<\/div>\n\t\t\t\t<\/div>\n\t\t\t\t<div class=\"elementor-element elementor-element-97c10c1 elementor-align-center elementor-widget elementor-widget-button\" data-id=\"97c10c1\" data-element_type=\"widget\" data-e-type=\"widget\" data-widget_type=\"button.default\">\n\t\t\t\t<div class=\"elementor-widget-container\">\n\t\t\t\t\t\t\t\t\t<div class=\"elementor-button-wrapper\">\n\t\t\t\t\t<a class=\"elementor-button elementor-button-link elementor-size-sm\" href=\"https:\/\/musee.oceano.org\/de\/die-polar-mission-route\/\">\n\t\t\t\t\t\t<span class=\"elementor-button-content-wrapper\">\n\t\t\t\t\t\t\t\t\t<span class=\"elementor-button-text\">Entdecken Sie die Ausstellung<\/span>\n\t\t\t\t\t<\/span>\n\t\t\t\t\t<\/a>\n\t\t\t\t<\/div>\n\t\t\t\t\t\t\t\t<\/div>\n\t\t\t\t<\/div>\n\t\t\t\t\t<\/div>\n\t\t<\/div>\n\t\t\t\t\t<\/div>\n\t\t<\/section>\n\t\t\t\t<section class=\"elementor-section elementor-inner-section elementor-element elementor-element-3bf7ae1 elementor-section-boxed elementor-section-height-default elementor-section-height-default\" data-id=\"3bf7ae1\" data-element_type=\"section\" data-e-type=\"section\">\n\t\t\t\t\t\t<div class=\"elementor-container elementor-column-gap-default\">\n\t\t\t\t\t<div class=\"elementor-column elementor-col-50 elementor-inner-column elementor-element elementor-element-8e680f2\" data-id=\"8e680f2\" data-element_type=\"column\" data-e-type=\"column\">\n\t\t\t<div class=\"elementor-widget-wrap elementor-element-populated\">\n\t\t\t\t\t\t<div class=\"elementor-element elementor-element-28d3ea2 elementor-widget elementor-widget-video\" data-id=\"28d3ea2\" data-element_type=\"widget\" data-e-type=\"widget\" data-settings=\"{&quot;video_type&quot;:&quot;hosted&quot;,&quot;controls&quot;:&quot;yes&quot;}\" data-widget_type=\"video.default\">\n\t\t\t\t<div class=\"elementor-widget-container\">\n\t\t\t\t\t\t\t<div class=\"e-hosted-video elementor-wrapper elementor-open-inline\">\n\t\t\t\t\t<video class=\"elementor-video\" src=\"https:\/\/musee.oceano.org\/wp-content\/uploads\/2024\/04\/TEASER_GEANTS_DES_GLACES.mp4\" controls=\"\" preload=\"metadata\" controlsList=\"nodownload\"><\/video>\n\t\t\t\t<\/div>\n\t\t\t\t\t\t<\/div>\n\t\t\t\t<\/div>\n\t\t\t\t\t<\/div>\n\t\t<\/div>\n\t\t\t\t<div class=\"elementor-column elementor-col-50 elementor-inner-column elementor-element elementor-element-9541edc\" data-id=\"9541edc\" data-element_type=\"column\" data-e-type=\"column\">\n\t\t\t<div class=\"elementor-widget-wrap elementor-element-populated\">\n\t\t\t\t\t\t<div class=\"elementor-element elementor-element-afc5b40 elementor-widget elementor-widget-heading\" data-id=\"afc5b40\" data-element_type=\"widget\" data-e-type=\"widget\" data-widget_type=\"heading.default\">\n\t\t\t\t<div class=\"elementor-widget-container\">\n\t\t\t\t\t<h3 class=\"elementor-heading-title elementor-size-default\">Die Ausstellung \"Eisriesen\".<\/h3>\t\t\t\t<\/div>\n\t\t\t\t<\/div>\n\t\t\t\t<div class=\"elementor-element elementor-element-b186b31 elementor-widget elementor-widget-text-editor\" data-id=\"b186b31\" data-element_type=\"widget\" data-e-type=\"widget\" data-widget_type=\"text-editor.default\">\n\t\t\t\t<div class=\"elementor-widget-container\">\n\t\t\t\t\t\t\t\t\t<p><em>Vom 10. April bis zum 06<\/em>. Oktober 2024 sind Eisb\u00e4ren und Kaiserpinguine die Protagonisten der neuen Ausstellung Indem sie diese Arten ins Rampenlicht stellen, m\u00f6chten das Ozeanographische Institut und der K\u00fcnstler in Zusammenarbeit mit den Galeries Bartoux die Besucher bewegen und f\u00fcr die gro\u00dfen Herausforderungen der Polarregionen sensibilisieren. Entdecken Sie diese neuen polaren Bewohner in der Empfangshalle und auf der Dachterrasse!<\/p>\n\t\t\t\t\t\t\t\t<\/div>\n\t\t\t\t<\/div>\n\t\t\t\t<div class=\"elementor-element elementor-element-6a0d139 elementor-align-center elementor-widget elementor-widget-button\" data-id=\"6a0d139\" data-element_type=\"widget\" data-e-type=\"widget\" data-widget_type=\"button.default\">\n\t\t\t\t<div class=\"elementor-widget-container\">\n\t\t\t\t\t\t\t\t\t<div class=\"elementor-button-wrapper\">\n\t\t\t\t\t<a class=\"elementor-button elementor-button-link elementor-size-sm\" href=\"https:\/\/musee.oceano.org\/de\/ausstellung-die-eisriesen-von-michel-bassompierre\/\">\n\t\t\t\t\t\t<span class=\"elementor-button-content-wrapper\">\n\t\t\t\t\t\t\t\t\t<span class=\"elementor-button-text\">Entdecken Sie die Ausstellung<\/span>\n\t\t\t\t\t<\/span>\n\t\t\t\t\t<\/a>\n\t\t\t\t<\/div>\n\t\t\t\t\t\t\t\t<\/div>\n\t\t\t\t<\/div>\n\t\t\t\t\t<\/div>\n\t\t<\/div>\n\t\t\t\t\t<\/div>\n\t\t<\/section>\n\t\t\t\t<section class=\"elementor-section elementor-inner-section elementor-element elementor-element-563d449 elementor-section-boxed elementor-section-height-default elementor-section-height-default\" data-id=\"563d449\" data-element_type=\"section\" data-e-type=\"section\">\n\t\t\t\t\t\t<div class=\"elementor-container elementor-column-gap-default\">\n\t\t\t\t\t<div class=\"elementor-column elementor-col-50 elementor-inner-column elementor-element elementor-element-567e03f\" data-id=\"567e03f\" data-element_type=\"column\" data-e-type=\"column\">\n\t\t\t<div class=\"elementor-widget-wrap elementor-element-populated\">\n\t\t\t\t\t\t<div class=\"elementor-element elementor-element-9c0e41e elementor-widget elementor-widget-heading\" data-id=\"9c0e41e\" data-element_type=\"widget\" data-e-type=\"widget\" data-widget_type=\"heading.default\">\n\t\t\t\t<div class=\"elementor-widget-container\">\n\t\t\t\t\t<h3 class=\"elementor-heading-title elementor-size-default\">\"Das Lebendige skulpturieren\"\nEin Vortrag von und mit Michel Bassompierre im Ozeanographischen Museum von Monaco<\/h3>\t\t\t\t<\/div>\n\t\t\t\t<\/div>\n\t\t\t\t<div class=\"elementor-element elementor-element-f359a87 elementor-widget elementor-widget-text-editor\" data-id=\"f359a87\" data-element_type=\"widget\" data-e-type=\"widget\" data-widget_type=\"text-editor.default\">\n\t\t\t\t<div class=\"elementor-widget-container\">\n\t\t\t\t\t\t\t\t\tAls H\u00f6hepunkt der Ausstellung Die Eisriesen von Michel BASSOMPIERRE, die bis zum 6. Oktober 2024 im Ozeanographischen Museum von Monaco in Zusammenarbeit mit den Galeries Bartoux zu sehen ist, wird der Tierbildhauer Michel BASSOMPIERRE anl\u00e4sslich des Vortragsabends &#8222;Das Lebendige skulpturieren&#8220; live einen Eisb\u00e4ren modellieren. W\u00e4hrend dieser k\u00fcnstlerischen Performance werden drei Spezialisten f\u00fcr die Polarregionen sprechen, um m\u00f6glichst viele Menschen f\u00fcr die Bedrohungen der polaren Biodiversit\u00e4t zu sensibilisieren.\n\nKonferenz geplant f\u00fcr den 14. Juni von 18:30 bis 20:00 Uhr im Konferenzraum. Kostenlose Veranstaltung mit Anmeldung.\t\t\t\t\t\t\t\t<\/div>\n\t\t\t\t<\/div>\n\t\t\t\t<div class=\"elementor-element elementor-element-06c438d elementor-align-center elementor-widget elementor-widget-button\" data-id=\"06c438d\" data-element_type=\"widget\" data-e-type=\"widget\" data-widget_type=\"button.default\">\n\t\t\t\t<div class=\"elementor-widget-container\">\n\t\t\t\t\t\t\t\t\t<div class=\"elementor-button-wrapper\">\n\t\t\t\t\t<a class=\"elementor-button elementor-button-link elementor-size-sm\" href=\"https:\/\/www.eventbrite.fr\/e\/billets-conference-sculpter-le-vivant-art-et-science-au-service-de-la-nature-891096502627?aff=oddtdtcreator\">\n\t\t\t\t\t\t<span class=\"elementor-button-content-wrapper\">\n\t\t\t\t\t\t\t\t\t<span class=\"elementor-button-text\">Reservieren Sie sich Ihren Platz!<\/span>\n\t\t\t\t\t<\/span>\n\t\t\t\t\t<\/a>\n\t\t\t\t<\/div>\n\t\t\t\t\t\t\t\t<\/div>\n\t\t\t\t<\/div>\n\t\t\t\t\t<\/div>\n\t\t<\/div>\n\t\t\t\t<div class=\"elementor-column elementor-col-50 elementor-inner-column elementor-element elementor-element-92fe644\" data-id=\"92fe644\" data-element_type=\"column\" data-e-type=\"column\">\n\t\t\t<div class=\"elementor-widget-wrap elementor-element-populated\">\n\t\t\t\t\t\t<div class=\"elementor-element elementor-element-d3572a2 elementor-widget elementor-widget-image\" data-id=\"d3572a2\" data-element_type=\"widget\" data-e-type=\"widget\" data-widget_type=\"image.default\">\n\t\t\t\t<div class=\"elementor-widget-container\">\n\t\t\t\t\t\t\t\t\t\t\t\t\t\t\t<img fetchpriority=\"high\" decoding=\"async\" width=\"615\" height=\"917\" src=\"https:\/\/musee.oceano.org\/wp-content\/uploads\/sites\/2\/2024\/05\/Conference-bassompierre-musee-oceanographique-monaco.jpg\" class=\"attachment-large size-large wp-image-48628\" alt=\"Conf\u00e9rence &quot;Sculpter le Vivant&quot; avec Michel Bassompierre au mus\u00e9e oc\u00e9anographique de Monaco\" srcset=\"https:\/\/musee.oceano.org\/wp-content\/uploads\/sites\/2\/2024\/05\/Conference-bassompierre-musee-oceanographique-monaco.jpg 615w, https:\/\/musee.oceano.org\/wp-content\/uploads\/sites\/2\/2024\/05\/Conference-bassompierre-musee-oceanographique-monaco-201x300.jpg 201w\" sizes=\"(max-width: 615px) 100vw, 615px\" \/>\t\t\t\t\t\t\t\t\t\t\t\t\t\t\t<\/div>\n\t\t\t\t<\/div>\n\t\t\t\t\t<\/div>\n\t\t<\/div>\n\t\t\t\t\t<\/div>\n\t\t<\/section>\n\t\t\t\t\t<\/div>\n\t\t<\/div>\n\t\t\t\t\t<\/div>\n\t\t<\/section>\n\t\t\t\t<section class=\"elementor-section elementor-top-section elementor-element elementor-element-3965cd4 elementor-section-boxed elementor-section-height-default elementor-section-height-default\" data-id=\"3965cd4\" data-element_type=\"section\" data-e-type=\"section\">\n\t\t\t\t\t\t<div class=\"elementor-container elementor-column-gap-default\">\n\t\t\t\t\t<div class=\"elementor-column elementor-col-100 elementor-top-column elementor-element elementor-element-f445a52\" data-id=\"f445a52\" data-element_type=\"column\" data-e-type=\"column\">\n\t\t\t<div class=\"elementor-widget-wrap elementor-element-populated\">\n\t\t\t\t\t\t<div class=\"elementor-element elementor-element-5e87072 elementor-widget elementor-widget-heading\" data-id=\"5e87072\" data-element_type=\"widget\" data-e-type=\"widget\" data-widget_type=\"heading.default\">\n\t\t\t\t<div class=\"elementor-widget-container\">\n\t\t\t\t\t<h2 class=\"elementor-heading-title elementor-size-default\">Siehe auch<\/h2>\t\t\t\t<\/div>\n\t\t\t\t<\/div>\n\t\t\t\t<section class=\"elementor-section elementor-inner-section elementor-element elementor-element-93ae3c7 rebonds elementor-section-boxed elementor-section-height-default elementor-section-height-default\" data-id=\"93ae3c7\" data-element_type=\"section\" data-e-type=\"section\">\n\t\t\t\t\t\t<div class=\"elementor-container elementor-column-gap-wide\">\n\t\t\t\t\t<div class=\"elementor-column elementor-col-33 elementor-inner-column elementor-element elementor-element-3358a1f\" data-id=\"3358a1f\" data-element_type=\"column\" data-e-type=\"column\">\n\t\t\t<div class=\"elementor-widget-wrap elementor-element-populated\">\n\t\t\t\t\t\t<div class=\"elementor-element elementor-element-f84310b elementor-widget elementor-widget-image\" data-id=\"f84310b\" data-element_type=\"widget\" data-e-type=\"widget\" data-widget_type=\"image.default\">\n\t\t\t\t<div class=\"elementor-widget-container\">\n\t\t\t\t\t\t\t\t\t\t\t\t\t\t\t<img decoding=\"async\" width=\"334\" height=\"334\" src=\"https:\/\/musee.oceano.org\/wp-content\/uploads\/sites\/2\/2021\/11\/Template-Seiche-334x334.jpg\" class=\"attachment-img-bloc-square size-img-bloc-square wp-image-36253\" alt=\"\" srcset=\"https:\/\/musee.oceano.org\/wp-content\/uploads\/sites\/2\/2021\/11\/Template-Seiche-334x334.jpg 334w, https:\/\/musee.oceano.org\/wp-content\/uploads\/sites\/2\/2021\/11\/Template-Seiche-150x150.jpg 150w, https:\/\/musee.oceano.org\/wp-content\/uploads\/sites\/2\/2021\/11\/Template-Seiche-433x433.jpg 433w\" sizes=\"(max-width: 334px) 100vw, 334px\" \/>\t\t\t\t\t\t\t\t\t\t\t\t\t\t\t<\/div>\n\t\t\t\t<\/div>\n\t\t\t\t<div class=\"elementor-element elementor-element-d983282 elementor-align-center elementor-widget elementor-widget-button\" data-id=\"d983282\" data-element_type=\"widget\" data-e-type=\"widget\" data-widget_type=\"button.default\">\n\t\t\t\t<div class=\"elementor-widget-container\">\n\t\t\t\t\t\t\t\t\t<div class=\"elementor-button-wrapper\">\n\t\t\t\t\t<a class=\"elementor-button elementor-button-link elementor-size-md\" href=\"https:\/\/www.oceano.org\/les-editions\/\">\n\t\t\t\t\t\t<span class=\"elementor-button-content-wrapper\">\n\t\t\t\t\t\t\t\t\t<span class=\"elementor-button-text\">editions<\/span>\n\t\t\t\t\t<\/span>\n\t\t\t\t\t<\/a>\n\t\t\t\t<\/div>\n\t\t\t\t\t\t\t\t<\/div>\n\t\t\t\t<\/div>\n\t\t\t\t\t<\/div>\n\t\t<\/div>\n\t\t\t\t<div class=\"elementor-column elementor-col-33 elementor-inner-column elementor-element elementor-element-0e807c5\" data-id=\"0e807c5\" data-element_type=\"column\" data-e-type=\"column\">\n\t\t\t<div class=\"elementor-widget-wrap elementor-element-populated\">\n\t\t\t\t\t\t<div class=\"elementor-element elementor-element-bc0ca6d elementor-widget elementor-widget-image\" data-id=\"bc0ca6d\" data-element_type=\"widget\" data-e-type=\"widget\" data-widget_type=\"image.default\">\n\t\t\t\t<div class=\"elementor-widget-container\">\n\t\t\t\t\t\t\t\t\t\t\t\t\t\t\t<img decoding=\"async\" width=\"334\" height=\"334\" src=\"https:\/\/musee.oceano.org\/wp-content\/uploads\/sites\/2\/2021\/11\/Template-anemone-violet-334x334.jpg\" class=\"attachment-img-bloc-square size-img-bloc-square wp-image-36229\" alt=\"\" srcset=\"https:\/\/musee.oceano.org\/wp-content\/uploads\/sites\/2\/2021\/11\/Template-anemone-violet-334x334.jpg 334w, https:\/\/musee.oceano.org\/wp-content\/uploads\/sites\/2\/2021\/11\/Template-anemone-violet-150x150.jpg 150w, https:\/\/musee.oceano.org\/wp-content\/uploads\/sites\/2\/2021\/11\/Template-anemone-violet-433x433.jpg 433w\" sizes=\"(max-width: 334px) 100vw, 334px\" \/>\t\t\t\t\t\t\t\t\t\t\t\t\t\t\t<\/div>\n\t\t\t\t<\/div>\n\t\t\t\t<div class=\"elementor-element elementor-element-8d34627 elementor-align-center elementor-widget elementor-widget-button\" data-id=\"8d34627\" data-element_type=\"widget\" data-e-type=\"widget\" data-widget_type=\"button.default\">\n\t\t\t\t<div class=\"elementor-widget-container\">\n\t\t\t\t\t\t\t\t\t<div class=\"elementor-button-wrapper\">\n\t\t\t\t\t<a class=\"elementor-button elementor-button-link elementor-size-md\" href=\"https:\/\/www.oceano.org\/monaco-la-voix-de-locean\/les-explorations-de-monaco\/\">\n\t\t\t\t\t\t<span class=\"elementor-button-content-wrapper\">\n\t\t\t\t\t\t\t\t\t<span class=\"elementor-button-text\">Explorations de monaco<\/span>\n\t\t\t\t\t<\/span>\n\t\t\t\t\t<\/a>\n\t\t\t\t<\/div>\n\t\t\t\t\t\t\t\t<\/div>\n\t\t\t\t<\/div>\n\t\t\t\t\t<\/div>\n\t\t<\/div>\n\t\t\t\t<div class=\"elementor-column elementor-col-33 elementor-inner-column elementor-element elementor-element-8ccbed7\" data-id=\"8ccbed7\" data-element_type=\"column\" data-e-type=\"column\">\n\t\t\t<div class=\"elementor-widget-wrap elementor-element-populated\">\n\t\t\t\t\t\t<div class=\"elementor-element elementor-element-4fa5d49 elementor-widget elementor-widget-image\" data-id=\"4fa5d49\" data-element_type=\"widget\" data-e-type=\"widget\" data-widget_type=\"image.default\">\n\t\t\t\t<div class=\"elementor-widget-container\">\n\t\t\t\t\t\t\t\t\t\t\t\t\t\t\t<img loading=\"lazy\" decoding=\"async\" width=\"334\" height=\"334\" src=\"https:\/\/musee.oceano.org\/wp-content\/uploads\/sites\/2\/2021\/11\/Template-Poisson-papillon-citron-334x334.jpg\" class=\"attachment-img-bloc-square size-img-bloc-square wp-image-36221\" alt=\"\" srcset=\"https:\/\/musee.oceano.org\/wp-content\/uploads\/sites\/2\/2021\/11\/Template-Poisson-papillon-citron-334x334.jpg 334w, https:\/\/musee.oceano.org\/wp-content\/uploads\/sites\/2\/2021\/11\/Template-Poisson-papillon-citron-150x150.jpg 150w, https:\/\/musee.oceano.org\/wp-content\/uploads\/sites\/2\/2021\/11\/Template-Poisson-papillon-citron-433x433.jpg 433w\" sizes=\"(max-width: 334px) 100vw, 334px\" \/>\t\t\t\t\t\t\t\t\t\t\t\t\t\t\t<\/div>\n\t\t\t\t<\/div>\n\t\t\t\t<div class=\"elementor-element elementor-element-cd20181 elementor-align-center elementor-widget elementor-widget-button\" data-id=\"cd20181\" data-element_type=\"widget\" data-e-type=\"widget\" data-widget_type=\"button.default\">\n\t\t\t\t<div class=\"elementor-widget-container\">\n\t\t\t\t\t\t\t\t\t<div class=\"elementor-button-wrapper\">\n\t\t\t\t\t<a class=\"elementor-button elementor-button-link elementor-size-md\" href=\"https:\/\/www.oceano.org\/ocean-en-questions\/\">\n\t\t\t\t\t\t<span class=\"elementor-button-content-wrapper\">\n\t\t\t\t\t\t\t\t\t<span class=\"elementor-button-text\">Der Ozean in Fragen<\/span>\n\t\t\t\t\t<\/span>\n\t\t\t\t\t<\/a>\n\t\t\t\t<\/div>\n\t\t\t\t\t\t\t\t<\/div>\n\t\t\t\t<\/div>\n\t\t\t\t\t<\/div>\n\t\t<\/div>\n\t\t\t\t\t<\/div>\n\t\t<\/section>\n\t\t\t\t\t<\/div>\n\t\t<\/div>\n\t\t\t\t\t<\/div>\n\t\t<\/section>\n\t\t\t\t<\/div>\n\t\t","protected":false},"excerpt":{"rendered":"<p>Melden Sie sich jetzt f\u00fcr die Konferenz &#8222;Sculptez le vivant&#8220; von und mit Michel BASSOMPIERRE an und entdecken Sie die Eisriesen und (wieder) die Ausstellung &#8222;Mission Polaire&#8220;.<\/p>\n","protected":false},"author":38,"featured_media":48602,"comment_status":"closed","ping_status":"closed","sticky":false,"template":"","format":"standard","meta":{"_acf_changed":false,"footnotes":""},"categories":[328],"tags":[],"thematiques_actualites":[387],"class_list":["post-48707","post","type-post","status-publish","format-standard","has-post-thumbnail","hentry","category-nachrichten-ozeanographisches-museum-von-monaco","thematiques_actualites-aktivitaeten"],"acf":[],"yoast_head":"<!-- This site is optimized with the Yoast SEO plugin v27.2 - https:\/\/yoast.com\/product\/yoast-seo-wordpress\/ -->\n<title>Die Eisriesen und die Polarmission - Mus\u00e9e Oc\u00e9anographique de Monaco<\/title>\n<meta name=\"description\" content=\"Bis zum 06. Oktober 2024 schlie\u00dft sich die Ausstellung &quot;Die Eisriesen&quot; der &quot;Polar Mission&quot; an. Lernen Sie die neuen Protagonisten des Museums kennen!\" \/>\n<meta name=\"robots\" content=\"index, follow, max-snippet:-1, max-image-preview:large, max-video-preview:-1\" \/>\n<link rel=\"canonical\" href=\"https:\/\/musee.oceano.org\/de\/2024\/05\/15\/die-eisriesen-schliessen-sich-der-polarmission-im-ozeanographischen-museum-von-monaco-an\/\" \/>\n<meta property=\"og:locale\" content=\"de_DE\" \/>\n<meta property=\"og:type\" content=\"article\" \/>\n<meta property=\"og:title\" content=\"Die Eisriesen und die Polarmission - Mus\u00e9e Oc\u00e9anographique de Monaco\" \/>\n<meta property=\"og:description\" content=\"Bis zum 06. Oktober 2024 schlie\u00dft sich die Ausstellung &quot;Die Eisriesen&quot; der &quot;Polar Mission&quot; an. Lernen Sie die neuen Protagonisten des Museums kennen!\" \/>\n<meta property=\"og:url\" content=\"https:\/\/musee.oceano.org\/de\/2024\/05\/15\/die-eisriesen-schliessen-sich-der-polarmission-im-ozeanographischen-museum-von-monaco-an\/\" \/>\n<meta property=\"og:site_name\" content=\"Mus\u00e9e Oc\u00e9anographique de Monaco\" \/>\n<meta property=\"article:published_time\" content=\"2024-05-15T12:13:07+00:00\" \/>\n<meta property=\"article:modified_time\" content=\"2024-05-15T12:13:11+00:00\" \/>\n<meta property=\"og:image\" content=\"https:\/\/musee.oceano.org\/wp-content\/uploads\/sites\/2\/2024\/05\/Exposition-bassompierre-musee-monaco.png\" \/>\n\t<meta property=\"og:image:width\" content=\"1620\" \/>\n\t<meta property=\"og:image:height\" content=\"1620\" \/>\n\t<meta property=\"og:image:type\" content=\"image\/png\" \/>\n<meta name=\"author\" content=\"mhivet\" \/>\n<meta name=\"twitter:card\" content=\"summary_large_image\" \/>\n<meta name=\"twitter:label1\" content=\"Verfasst von\" \/>\n\t<meta name=\"twitter:data1\" content=\"mhivet\" \/>\n\t<meta name=\"twitter:label2\" content=\"Gesch\u00e4tzte Lesezeit\" \/>\n\t<meta name=\"twitter:data2\" content=\"2\u00a0Minuten\" \/>\n<script type=\"application\/ld+json\" class=\"yoast-schema-graph\">{\"@context\":\"https:\/\/schema.org\",\"@graph\":[{\"@type\":\"Article\",\"@id\":\"https:\/\/musee.oceano.org\/de\/2024\/05\/15\/die-eisriesen-schliessen-sich-der-polarmission-im-ozeanographischen-museum-von-monaco-an\/#article\",\"isPartOf\":{\"@id\":\"https:\/\/musee.oceano.org\/de\/2024\/05\/15\/die-eisriesen-schliessen-sich-der-polarmission-im-ozeanographischen-museum-von-monaco-an\/\"},\"author\":{\"name\":\"mhivet\",\"@id\":\"https:\/\/musee.oceano.org\/#\/schema\/person\/f9f717a42367ef615ed59dce7195880b\"},\"headline\":\"Die Eisriesen schlie\u00dfen sich der Polarmission im Ozeanographischen Museum von Monaco an\",\"datePublished\":\"2024-05-15T12:13:07+00:00\",\"dateModified\":\"2024-05-15T12:13:11+00:00\",\"mainEntityOfPage\":{\"@id\":\"https:\/\/musee.oceano.org\/de\/2024\/05\/15\/die-eisriesen-schliessen-sich-der-polarmission-im-ozeanographischen-museum-von-monaco-an\/\"},\"wordCount\":377,\"image\":{\"@id\":\"https:\/\/musee.oceano.org\/de\/2024\/05\/15\/die-eisriesen-schliessen-sich-der-polarmission-im-ozeanographischen-museum-von-monaco-an\/#primaryimage\"},\"thumbnailUrl\":\"https:\/\/musee.oceano.org\/wp-content\/uploads\/sites\/2\/2024\/05\/Exposition-bassompierre-musee-monaco.png\",\"articleSection\":[\"Nachrichten Ozeanographisches Museum von Monaco\"],\"inLanguage\":\"de\"},{\"@type\":\"WebPage\",\"@id\":\"https:\/\/musee.oceano.org\/de\/2024\/05\/15\/die-eisriesen-schliessen-sich-der-polarmission-im-ozeanographischen-museum-von-monaco-an\/\",\"url\":\"https:\/\/musee.oceano.org\/de\/2024\/05\/15\/die-eisriesen-schliessen-sich-der-polarmission-im-ozeanographischen-museum-von-monaco-an\/\",\"name\":\"Die Eisriesen und die Polarmission - Mus\u00e9e Oc\u00e9anographique de Monaco\",\"isPartOf\":{\"@id\":\"https:\/\/musee.oceano.org\/#website\"},\"primaryImageOfPage\":{\"@id\":\"https:\/\/musee.oceano.org\/de\/2024\/05\/15\/die-eisriesen-schliessen-sich-der-polarmission-im-ozeanographischen-museum-von-monaco-an\/#primaryimage\"},\"image\":{\"@id\":\"https:\/\/musee.oceano.org\/de\/2024\/05\/15\/die-eisriesen-schliessen-sich-der-polarmission-im-ozeanographischen-museum-von-monaco-an\/#primaryimage\"},\"thumbnailUrl\":\"https:\/\/musee.oceano.org\/wp-content\/uploads\/sites\/2\/2024\/05\/Exposition-bassompierre-musee-monaco.png\",\"datePublished\":\"2024-05-15T12:13:07+00:00\",\"dateModified\":\"2024-05-15T12:13:11+00:00\",\"author\":{\"@id\":\"https:\/\/musee.oceano.org\/#\/schema\/person\/f9f717a42367ef615ed59dce7195880b\"},\"description\":\"Bis zum 06. Oktober 2024 schlie\u00dft sich die Ausstellung \\\"Die Eisriesen\\\" der \\\"Polar Mission\\\" an. Lernen Sie die neuen Protagonisten des Museums kennen!\",\"breadcrumb\":{\"@id\":\"https:\/\/musee.oceano.org\/de\/2024\/05\/15\/die-eisriesen-schliessen-sich-der-polarmission-im-ozeanographischen-museum-von-monaco-an\/#breadcrumb\"},\"inLanguage\":\"de\",\"potentialAction\":[{\"@type\":\"ReadAction\",\"target\":[\"https:\/\/musee.oceano.org\/de\/2024\/05\/15\/die-eisriesen-schliessen-sich-der-polarmission-im-ozeanographischen-museum-von-monaco-an\/\"]}]},{\"@type\":\"ImageObject\",\"inLanguage\":\"de\",\"@id\":\"https:\/\/musee.oceano.org\/de\/2024\/05\/15\/die-eisriesen-schliessen-sich-der-polarmission-im-ozeanographischen-museum-von-monaco-an\/#primaryimage\",\"url\":\"https:\/\/musee.oceano.org\/wp-content\/uploads\/sites\/2\/2024\/05\/Exposition-bassompierre-musee-monaco.png\",\"contentUrl\":\"https:\/\/musee.oceano.org\/wp-content\/uploads\/sites\/2\/2024\/05\/Exposition-bassompierre-musee-monaco.png\",\"width\":1620,\"height\":1620,\"caption\":\"Exposition Bassompierre et Exposition Mission Polaire au mus\u00e9e oc\u00e9anographique de monaco\"},{\"@type\":\"BreadcrumbList\",\"@id\":\"https:\/\/musee.oceano.org\/de\/2024\/05\/15\/die-eisriesen-schliessen-sich-der-polarmission-im-ozeanographischen-museum-von-monaco-an\/#breadcrumb\",\"itemListElement\":[{\"@type\":\"ListItem\",\"position\":1,\"name\":\"Home\",\"item\":\"https:\/\/musee.oceano.org\/de\/\"},{\"@type\":\"ListItem\",\"position\":2,\"name\":\"Die Eisriesen schlie\u00dfen sich der Polarmission im Ozeanographischen Museum von Monaco an\"}]},{\"@type\":\"WebSite\",\"@id\":\"https:\/\/musee.oceano.org\/#website\",\"url\":\"https:\/\/musee.oceano.org\/\",\"name\":\"Mus\u00e9e Oc\u00e9anographique de Monaco\",\"description\":\"Faire conna\u00eetre, aimer et prot\u00e9ger les oc\u00e9ans\",\"potentialAction\":[{\"@type\":\"SearchAction\",\"target\":{\"@type\":\"EntryPoint\",\"urlTemplate\":\"https:\/\/musee.oceano.org\/?s={search_term_string}\"},\"query-input\":{\"@type\":\"PropertyValueSpecification\",\"valueRequired\":true,\"valueName\":\"search_term_string\"}}],\"inLanguage\":\"de\"},{\"@type\":\"Person\",\"@id\":\"https:\/\/musee.oceano.org\/#\/schema\/person\/f9f717a42367ef615ed59dce7195880b\",\"name\":\"mhivet\",\"image\":{\"@type\":\"ImageObject\",\"inLanguage\":\"de\",\"@id\":\"https:\/\/secure.gravatar.com\/avatar\/4be6725e32dd72726b400b3e80c0eabfee2b4de71ac0790dc8cbaadd9e3f0ca8?s=96&d=mm&r=g\",\"url\":\"https:\/\/secure.gravatar.com\/avatar\/4be6725e32dd72726b400b3e80c0eabfee2b4de71ac0790dc8cbaadd9e3f0ca8?s=96&d=mm&r=g\",\"contentUrl\":\"https:\/\/secure.gravatar.com\/avatar\/4be6725e32dd72726b400b3e80c0eabfee2b4de71ac0790dc8cbaadd9e3f0ca8?s=96&d=mm&r=g\",\"caption\":\"mhivet\"}}]}<\/script>\n<!-- \/ Yoast SEO plugin. -->","yoast_head_json":{"title":"Die Eisriesen und die Polarmission - Mus\u00e9e Oc\u00e9anographique de Monaco","description":"Bis zum 06. Oktober 2024 schlie\u00dft sich die Ausstellung \"Die Eisriesen\" der \"Polar Mission\" an. Lernen Sie die neuen Protagonisten des Museums kennen!","robots":{"index":"index","follow":"follow","max-snippet":"max-snippet:-1","max-image-preview":"max-image-preview:large","max-video-preview":"max-video-preview:-1"},"canonical":"https:\/\/musee.oceano.org\/de\/2024\/05\/15\/die-eisriesen-schliessen-sich-der-polarmission-im-ozeanographischen-museum-von-monaco-an\/","og_locale":"de_DE","og_type":"article","og_title":"Die Eisriesen und die Polarmission - Mus\u00e9e Oc\u00e9anographique de Monaco","og_description":"Bis zum 06. Oktober 2024 schlie\u00dft sich die Ausstellung \"Die Eisriesen\" der \"Polar Mission\" an. Lernen Sie die neuen Protagonisten des Museums kennen!","og_url":"https:\/\/musee.oceano.org\/de\/2024\/05\/15\/die-eisriesen-schliessen-sich-der-polarmission-im-ozeanographischen-museum-von-monaco-an\/","og_site_name":"Mus\u00e9e Oc\u00e9anographique de Monaco","article_published_time":"2024-05-15T12:13:07+00:00","article_modified_time":"2024-05-15T12:13:11+00:00","og_image":[{"width":1620,"height":1620,"url":"https:\/\/musee.oceano.org\/wp-content\/uploads\/sites\/2\/2024\/05\/Exposition-bassompierre-musee-monaco.png","type":"image\/png"}],"author":"mhivet","twitter_card":"summary_large_image","twitter_misc":{"Verfasst von":"mhivet","Gesch\u00e4tzte Lesezeit":"2\u00a0Minuten"},"schema":{"@context":"https:\/\/schema.org","@graph":[{"@type":"Article","@id":"https:\/\/musee.oceano.org\/de\/2024\/05\/15\/die-eisriesen-schliessen-sich-der-polarmission-im-ozeanographischen-museum-von-monaco-an\/#article","isPartOf":{"@id":"https:\/\/musee.oceano.org\/de\/2024\/05\/15\/die-eisriesen-schliessen-sich-der-polarmission-im-ozeanographischen-museum-von-monaco-an\/"},"author":{"name":"mhivet","@id":"https:\/\/musee.oceano.org\/#\/schema\/person\/f9f717a42367ef615ed59dce7195880b"},"headline":"Die Eisriesen schlie\u00dfen sich der Polarmission im Ozeanographischen Museum von Monaco an","datePublished":"2024-05-15T12:13:07+00:00","dateModified":"2024-05-15T12:13:11+00:00","mainEntityOfPage":{"@id":"https:\/\/musee.oceano.org\/de\/2024\/05\/15\/die-eisriesen-schliessen-sich-der-polarmission-im-ozeanographischen-museum-von-monaco-an\/"},"wordCount":377,"image":{"@id":"https:\/\/musee.oceano.org\/de\/2024\/05\/15\/die-eisriesen-schliessen-sich-der-polarmission-im-ozeanographischen-museum-von-monaco-an\/#primaryimage"},"thumbnailUrl":"https:\/\/musee.oceano.org\/wp-content\/uploads\/sites\/2\/2024\/05\/Exposition-bassompierre-musee-monaco.png","articleSection":["Nachrichten Ozeanographisches Museum von Monaco"],"inLanguage":"de"},{"@type":"WebPage","@id":"https:\/\/musee.oceano.org\/de\/2024\/05\/15\/die-eisriesen-schliessen-sich-der-polarmission-im-ozeanographischen-museum-von-monaco-an\/","url":"https:\/\/musee.oceano.org\/de\/2024\/05\/15\/die-eisriesen-schliessen-sich-der-polarmission-im-ozeanographischen-museum-von-monaco-an\/","name":"Die Eisriesen und die Polarmission - Mus\u00e9e Oc\u00e9anographique de Monaco","isPartOf":{"@id":"https:\/\/musee.oceano.org\/#website"},"primaryImageOfPage":{"@id":"https:\/\/musee.oceano.org\/de\/2024\/05\/15\/die-eisriesen-schliessen-sich-der-polarmission-im-ozeanographischen-museum-von-monaco-an\/#primaryimage"},"image":{"@id":"https:\/\/musee.oceano.org\/de\/2024\/05\/15\/die-eisriesen-schliessen-sich-der-polarmission-im-ozeanographischen-museum-von-monaco-an\/#primaryimage"},"thumbnailUrl":"https:\/\/musee.oceano.org\/wp-content\/uploads\/sites\/2\/2024\/05\/Exposition-bassompierre-musee-monaco.png","datePublished":"2024-05-15T12:13:07+00:00","dateModified":"2024-05-15T12:13:11+00:00","author":{"@id":"https:\/\/musee.oceano.org\/#\/schema\/person\/f9f717a42367ef615ed59dce7195880b"},"description":"Bis zum 06. Oktober 2024 schlie\u00dft sich die Ausstellung \"Die Eisriesen\" der \"Polar Mission\" an. Lernen Sie die neuen Protagonisten des Museums kennen!","breadcrumb":{"@id":"https:\/\/musee.oceano.org\/de\/2024\/05\/15\/die-eisriesen-schliessen-sich-der-polarmission-im-ozeanographischen-museum-von-monaco-an\/#breadcrumb"},"inLanguage":"de","potentialAction":[{"@type":"ReadAction","target":["https:\/\/musee.oceano.org\/de\/2024\/05\/15\/die-eisriesen-schliessen-sich-der-polarmission-im-ozeanographischen-museum-von-monaco-an\/"]}]},{"@type":"ImageObject","inLanguage":"de","@id":"https:\/\/musee.oceano.org\/de\/2024\/05\/15\/die-eisriesen-schliessen-sich-der-polarmission-im-ozeanographischen-museum-von-monaco-an\/#primaryimage","url":"https:\/\/musee.oceano.org\/wp-content\/uploads\/sites\/2\/2024\/05\/Exposition-bassompierre-musee-monaco.png","contentUrl":"https:\/\/musee.oceano.org\/wp-content\/uploads\/sites\/2\/2024\/05\/Exposition-bassompierre-musee-monaco.png","width":1620,"height":1620,"caption":"Exposition Bassompierre et Exposition Mission Polaire au mus\u00e9e oc\u00e9anographique de monaco"},{"@type":"BreadcrumbList","@id":"https:\/\/musee.oceano.org\/de\/2024\/05\/15\/die-eisriesen-schliessen-sich-der-polarmission-im-ozeanographischen-museum-von-monaco-an\/#breadcrumb","itemListElement":[{"@type":"ListItem","position":1,"name":"Home","item":"https:\/\/musee.oceano.org\/de\/"},{"@type":"ListItem","position":2,"name":"Die Eisriesen schlie\u00dfen sich der Polarmission im Ozeanographischen Museum von Monaco an"}]},{"@type":"WebSite","@id":"https:\/\/musee.oceano.org\/#website","url":"https:\/\/musee.oceano.org\/","name":"Mus\u00e9e Oc\u00e9anographique de Monaco","description":"Faire conna\u00eetre, aimer et prot\u00e9ger les oc\u00e9ans","potentialAction":[{"@type":"SearchAction","target":{"@type":"EntryPoint","urlTemplate":"https:\/\/musee.oceano.org\/?s={search_term_string}"},"query-input":{"@type":"PropertyValueSpecification","valueRequired":true,"valueName":"search_term_string"}}],"inLanguage":"de"},{"@type":"Person","@id":"https:\/\/musee.oceano.org\/#\/schema\/person\/f9f717a42367ef615ed59dce7195880b","name":"mhivet","image":{"@type":"ImageObject","inLanguage":"de","@id":"https:\/\/secure.gravatar.com\/avatar\/4be6725e32dd72726b400b3e80c0eabfee2b4de71ac0790dc8cbaadd9e3f0ca8?s=96&d=mm&r=g","url":"https:\/\/secure.gravatar.com\/avatar\/4be6725e32dd72726b400b3e80c0eabfee2b4de71ac0790dc8cbaadd9e3f0ca8?s=96&d=mm&r=g","contentUrl":"https:\/\/secure.gravatar.com\/avatar\/4be6725e32dd72726b400b3e80c0eabfee2b4de71ac0790dc8cbaadd9e3f0ca8?s=96&d=mm&r=g","caption":"mhivet"}}]}},"_links":{"self":[{"href":"https:\/\/musee.oceano.org\/de\/wp-json\/wp\/v2\/posts\/48707","targetHints":{"allow":["GET"]}}],"collection":[{"href":"https:\/\/musee.oceano.org\/de\/wp-json\/wp\/v2\/posts"}],"about":[{"href":"https:\/\/musee.oceano.org\/de\/wp-json\/wp\/v2\/types\/post"}],"author":[{"embeddable":true,"href":"https:\/\/musee.oceano.org\/de\/wp-json\/wp\/v2\/users\/38"}],"replies":[{"embeddable":true,"href":"https:\/\/musee.oceano.org\/de\/wp-json\/wp\/v2\/comments?post=48707"}],"version-history":[{"count":3,"href":"https:\/\/musee.oceano.org\/de\/wp-json\/wp\/v2\/posts\/48707\/revisions"}],"predecessor-version":[{"id":48710,"href":"https:\/\/musee.oceano.org\/de\/wp-json\/wp\/v2\/posts\/48707\/revisions\/48710"}],"wp:featuredmedia":[{"embeddable":true,"href":"https:\/\/musee.oceano.org\/de\/wp-json\/wp\/v2\/media\/48602"}],"wp:attachment":[{"href":"https:\/\/musee.oceano.org\/de\/wp-json\/wp\/v2\/media?parent=48707"}],"wp:term":[{"taxonomy":"category","embeddable":true,"href":"https:\/\/musee.oceano.org\/de\/wp-json\/wp\/v2\/categories?post=48707"},{"taxonomy":"post_tag","embeddable":true,"href":"https:\/\/musee.oceano.org\/de\/wp-json\/wp\/v2\/tags?post=48707"},{"taxonomy":"thematiques_actualites","embeddable":true,"href":"https:\/\/musee.oceano.org\/de\/wp-json\/wp\/v2\/thematiques_actualites?post=48707"}],"curies":[{"name":"wp","href":"https:\/\/api.w.org\/{rel}","templated":true}]}}