{"id":30693,"date":"2021-07-07T14:04:12","date_gmt":"2021-07-07T12:04:12","guid":{"rendered":"https:\/\/musee.oceano.org\/2021\/07\/07\/a-decisive-step-for-the-preservation-of-biodiversity\/"},"modified":"2021-07-07T14:06:01","modified_gmt":"2021-07-07T12:06:01","slug":"a-decisive-step-for-the-preservation-of-biodiversity","status":"publish","type":"post","link":"https:\/\/musee.oceano.org\/en\/2021\/07\/07\/a-decisive-step-for-the-preservation-of-biodiversity\/","title":{"rendered":"A decisive step for the preservation of biodiversity?"},"content":{"rendered":"\t\t<div data-elementor-type=\"wp-post\" data-elementor-id=\"30693\" class=\"elementor elementor-30693 elementor-19366\" data-elementor-post-type=\"post\">\n\t\t\t\t\t\t<section class=\"elementor-section elementor-top-section elementor-element elementor-element-51bebd4e elementor-section-full_width elementor-section-height-default elementor-section-height-default\" data-id=\"51bebd4e\" data-element_type=\"section\" data-e-type=\"section\">\n\t\t\t\t\t\t<div class=\"elementor-container elementor-column-gap-no\">\n\t\t\t\t\t<div class=\"elementor-column elementor-col-100 elementor-top-column elementor-element elementor-element-6d487016\" data-id=\"6d487016\" data-element_type=\"column\" data-e-type=\"column\">\n\t\t\t<div class=\"elementor-widget-wrap elementor-element-populated\">\n\t\t\t\t\t\t<div class=\"elementor-element elementor-element-31463d74 elementor--h-position-center elementor--v-position-middle elementor-widget elementor-widget-slides\" data-id=\"31463d74\" data-element_type=\"widget\" data-e-type=\"widget\" data-settings=\"{&quot;navigation&quot;:&quot;none&quot;,&quot;transition&quot;:&quot;slide&quot;,&quot;transition_speed&quot;:500}\" data-widget_type=\"slides.default\">\n\t\t\t\t<div class=\"elementor-widget-container\">\n\t\t\t\t\t\t\t\t\t<div class=\"elementor-swiper\">\n\t\t\t\t\t<div class=\"elementor-slides-wrapper elementor-main-swiper swiper\" role=\"region\" aria-roledescription=\"carousel\" aria-label=\"Slides\" dir=\"ltr\" data-animation=\"fadeInUp\">\n\t\t\t\t<div class=\"swiper-wrapper elementor-slides\">\n\t\t\t\t\t\t\t\t\t\t<div class=\"elementor-repeater-item-891be05 swiper-slide\" role=\"group\" aria-roledescription=\"slide\"><div class=\"swiper-slide-bg\" role=\"img\" aria-label=\"\"><\/div><div class=\"elementor-background-overlay\"><\/div><div class=\"swiper-slide-inner\" ><div class=\"swiper-slide-contents\"><h1 class=\"elementor-slide-heading\">A decisive step for biodiversity?<\/h1><div class=\"elementor-slide-description\"><p>\"Leadership Commitment to Nature\".  <\/p>\n<\/div><\/div><\/div><\/div>\t\t\t\t<\/div>\n\t\t\t\t\t\t\t<\/div>\n\t\t\t\t<\/div>\n\t\t\t\t\t\t\t\t<\/div>\n\t\t\t\t<\/div>\n\t\t\t\t\t<\/div>\n\t\t<\/div>\n\t\t\t\t\t<\/div>\n\t\t<\/section>\n\t\t\t\t<section class=\"elementor-section elementor-top-section elementor-element elementor-element-4e43ebd9 elementor-section-full_width elementor-section-height-default elementor-section-height-default\" data-id=\"4e43ebd9\" data-element_type=\"section\" data-e-type=\"section\">\n\t\t\t\t\t\t<div class=\"elementor-container elementor-column-gap-default\">\n\t\t\t\t\t<div class=\"elementor-column elementor-col-100 elementor-top-column elementor-element elementor-element-47aacf56\" data-id=\"47aacf56\" data-element_type=\"column\" data-e-type=\"column\">\n\t\t\t<div class=\"elementor-widget-wrap elementor-element-populated\">\n\t\t\t\t\t\t<div class=\"elementor-element elementor-element-624f0a19 elementor-widget elementor-widget-ee-breadcrumbs\" data-id=\"624f0a19\" data-element_type=\"widget\" data-e-type=\"widget\" data-widget_type=\"ee-breadcrumbs.default\">\n\t\t\t\t<div class=\"elementor-widget-container\">\n\t\t\t\t\t<ul class=\"ee-breadcrumbs\" itemscope=\"\" itemtype=\"http:\/\/schema.org\/BreadcrumbList\"><\/ul>\t\t\t\t<\/div>\n\t\t\t\t<\/div>\n\t\t\t\t\t<\/div>\n\t\t<\/div>\n\t\t\t\t\t<\/div>\n\t\t<\/section>\n\t\t\t\t<section class=\"elementor-section elementor-top-section elementor-element elementor-element-64fe9c89 elementor-section-full_width elementor-section-height-default elementor-section-height-default\" data-id=\"64fe9c89\" data-element_type=\"section\" data-e-type=\"section\">\n\t\t\t\t\t\t<div class=\"elementor-container elementor-column-gap-default\">\n\t\t\t\t\t<div class=\"elementor-column elementor-col-100 elementor-top-column elementor-element elementor-element-366d6fae\" data-id=\"366d6fae\" data-element_type=\"column\" data-e-type=\"column\">\n\t\t\t<div class=\"elementor-widget-wrap elementor-element-populated\">\n\t\t\t\t\t\t<div class=\"elementor-element elementor-element-69191aa2 elementor-widget elementor-widget-heading\" data-id=\"69191aa2\" data-element_type=\"widget\" data-e-type=\"widget\" data-widget_type=\"heading.default\">\n\t\t\t\t<div class=\"elementor-widget-container\">\n\t\t\t\t\t<h2 class=\"elementor-heading-title elementor-size-default\">Have we finally reached a true awareness<br>on the erosion of global biodiversity?<\/h2>\t\t\t\t<\/div>\n\t\t\t\t<\/div>\n\t\t\t\t\t<\/div>\n\t\t<\/div>\n\t\t\t\t\t<\/div>\n\t\t<\/section>\n\t\t\t\t<section class=\"elementor-section elementor-top-section elementor-element elementor-element-6a60a98 elementor-section-boxed elementor-section-height-default elementor-section-height-default\" data-id=\"6a60a98\" data-element_type=\"section\" data-e-type=\"section\">\n\t\t\t\t\t\t<div class=\"elementor-container elementor-column-gap-default\">\n\t\t\t\t\t<div class=\"elementor-column elementor-col-100 elementor-top-column elementor-element elementor-element-e86d4a3\" data-id=\"e86d4a3\" data-element_type=\"column\" data-e-type=\"column\">\n\t\t\t<div class=\"elementor-widget-wrap elementor-element-populated\">\n\t\t\t\t\t\t<div class=\"elementor-element elementor-element-bdf8d1e elementor-widget elementor-widget-text-editor\" data-id=\"bdf8d1e\" data-element_type=\"widget\" data-e-type=\"widget\" data-widget_type=\"text-editor.default\">\n\t\t\t\t<div class=\"elementor-widget-container\">\n\t\t\t\t\t\t\t\t\t<p>Since the <span style=\"text-decoration: underline;color: #ffffff\"><br \/>\n  <a style=\"text-decoration: underline;color: #ffffff\" href=\"https:\/\/ipbes.net\/global-assessment\" target=\"_blank\" rel=\"noopener\">IPBES report in May 2019<\/a><br \/>\n<\/span> on the Global Assessment of Biodiversity and Ecosystem Services, biodiversity joins climate in the spotlight. And there too, the news is bad. The change is brutal and very unfavourable for humans as well as for other species. The latest UN report on the global outlook for biodiversity highlights that none of the international commitments made in 2010 &#8211; the Aichi targets &#8211; have been met.<\/p>\n<p>But this week, at the summit of Heads of State and Government on biodiversity organised by the United Nations on 30 September 2020, a block of countries &#8211; of which Monaco is naturally a part &#8211; showed itself more determined than ever to reverse this trend.<\/p>\n<p>Some sixty Heads of State and Government signed a &#8220;Leaders&#8217; Commitment for Nature&#8221; that was particularly lucid and ambitious, at least on paper.<\/p>\n\t\t\t\t\t\t\t\t<\/div>\n\t\t\t\t<\/div>\n\t\t\t\t\t<\/div>\n\t\t<\/div>\n\t\t\t\t\t<\/div>\n\t\t<\/section>\n\t\t\t\t<section class=\"elementor-section elementor-top-section elementor-element elementor-element-52f3c0 elementor-section-boxed elementor-section-height-default elementor-section-height-default\" data-id=\"52f3c0\" data-element_type=\"section\" data-e-type=\"section\">\n\t\t\t\t\t\t<div class=\"elementor-container elementor-column-gap-default\">\n\t\t\t\t\t<div class=\"elementor-column elementor-col-100 elementor-top-column elementor-element elementor-element-e26c98e\" data-id=\"e26c98e\" data-element_type=\"column\" data-e-type=\"column\">\n\t\t\t<div class=\"elementor-widget-wrap elementor-element-populated\">\n\t\t\t\t\t\t<section class=\"elementor-section elementor-inner-section elementor-element elementor-element-26b0cb8 elementor-section-boxed elementor-section-height-default elementor-section-height-default\" data-id=\"26b0cb8\" data-element_type=\"section\" data-e-type=\"section\">\n\t\t\t\t\t\t<div class=\"elementor-container elementor-column-gap-default\">\n\t\t\t\t\t<div class=\"elementor-column elementor-col-50 elementor-inner-column elementor-element elementor-element-68cc908\" data-id=\"68cc908\" data-element_type=\"column\" data-e-type=\"column\">\n\t\t\t<div class=\"elementor-widget-wrap elementor-element-populated\">\n\t\t\t\t\t\t<div class=\"elementor-element elementor-element-7191fb6 elementor-widget elementor-widget-text-editor\" data-id=\"7191fb6\" data-element_type=\"widget\" data-e-type=\"widget\" data-widget_type=\"text-editor.default\">\n\t\t\t\t<div class=\"elementor-widget-container\">\n\t\t\t\t\t\t\t\t\t<p>Even if we can regret the absence of certain large countries, this appeal could be a milestone if it is followed up, because it resolutely places biodiversity at the heart of the balances of our Planet that are necessary for human development, as well as at the heart of the political decisions that must be taken on the path of development that we wish to follow.<\/p>\n<p>Recognizing that &#8220;nature underpins human health, well-being and prosperity&#8221;, the signatory decision-makers are mobilizing to &#8220;put nature and biodiversity on a path to recovery by 2030&#8221; in order to &#8220;achieve the vision of living in harmony with nature by 2050&#8221;.<\/p>\n\t\t\t\t\t\t\t\t<\/div>\n\t\t\t\t<\/div>\n\t\t\t\t<div class=\"elementor-element elementor-element-6475e912 elementor-widget elementor-widget-html\" data-id=\"6475e912\" data-element_type=\"widget\" data-e-type=\"widget\" data-widget_type=\"html.default\">\n\t\t\t\t<div class=\"elementor-widget-container\">\n\t\t\t\t\t<a href=\"https:\/\/www.leaderspledgefornature.org\/\" id=\"btn-larger\" class=\"btn border-white\" download=\"\">\n    <span class=\"btn-text\">  Visit the website  <br>pledge for nature  <\/span>\n    <span class=\"Coralwave1\"><\/span>\n    <span class=\"Coralwave2\"><\/span> \n<\/a>\t\t\t\t<\/div>\n\t\t\t\t<\/div>\n\t\t\t\t\t<\/div>\n\t\t<\/div>\n\t\t\t\t<div class=\"elementor-column elementor-col-50 elementor-inner-column elementor-element elementor-element-d027410\" data-id=\"d027410\" data-element_type=\"column\" data-e-type=\"column\">\n\t\t\t<div class=\"elementor-widget-wrap elementor-element-populated\">\n\t\t\t\t\t\t<div class=\"elementor-element elementor-element-2e3b5b7 elementor-widget elementor-widget-image\" data-id=\"2e3b5b7\" data-element_type=\"widget\" data-e-type=\"widget\" data-widget_type=\"image.default\">\n\t\t\t\t<div class=\"elementor-widget-container\">\n\t\t\t\t\t\t\t\t\t\t\t\t\t\t\t<img fetchpriority=\"high\" decoding=\"async\" width=\"640\" height=\"426\" src=\"https:\/\/musee.oceano.org\/wp-content\/uploads\/sites\/2\/2020\/10\/biodiversity.jpg\" class=\"attachment-large size-large wp-image-19369\" alt=\"Biodiversit\u00e9\" srcset=\"https:\/\/musee.oceano.org\/wp-content\/uploads\/sites\/2\/2020\/10\/biodiversity.jpg 640w, https:\/\/musee.oceano.org\/wp-content\/uploads\/sites\/2\/2020\/10\/biodiversity-300x200.jpg 300w\" sizes=\"(max-width: 640px) 100vw, 640px\" \/>\t\t\t\t\t\t\t\t\t\t\t\t\t\t\t<\/div>\n\t\t\t\t<\/div>\n\t\t\t\t\t<\/div>\n\t\t<\/div>\n\t\t\t\t\t<\/div>\n\t\t<\/section>\n\t\t\t\t\t<\/div>\n\t\t<\/div>\n\t\t\t\t\t<\/div>\n\t\t<\/section>\n\t\t\t\t<section class=\"elementor-section elementor-top-section elementor-element elementor-element-21d73a2 elementor-section-boxed elementor-section-height-default elementor-section-height-default\" data-id=\"21d73a2\" data-element_type=\"section\" data-e-type=\"section\" data-settings=\"{&quot;background_background&quot;:&quot;classic&quot;}\">\n\t\t\t\t\t\t<div class=\"elementor-container elementor-column-gap-default\">\n\t\t\t\t\t<div class=\"elementor-column elementor-col-100 elementor-top-column elementor-element elementor-element-5232d89d\" data-id=\"5232d89d\" data-element_type=\"column\" data-e-type=\"column\">\n\t\t\t<div class=\"elementor-widget-wrap elementor-element-populated\">\n\t\t\t\t\t\t<section class=\"elementor-section elementor-inner-section elementor-element elementor-element-3c8b1b4d elementor-section-boxed elementor-section-height-default elementor-section-height-default\" data-id=\"3c8b1b4d\" data-element_type=\"section\" data-e-type=\"section\" data-settings=\"{&quot;background_background&quot;:&quot;classic&quot;}\">\n\t\t\t\t\t\t<div class=\"elementor-container elementor-column-gap-default\">\n\t\t\t\t\t<div class=\"elementor-column elementor-col-100 elementor-inner-column elementor-element elementor-element-7f1e5869\" data-id=\"7f1e5869\" data-element_type=\"column\" data-e-type=\"column\">\n\t\t\t<div class=\"elementor-widget-wrap elementor-element-populated\">\n\t\t\t\t\t\t<div class=\"elementor-element elementor-element-ed8c428 elementor-widget elementor-widget-heading\" data-id=\"ed8c428\" data-element_type=\"widget\" data-e-type=\"widget\" data-widget_type=\"heading.default\">\n\t\t\t\t<div class=\"elementor-widget-container\">\n\t\t\t\t\t<h3 class=\"elementor-heading-title elementor-size-default\">A holistic approach<\/h3>\t\t\t\t<\/div>\n\t\t\t\t<\/div>\n\t\t\t\t<div class=\"elementor-element elementor-element-4f5249fc elementor-widget elementor-widget-text-editor\" data-id=\"4f5249fc\" data-element_type=\"widget\" data-e-type=\"widget\" data-widget_type=\"text-editor.default\">\n\t\t\t\t<div class=\"elementor-widget-container\">\n\t\t\t\t\t\t\t\t\t<p>In particular, the signatories committed to &#8220;end traditional silo thinking and address the interlinked challenges of biodiversity loss, land, freshwater and ocean degradation, deforestation, desertification, pollution and climate change in an integrated and coherent manner, ensuring accountability and strong and effective review mechanisms, and lead by example through action in  [leurs]  own countries&#8221;<\/p>\n<p>To this end, they commit to &#8220;strengthen cooperation between multilateral environmental agreements, international organizations and relevant programmes&#8221;.<\/p>\n<p>For the Ocean in particular, coordinated action is needed on the various threats to biodiversity:<\/p>\n<p>Against overexploitation, the leaders pledge to &#8220;eliminate unsustainable uses of the ocean and its resources, including illegal, unreported and unregulated fishing and unsustainable fishing and aquaculture practices,&#8221; as well as to combat environmental crime.<\/p>\n<p>Against pollution, it is to &#8220;significantly reduce pollution of air, land, soil, freshwater and ocean, including eliminating plastic leakage to the ocean by 2050 as well as pollution from chemicals, excess nutrients and hazardous wastes, including through enhanced global coordination, cooperation and governance on marine litter and microplastics.&#8221;<\/p>\n<p>To halt climate change, the signatories commit to &#8220;increase ambition and align  [leurs]  national climate policies on the Paris Agreement, with enhanced nationally determined contributions and long-term strategies consistent with the temperature targets of the Paris Agreement and the goal of zero net greenhouse gas emissions by mid-century.<\/p>\n\t\t\t\t\t\t\t\t<\/div>\n\t\t\t\t<\/div>\n\t\t\t\t<div class=\"elementor-element elementor-element-1679126 gallery-spacing-custom elementor-widget elementor-widget-image-gallery\" data-id=\"1679126\" data-element_type=\"widget\" data-e-type=\"widget\" data-widget_type=\"image-gallery.default\">\n\t\t\t\t<div class=\"elementor-widget-container\">\n\t\t\t\t\t\t\t<div class=\"elementor-image-gallery\">\n\t\t\t<div id='gallery-1' class='gallery galleryid-30693 gallery-columns-3 gallery-size-img-bloc-square'><figure class='gallery-item'>\n\t\t\t<div class='gallery-icon landscape'>\n\t\t\t\t<img decoding=\"async\" width=\"334\" height=\"334\" src=\"https:\/\/musee.oceano.org\/wp-content\/uploads\/sites\/2\/2020\/10\/deforestation-biodiversity-334x334.jpg\" class=\"attachment-img-bloc-square size-img-bloc-square\" alt=\"\" aria-describedby=\"gallery-1-19350\" srcset=\"https:\/\/musee.oceano.org\/wp-content\/uploads\/sites\/2\/2020\/10\/deforestation-biodiversity-334x334.jpg 334w, https:\/\/musee.oceano.org\/wp-content\/uploads\/sites\/2\/2020\/10\/deforestation-biodiversity-150x150.jpg 150w, https:\/\/musee.oceano.org\/wp-content\/uploads\/sites\/2\/2020\/10\/deforestation-biodiversity-433x433.jpg 433w\" sizes=\"(max-width: 334px) 100vw, 334px\" \/>\n\t\t\t<\/div>\n\t\t\t\t<figcaption class='wp-caption-text gallery-caption' id='gallery-1-19350'>\n\t\t\t\tDeforestation &#8211; Source : Pok rie @ Pexel\n\t\t\t\t<\/figcaption><\/figure><figure class='gallery-item'>\n\t\t\t<div class='gallery-icon landscape'>\n\t\t\t\t<img decoding=\"async\" width=\"334\" height=\"334\" src=\"https:\/\/musee.oceano.org\/wp-content\/uploads\/sites\/2\/2020\/10\/800px-US_Navy_090817-G-6414E-003_u_Feng_a_Taiwanese-flagged_fishing_vessel_suspected_of_illegal_fishing_activity_moves_through_the_water-e1601623597391-334x334.jpg\" class=\"attachment-img-bloc-square size-img-bloc-square\" alt=\"Bateau p\u00eache ill\u00e9gale\" aria-describedby=\"gallery-1-19356\" srcset=\"https:\/\/musee.oceano.org\/wp-content\/uploads\/sites\/2\/2020\/10\/800px-US_Navy_090817-G-6414E-003_u_Feng_a_Taiwanese-flagged_fishing_vessel_suspected_of_illegal_fishing_activity_moves_through_the_water-e1601623597391-334x334.jpg 334w, https:\/\/musee.oceano.org\/wp-content\/uploads\/sites\/2\/2020\/10\/800px-US_Navy_090817-G-6414E-003_u_Feng_a_Taiwanese-flagged_fishing_vessel_suspected_of_illegal_fishing_activity_moves_through_the_water-e1601623597391-150x150.jpg 150w, https:\/\/musee.oceano.org\/wp-content\/uploads\/sites\/2\/2020\/10\/800px-US_Navy_090817-G-6414E-003_u_Feng_a_Taiwanese-flagged_fishing_vessel_suspected_of_illegal_fishing_activity_moves_through_the_water-e1601623597391-433x433.jpg 433w\" sizes=\"(max-width: 334px) 100vw, 334px\" \/>\n\t\t\t<\/div>\n\t\t\t\t<figcaption class='wp-caption-text gallery-caption' id='gallery-1-19356'>\n\t\t\t\tTaiwanese-flagged fishing vessel suspected of illegal fishing activity, moves through the water &#8211; Source :US Navy, Wikipedia\n\t\t\t\t<\/figcaption><\/figure><figure class='gallery-item'>\n\t\t\t<div class='gallery-icon landscape'>\n\t\t\t\t<img loading=\"lazy\" decoding=\"async\" width=\"334\" height=\"334\" src=\"https:\/\/musee.oceano.org\/wp-content\/uploads\/sites\/2\/2020\/10\/plastic-polution-biodiversity-e1601623641615-334x334.jpg\" class=\"attachment-img-bloc-square size-img-bloc-square\" alt=\"\" aria-describedby=\"gallery-1-19362\" srcset=\"https:\/\/musee.oceano.org\/wp-content\/uploads\/sites\/2\/2020\/10\/plastic-polution-biodiversity-e1601623641615-334x334.jpg 334w, https:\/\/musee.oceano.org\/wp-content\/uploads\/sites\/2\/2020\/10\/plastic-polution-biodiversity-e1601623641615-150x150.jpg 150w, https:\/\/musee.oceano.org\/wp-content\/uploads\/sites\/2\/2020\/10\/plastic-polution-biodiversity-e1601623641615-433x433.jpg 433w\" sizes=\"(max-width: 334px) 100vw, 334px\" \/>\n\t\t\t<\/div>\n\t\t\t\t<figcaption class='wp-caption-text gallery-caption' id='gallery-1-19362'>\n\t\t\t\tPollution plastique &#8211; Source : Catherine Sheila @ Pexel\n\t\t\t\t<\/figcaption><\/figure>\n\t\t<\/div>\n\t\t<\/div>\n\t\t\t\t\t\t<\/div>\n\t\t\t\t<\/div>\n\t\t\t\t\t<\/div>\n\t\t<\/div>\n\t\t\t\t\t<\/div>\n\t\t<\/section>\n\t\t\t\t\t<\/div>\n\t\t<\/div>\n\t\t\t\t\t<\/div>\n\t\t<\/section>\n\t\t\t\t<section class=\"elementor-section elementor-top-section elementor-element elementor-element-82e31fa elementor-section-boxed elementor-section-height-default elementor-section-height-default\" data-id=\"82e31fa\" data-element_type=\"section\" data-e-type=\"section\">\n\t\t\t\t\t\t<div class=\"elementor-container elementor-column-gap-default\">\n\t\t\t\t\t<div class=\"elementor-column elementor-col-100 elementor-top-column elementor-element elementor-element-86f00c9\" data-id=\"86f00c9\" data-element_type=\"column\" data-e-type=\"column\">\n\t\t\t<div class=\"elementor-widget-wrap elementor-element-populated\">\n\t\t\t\t\t\t<div class=\"elementor-element elementor-element-b21703d elementor-widget elementor-widget-heading\" data-id=\"b21703d\" data-element_type=\"widget\" data-e-type=\"widget\" data-widget_type=\"heading.default\">\n\t\t\t\t<div class=\"elementor-widget-container\">\n\t\t\t\t\t<h3 class=\"elementor-heading-title elementor-size-default\">Transform our development model in depth.<\/h3>\t\t\t\t<\/div>\n\t\t\t\t<\/div>\n\t\t\t\t<div class=\"elementor-element elementor-element-2dc9464 elementor-widget elementor-widget-text-editor\" data-id=\"2dc9464\" data-element_type=\"widget\" data-e-type=\"widget\" data-widget_type=\"text-editor.default\">\n\t\t\t\t<div class=\"elementor-widget-container\">\n\t\t\t\t\t\t\t\t\t<p>The call affirms the need for a &#8220;transition to sustainable production and consumption patterns and sustainable food systems that meet people&#8217;s needs while staying within the planet&#8217;s limits&#8221;, as well as a &#8220;transition to sustainable growth, decoupled from resource use, including a shift to a circular and resource-efficient economy, encouraging behavioural change and significantly scaling up nature-based solutions and ecosystem approaches on land and at sea&#8221;.<\/p>\n<p>Public policy must reflect and drive this systemic change. The signatories committed to &#8220;integrate biodiversity into relevant sectoral and cross-sectoral policies at all levels, including in key sectors such as food production, agriculture, fisheries and forestry, energy, tourism, infrastructure and extractive industries, trade and supply chains&#8221;.<\/p>\n<p>Because of the close links between ecosystem conditions, animal health and human health, the signatories stress the need to &#8220;integrate the &#8216;One Health&#8217; approach into all relevant policies and decision-making processes, at all levels, in order to address health and environmental sustainability in an integrated manner.&#8221;<\/p>\n<p>Finally, the signatories, implicitly recognizing the limits of the system of voluntary commitments without real follow-up or sanctions, made a point of specifying: &#8220;We are not content with words, but we commit ourselves to meaningful action and to making ourselves mutually accountable to address the global emergency. It marks a turning point and comes with the explicit recognition that we will be judged, now and by future generations, on our willingness and ability to meet its goals.&#8221;<\/p>\n<p>The biodiversity conservation system must be based on &#8220;a clear and robust set of goals and objectives, supported by the best available science, technology and research as well as indigenous and traditional knowledge&#8221; and &#8220;a robust monitoring and review mechanism&#8221;.<\/p>\n<p>So here we have a clear statement and a comprehensive roadmap. It remains to be seen what the final impact of this &#8220;commitment&#8221; will be, beyond the recognition of the scope of the work to be done.<\/p>\n\t\t\t\t\t\t\t\t<\/div>\n\t\t\t\t<\/div>\n\t\t\t\t<section class=\"elementor-section elementor-inner-section elementor-element elementor-element-bac13b9 elementor-section-boxed elementor-section-height-default elementor-section-height-default\" data-id=\"bac13b9\" data-element_type=\"section\" data-e-type=\"section\">\n\t\t\t\t\t\t<div class=\"elementor-container elementor-column-gap-default\">\n\t\t\t\t\t<div class=\"elementor-column elementor-col-50 elementor-inner-column elementor-element elementor-element-1068ee1\" data-id=\"1068ee1\" data-element_type=\"column\" data-e-type=\"column\">\n\t\t\t<div class=\"elementor-widget-wrap elementor-element-populated\">\n\t\t\t\t\t\t<div class=\"elementor-element elementor-element-a51eb65 elementor-widget elementor-widget-text-editor\" data-id=\"a51eb65\" data-element_type=\"widget\" data-e-type=\"widget\" data-widget_type=\"text-editor.default\">\n\t\t\t\t<div class=\"elementor-widget-container\">\n\t\t\t\t\t\t\t\t\t<p>In the short term, we must hope that the months that still separate us from the 15th meeting of the parties to the <a href=\"https:\/\/www.cbd.int\/\" target=\"_blank\" rel=\"noopener\"><br \/>\n  <span style=\"text-decoration: underline\"><br \/>\n    <span style=\"color: #ffffff;text-decoration: underline\">Convention on Biological Diversity<\/span><br \/>\n  <\/span><br \/>\n<\/a>We hope that the remaining months between now and the 15th Meeting of the Parties to the Convention on Biological Diversity, which has been postponed to 2021 and will be held in Kunming, China, will be decisive. On the one hand, to translate the goodwill expressed into clear and measurable objectives, and on the other hand, to rally the large countries that are still waiting.<\/p>\n\t\t\t\t\t\t\t\t<\/div>\n\t\t\t\t<\/div>\n\t\t\t\t\t<\/div>\n\t\t<\/div>\n\t\t\t\t<div class=\"elementor-column elementor-col-50 elementor-inner-column elementor-element elementor-element-8ce2076\" data-id=\"8ce2076\" data-element_type=\"column\" data-e-type=\"column\">\n\t\t\t<div class=\"elementor-widget-wrap elementor-element-populated\">\n\t\t\t\t\t\t<div class=\"elementor-element elementor-element-5a4c012 elementor-widget elementor-widget-image\" data-id=\"5a4c012\" data-element_type=\"widget\" data-e-type=\"widget\" data-widget_type=\"image.default\">\n\t\t\t\t<div class=\"elementor-widget-container\">\n\t\t\t\t\t\t\t\t\t\t\t\t<figure class=\"wp-caption\">\n\t\t\t\t\t\t\t\t\t\t<img loading=\"lazy\" decoding=\"async\" width=\"387\" height=\"151\" src=\"https:\/\/musee.oceano.org\/wp-content\/uploads\/sites\/2\/2020\/10\/Convention-on-Biological-Diversity_logo_green.png\" class=\"attachment-large size-large wp-image-19344\" alt=\"\" srcset=\"https:\/\/musee.oceano.org\/wp-content\/uploads\/sites\/2\/2020\/10\/Convention-on-Biological-Diversity_logo_green.png 387w, https:\/\/musee.oceano.org\/wp-content\/uploads\/sites\/2\/2020\/10\/Convention-on-Biological-Diversity_logo_green-300x117.png 300w\" sizes=\"(max-width: 387px) 100vw, 387px\" \/>\t\t\t\t\t\t\t\t\t\t\t<figcaption class=\"widget-image-caption wp-caption-text\">Logo Convention on Biological Diversity<\/figcaption>\n\t\t\t\t\t\t\t\t\t\t<\/figure>\n\t\t\t\t\t\t\t\t\t<\/div>\n\t\t\t\t<\/div>\n\t\t\t\t\t<\/div>\n\t\t<\/div>\n\t\t\t\t\t<\/div>\n\t\t<\/section>\n\t\t\t\t<section class=\"elementor-section elementor-inner-section elementor-element elementor-element-a9c92bc elementor-section-boxed elementor-section-height-default elementor-section-height-default\" data-id=\"a9c92bc\" data-element_type=\"section\" data-e-type=\"section\">\n\t\t\t\t\t\t<div class=\"elementor-container elementor-column-gap-default\">\n\t\t\t\t\t<div class=\"elementor-column elementor-col-50 elementor-inner-column elementor-element elementor-element-1900f38\" data-id=\"1900f38\" data-element_type=\"column\" data-e-type=\"column\">\n\t\t\t<div class=\"elementor-widget-wrap elementor-element-populated\">\n\t\t\t\t\t\t<div class=\"elementor-element elementor-element-cb9ecae elementor-widget elementor-widget-image\" data-id=\"cb9ecae\" data-element_type=\"widget\" data-e-type=\"widget\" data-widget_type=\"image.default\">\n\t\t\t\t<div class=\"elementor-widget-container\">\n\t\t\t\t\t\t\t\t\t\t\t\t<figure class=\"wp-caption\">\n\t\t\t\t\t\t\t\t\t\t<img loading=\"lazy\" decoding=\"async\" width=\"600\" height=\"600\" src=\"https:\/\/musee.oceano.org\/wp-content\/uploads\/sites\/2\/2020\/10\/COP26_transparent-1.png\" class=\"attachment-large size-large wp-image-19332\" alt=\"\" srcset=\"https:\/\/musee.oceano.org\/wp-content\/uploads\/sites\/2\/2020\/10\/COP26_transparent-1.png 600w, https:\/\/musee.oceano.org\/wp-content\/uploads\/sites\/2\/2020\/10\/COP26_transparent-1-300x300.png 300w, https:\/\/musee.oceano.org\/wp-content\/uploads\/sites\/2\/2020\/10\/COP26_transparent-1-150x150.png 150w, https:\/\/musee.oceano.org\/wp-content\/uploads\/sites\/2\/2020\/10\/COP26_transparent-1-433x433.png 433w, https:\/\/musee.oceano.org\/wp-content\/uploads\/sites\/2\/2020\/10\/COP26_transparent-1-334x334.png 334w\" sizes=\"(max-width: 600px) 100vw, 600px\" \/>\t\t\t\t\t\t\t\t\t\t\t<figcaption class=\"widget-image-caption wp-caption-text\">Logo COP26 Glasgow<\/figcaption>\n\t\t\t\t\t\t\t\t\t\t<\/figure>\n\t\t\t\t\t\t\t\t\t<\/div>\n\t\t\t\t<\/div>\n\t\t\t\t\t<\/div>\n\t\t<\/div>\n\t\t\t\t<div class=\"elementor-column elementor-col-50 elementor-inner-column elementor-element elementor-element-a0d99c3\" data-id=\"a0d99c3\" data-element_type=\"column\" data-e-type=\"column\">\n\t\t\t<div class=\"elementor-widget-wrap elementor-element-populated\">\n\t\t\t\t\t\t<div class=\"elementor-element elementor-element-d677790 elementor-widget elementor-widget-text-editor\" data-id=\"d677790\" data-element_type=\"widget\" data-e-type=\"widget\" data-widget_type=\"text-editor.default\">\n\t\t\t\t<div class=\"elementor-widget-container\">\n\t\t\t\t\t\t\t\t\t<p>In the medium term, this step forward will have to be translated into action and the objectives will have to be achieved. The decade starting in 2021 will be the decade of a new framework for global biodiversity, which I hope will be ambitious, the decade of strengthened national commitments for climate (to be decided at the <span style=\"text-decoration: underline\"><br \/>\n  <span style=\"color: #ffffff;text-decoration: underline\"><br \/>\n    <a style=\"color: #ffffff;text-decoration: underline\" href=\"https:\/\/www.ukcop26.org\/\" target=\"_blank\" rel=\"noopener\">COP26 in Glasgow<\/a><br \/>\n  <\/span><br \/>\n<\/span>), the decade of ocean sciences for sustainable development, the decade of ecosystem restoration. All these dynamics can converge to make a real difference in the preservation of our planet&#8230; Let&#8217;s not spoil such an alignment of the planets!  <\/p>\n\t\t\t\t\t\t\t\t<\/div>\n\t\t\t\t<\/div>\n\t\t\t\t\t<\/div>\n\t\t<\/div>\n\t\t\t\t\t<\/div>\n\t\t<\/section>\n\t\t\t\t\t<\/div>\n\t\t<\/div>\n\t\t\t\t\t<\/div>\n\t\t<\/section>\n\t\t\t\t<section class=\"elementor-section elementor-top-section elementor-element elementor-element-6ff4275c elementor-section-boxed elementor-section-height-default elementor-section-height-default\" data-id=\"6ff4275c\" data-element_type=\"section\" data-e-type=\"section\" data-settings=\"{&quot;background_background&quot;:&quot;classic&quot;}\">\n\t\t\t\t\t\t<div class=\"elementor-container elementor-column-gap-default\">\n\t\t\t\t\t<div class=\"elementor-column elementor-col-50 elementor-top-column elementor-element elementor-element-772d78fc\" data-id=\"772d78fc\" data-element_type=\"column\" data-e-type=\"column\" data-settings=\"{&quot;background_background&quot;:&quot;classic&quot;}\">\n\t\t\t<div class=\"elementor-widget-wrap elementor-element-populated\">\n\t\t\t\t\t\t<div class=\"elementor-element elementor-element-5c5edfcf elementor-widget elementor-widget-text-editor\" data-id=\"5c5edfcf\" data-element_type=\"widget\" data-e-type=\"widget\" data-widget_type=\"text-editor.default\">\n\t\t\t\t<div class=\"elementor-widget-container\">\n\t\t\t\t\t\t\t\t\t<p>In his message to the summit of Heads of State and Government on biodiversity organised by the United Nations on 30 September 2020, H.S.H. Prince Albert II recalled the importance of biodiversity as a fundamentally social issue.<\/p>\n\t\t\t\t\t\t\t\t<\/div>\n\t\t\t\t<\/div>\n\t\t\t\t<div class=\"elementor-element elementor-element-22a81e14 elementor-blockquote--skin-quotation elementor-blockquote--align-left elementor-widget elementor-widget-blockquote\" data-id=\"22a81e14\" data-element_type=\"widget\" data-e-type=\"widget\" data-widget_type=\"blockquote.default\">\n\t\t\t\t<div class=\"elementor-widget-container\">\n\t\t\t\t\t\t\t<blockquote class=\"elementor-blockquote\">\n\t\t\t<p class=\"elementor-blockquote__content\">\n\t\t\t\t  \"Of all the many painful crises facing our world, the one concerning biodiversity is probably one of the least noticeable. It is however one of the most acute.<br><br>\n  This phenomenon is not only measured in species loss. It is also measured in crop losses, in drought, in floods, in human tragedy. \u00bb<br><br>\n  \"It's not just about preserving a few species, a few ecosystems, or even a few seas. It's about preserving our planet, our future, our lives. \u00bb<br><br>\n  The Sovereign also specified the main initiatives that the Principality is already supporting in favour of marine biodiversity:<br><br>\n  \"The Principality of Monaco has joined the Global Ocean Alliance, which aims to protect at least 30% of the ocean by 2030, in the form of marine protected areas, and this should not exclude Antarctica, the continent that our predecessors in their wisdom dedicated to science.\n\t[Monaco a]  created, with France and Tunisia, the Medfund, an innovative financial mechanism designed to promote the development and networking of Mediterranean marine protected areas. \u00bb\n\t\t\t<\/p>\n\t\t\t\t\t\t\t<div class=\"e-q-footer\">\n\t\t\t\t\t\t\t\t\t\t\t<cite class=\"elementor-blockquote__author\">S.A.S. le Prince Albert II  de Monaco<\/cite>\n\t\t\t\t\t\t\t\t\t\t\t\t\t\t<\/div>\n\t\t\t\t\t<\/blockquote>\n\t\t\t\t\t\t<\/div>\n\t\t\t\t<\/div>\n\t\t\t\t<div class=\"elementor-element elementor-element-fd0dee4 elementor-widget elementor-widget-text-editor\" data-id=\"fd0dee4\" data-element_type=\"widget\" data-e-type=\"widget\" data-widget_type=\"text-editor.default\">\n\t\t\t\t<div class=\"elementor-widget-container\">\n\t\t\t\t\t\t\t\t\t<p>Finally, the worrying situation of coral reefs has led the International Coral Reef Initiative (ICRI), which Monaco co-chairs, to propose to include the recognition of their specificity in the context of the Global Biodiversity Framework, in view of their importance and their situation.<\/p>\n\t\t\t\t\t\t\t\t<\/div>\n\t\t\t\t<\/div>\n\t\t\t\t\t<\/div>\n\t\t<\/div>\n\t\t\t\t<div class=\"elementor-column elementor-col-50 elementor-top-column elementor-element elementor-element-4f181b20\" data-id=\"4f181b20\" data-element_type=\"column\" data-e-type=\"column\" data-settings=\"{&quot;background_background&quot;:&quot;classic&quot;}\">\n\t\t\t<div class=\"elementor-widget-wrap elementor-element-populated\">\n\t\t\t\t\t\t<div class=\"elementor-element elementor-element-7d595dd2 elementor-zoom elementor-widget elementor-widget-image\" data-id=\"7d595dd2\" data-element_type=\"widget\" data-e-type=\"widget\" data-widget_type=\"image.default\">\n\t\t\t\t<div class=\"elementor-widget-container\">\n\t\t\t\t\t\t\t\t\t\t\t\t<figure class=\"wp-caption\">\n\t\t\t\t\t\t\t\t\t\t<img loading=\"lazy\" decoding=\"async\" width=\"800\" height=\"981\" src=\"https:\/\/musee.oceano.org\/wp-content\/uploads\/sites\/2\/2020\/10\/S.A.S.-le-Prince-Albert-II-de-Monaco-MBI-2017-P.-Fitte-low-5.jpg\" class=\"attachment-large size-large wp-image-19381\" alt=\"\" srcset=\"https:\/\/musee.oceano.org\/wp-content\/uploads\/sites\/2\/2020\/10\/S.A.S.-le-Prince-Albert-II-de-Monaco-MBI-2017-P.-Fitte-low-5.jpg 800w, https:\/\/musee.oceano.org\/wp-content\/uploads\/sites\/2\/2020\/10\/S.A.S.-le-Prince-Albert-II-de-Monaco-MBI-2017-P.-Fitte-low-5-245x300.jpg 245w, https:\/\/musee.oceano.org\/wp-content\/uploads\/sites\/2\/2020\/10\/S.A.S.-le-Prince-Albert-II-de-Monaco-MBI-2017-P.-Fitte-low-5-768x942.jpg 768w\" sizes=\"(max-width: 800px) 100vw, 800px\" \/>\t\t\t\t\t\t\t\t\t\t\t<figcaption class=\"widget-image-caption wp-caption-text\">Monaco Blue Initiative, Lundi 3 Avril 2017, Mus\u00e9e Oc\u00e9anographique de Monaco<\/figcaption>\n\t\t\t\t\t\t\t\t\t\t<\/figure>\n\t\t\t\t\t\t\t\t\t<\/div>\n\t\t\t\t<\/div>\n\t\t\t\t<div class=\"elementor-element elementor-element-c85f186 elementor-widget elementor-widget-html\" data-id=\"c85f186\" data-element_type=\"widget\" data-e-type=\"widget\" data-widget_type=\"html.default\">\n\t\t\t\t<div class=\"elementor-widget-container\">\n\t\t\t\t\t<a href=\"https:\/\/www.oceano.org\/actualites-institut\/discours-ocean\/\" id=\"btn-larger\" class=\"btn border-white\" download=\"\">\n    <span class=\"btn-text\">  Read the speeches of<br>  H.S.H. Prince Albert II of Monaco<\/span>\n    <span class=\"Coralwave1\"><\/span>\n    <span class=\"Coralwave2\"><\/span> \n<\/a>\t\t\t\t<\/div>\n\t\t\t\t<\/div>\n\t\t\t\t\t<\/div>\n\t\t<\/div>\n\t\t\t\t\t<\/div>\n\t\t<\/section>\n\t\t\t\t<section class=\"elementor-section elementor-top-section elementor-element elementor-element-51ce54c3 elementor-section-full_width elementor-section-height-default elementor-section-height-default\" data-id=\"51ce54c3\" data-element_type=\"section\" data-e-type=\"section\">\n\t\t\t\t\t\t<div class=\"elementor-container elementor-column-gap-default\">\n\t\t\t\t\t<div class=\"elementor-column elementor-col-100 elementor-top-column elementor-element elementor-element-3a46d215\" data-id=\"3a46d215\" data-element_type=\"column\" data-e-type=\"column\">\n\t\t\t<div class=\"elementor-widget-wrap elementor-element-populated\">\n\t\t\t\t\t\t<div class=\"elementor-element elementor-element-196fe811 elementor-widget elementor-widget-heading\" data-id=\"196fe811\" data-element_type=\"widget\" data-e-type=\"widget\" data-widget_type=\"heading.default\">\n\t\t\t\t<div class=\"elementor-widget-container\">\n\t\t\t\t\t<h2 class=\"elementor-heading-title elementor-size-default\">See also<\/h2>\t\t\t\t<\/div>\n\t\t\t\t<\/div>\n\t\t\t\t\t<\/div>\n\t\t<\/div>\n\t\t\t\t\t<\/div>\n\t\t<\/section>\n\t\t\t\t<section class=\"elementor-section elementor-top-section elementor-element elementor-element-54e75a0 elementor-section-boxed elementor-section-height-default elementor-section-height-default\" data-id=\"54e75a0\" data-element_type=\"section\" data-e-type=\"section\" data-settings=\"{&quot;background_background&quot;:&quot;classic&quot;}\">\n\t\t\t\t\t\t<div class=\"elementor-container elementor-column-gap-default\">\n\t\t\t\t\t<div class=\"elementor-column elementor-col-33 elementor-top-column elementor-element elementor-element-e597010 animated-slow elementor-invisible\" data-id=\"e597010\" data-element_type=\"column\" data-e-type=\"column\" data-settings=\"{&quot;animation&quot;:&quot;fadeInUp&quot;}\">\n\t\t\t<div class=\"elementor-widget-wrap elementor-element-populated\">\n\t\t\t\t\t\t<div class=\"elementor-element elementor-element-49179ff0 elementor-zoom elementor-widget elementor-widget-image\" data-id=\"49179ff0\" data-element_type=\"widget\" data-e-type=\"widget\" data-widget_type=\"image.default\">\n\t\t\t\t<div class=\"elementor-widget-container\">\n\t\t\t\t\t\t\t\t\t\t\t\t\t\t\t<img loading=\"lazy\" decoding=\"async\" width=\"150\" height=\"150\" src=\"https:\/\/musee.oceano.org\/wp-content\/uploads\/sites\/2\/2020\/10\/06_M\u00e9duse-Pelagia-noctiluca_M_Dagnino-scaled-150x150.jpg\" class=\"attachment-thumbnail size-thumbnail wp-image-19387\" alt=\"M\u00e9duse P\u00e9lagie Pelagia noctiluca\" srcset=\"https:\/\/musee.oceano.org\/wp-content\/uploads\/sites\/2\/2020\/10\/06_M\u00e9duse-Pelagia-noctiluca_M_Dagnino-scaled-150x150.jpg 150w, https:\/\/musee.oceano.org\/wp-content\/uploads\/sites\/2\/2020\/10\/06_M\u00e9duse-Pelagia-noctiluca_M_Dagnino-scaled-433x433.jpg 433w, https:\/\/musee.oceano.org\/wp-content\/uploads\/sites\/2\/2020\/10\/06_M\u00e9duse-Pelagia-noctiluca_M_Dagnino-scaled-334x334.jpg 334w\" sizes=\"(max-width: 150px) 100vw, 150px\" \/>\t\t\t\t\t\t\t\t\t\t\t\t\t\t\t<\/div>\n\t\t\t\t<\/div>\n\t\t\t\t<div class=\"elementor-element elementor-element-107cff77 elementor-align-center elementor-widget elementor-widget-button\" data-id=\"107cff77\" data-element_type=\"widget\" data-e-type=\"widget\" data-widget_type=\"button.default\">\n\t\t\t\t<div class=\"elementor-widget-container\">\n\t\t\t\t\t\t\t\t\t<div class=\"elementor-button-wrapper\">\n\t\t\t\t\t<a class=\"elementor-button elementor-button-link elementor-size-md\" href=\"https:\/\/www.oceano.org\/actualites-institut\/rapport-sur-la-biodiversite-ipbes-crepuscule-sur-la-nature\/\">\n\t\t\t\t\t\t<span class=\"elementor-button-content-wrapper\">\n\t\t\t\t\t\t\t\t\t<span class=\"elementor-button-text\">Biodiversity Report: Twilight on Nature<\/span>\n\t\t\t\t\t<\/span>\n\t\t\t\t\t<\/a>\n\t\t\t\t<\/div>\n\t\t\t\t\t\t\t\t<\/div>\n\t\t\t\t<\/div>\n\t\t\t\t\t<\/div>\n\t\t<\/div>\n\t\t\t\t<div class=\"elementor-column elementor-col-33 elementor-top-column elementor-element elementor-element-2e5aebf6 animated-slow elementor-invisible\" data-id=\"2e5aebf6\" data-element_type=\"column\" data-e-type=\"column\" data-settings=\"{&quot;animation&quot;:&quot;fadeInUp&quot;}\">\n\t\t\t<div class=\"elementor-widget-wrap elementor-element-populated\">\n\t\t\t\t\t\t<div class=\"elementor-element elementor-element-77a9585d elementor-zoom elementor-widget elementor-widget-image\" data-id=\"77a9585d\" data-element_type=\"widget\" data-e-type=\"widget\" data-widget_type=\"image.default\">\n\t\t\t\t<div class=\"elementor-widget-container\">\n\t\t\t\t\t\t\t\t\t\t\t\t\t\t\t<img loading=\"lazy\" decoding=\"async\" width=\"150\" height=\"150\" src=\"https:\/\/musee.oceano.org\/wp-content\/uploads\/sites\/2\/2020\/10\/Inger-Andersen-Directrice-ex\u00e9cutive-du-Programme-des-Nations-Unies-pour-lenvironnement-3-mars-2020-\u00a9-M.-Dagnino-Institut-o-150x150.jpg\" class=\"attachment-thumbnail size-thumbnail wp-image-19393\" alt=\"Inger Andersen, Directrice ex\u00e9cutive du Programme des Nations Unies pour l&#039;environnement - 3 mars 2020\" srcset=\"https:\/\/musee.oceano.org\/wp-content\/uploads\/sites\/2\/2020\/10\/Inger-Andersen-Directrice-ex\u00e9cutive-du-Programme-des-Nations-Unies-pour-lenvironnement-3-mars-2020-\u00a9-M.-Dagnino-Institut-o-150x150.jpg 150w, https:\/\/musee.oceano.org\/wp-content\/uploads\/sites\/2\/2020\/10\/Inger-Andersen-Directrice-ex\u00e9cutive-du-Programme-des-Nations-Unies-pour-lenvironnement-3-mars-2020-\u00a9-M.-Dagnino-Institut-o-433x433.jpg 433w, https:\/\/musee.oceano.org\/wp-content\/uploads\/sites\/2\/2020\/10\/Inger-Andersen-Directrice-ex\u00e9cutive-du-Programme-des-Nations-Unies-pour-lenvironnement-3-mars-2020-\u00a9-M.-Dagnino-Institut-o-334x334.jpg 334w\" sizes=\"(max-width: 150px) 100vw, 150px\" \/>\t\t\t\t\t\t\t\t\t\t\t\t\t\t\t<\/div>\n\t\t\t\t<\/div>\n\t\t\t\t<div class=\"elementor-element elementor-element-9c7ec16 elementor-align-center elementor-widget elementor-widget-button\" data-id=\"9c7ec16\" data-element_type=\"widget\" data-e-type=\"widget\" data-widget_type=\"button.default\">\n\t\t\t\t<div class=\"elementor-widget-container\">\n\t\t\t\t\t\t\t\t\t<div class=\"elementor-button-wrapper\">\n\t\t\t\t\t<a class=\"elementor-button elementor-button-link elementor-size-md\" href=\"\/leading-figures\/\">\n\t\t\t\t\t\t<span class=\"elementor-button-content-wrapper\">\n\t\t\t\t\t\t\t\t\t<span class=\"elementor-button-text\">New Global Biodiversity Coalition<\/span>\n\t\t\t\t\t<\/span>\n\t\t\t\t\t<\/a>\n\t\t\t\t<\/div>\n\t\t\t\t\t\t\t\t<\/div>\n\t\t\t\t<\/div>\n\t\t\t\t\t<\/div>\n\t\t<\/div>\n\t\t\t\t<div class=\"elementor-column elementor-col-33 elementor-top-column elementor-element elementor-element-31018e24 animated-slow elementor-invisible\" data-id=\"31018e24\" data-element_type=\"column\" data-e-type=\"column\" data-settings=\"{&quot;animation&quot;:&quot;fadeInUp&quot;}\">\n\t\t\t<div class=\"elementor-widget-wrap elementor-element-populated\">\n\t\t\t\t\t\t<div class=\"elementor-element elementor-element-1b4a788e elementor-zoom elementor-widget elementor-widget-image\" data-id=\"1b4a788e\" data-element_type=\"widget\" data-e-type=\"widget\" data-widget_type=\"image.default\">\n\t\t\t\t<div class=\"elementor-widget-container\">\n\t\t\t\t\t\t\t\t\t\t\t\t\t\t\t<img loading=\"lazy\" decoding=\"async\" width=\"150\" height=\"150\" src=\"https:\/\/musee.oceano.org\/wp-content\/uploads\/sites\/2\/2020\/10\/Olivier-150x150.jpg\" class=\"attachment-thumbnail size-thumbnail wp-image-19399\" alt=\"Affiche Vivons l&#039;Oc\u00e9an\" srcset=\"https:\/\/musee.oceano.org\/wp-content\/uploads\/sites\/2\/2020\/10\/Olivier-150x150.jpg 150w, https:\/\/musee.oceano.org\/wp-content\/uploads\/sites\/2\/2020\/10\/Olivier-433x433.jpg 433w, https:\/\/musee.oceano.org\/wp-content\/uploads\/sites\/2\/2020\/10\/Olivier-334x334.jpg 334w\" sizes=\"(max-width: 150px) 100vw, 150px\" \/>\t\t\t\t\t\t\t\t\t\t\t\t\t\t\t<\/div>\n\t\t\t\t<\/div>\n\t\t\t\t<div class=\"elementor-element elementor-element-129a731a elementor-align-center elementor-widget elementor-widget-button\" data-id=\"129a731a\" data-element_type=\"widget\" data-e-type=\"widget\" data-widget_type=\"button.default\">\n\t\t\t\t<div class=\"elementor-widget-container\">\n\t\t\t\t\t\t\t\t\t<div class=\"elementor-button-wrapper\">\n\t\t\t\t\t<a class=\"elementor-button elementor-button-link elementor-size-md\" href=\"https:\/\/www.oceano.org\/actualites-institut\/devenir-ambassadeur-de-locean\/\">\n\t\t\t\t\t\t<span class=\"elementor-button-content-wrapper\">\n\t\t\t\t\t\t\t\t\t<span class=\"elementor-button-text\">become an ocean ambassador<\/span>\n\t\t\t\t\t<\/span>\n\t\t\t\t\t<\/a>\n\t\t\t\t<\/div>\n\t\t\t\t\t\t\t\t<\/div>\n\t\t\t\t<\/div>\n\t\t\t\t\t<\/div>\n\t\t<\/div>\n\t\t\t\t\t<\/div>\n\t\t<\/section>\n\t\t\t\t<\/div>\n\t\t","protected":false},"excerpt":{"rendered":"<p>At the United Nations Summit of Heads of State and Government on Biodiversity on 30 September 2020, a bloc of countries showed more determination than ever to reverse this trend.<\/p>\n","protected":false},"author":12,"featured_media":19375,"comment_status":"closed","ping_status":"closed","sticky":false,"template":"","format":"standard","meta":{"_acf_changed":false,"footnotes":""},"categories":[220],"tags":[],"thematiques_actualites":[179],"class_list":["post-30693","post","type-post","status-publish","format-standard","has-post-thumbnail","hentry","category-monaco-la-voix-de-locean","thematiques_actualites-biodiversite-marine-en"],"acf":[],"yoast_head":"<!-- This site is optimized with the Yoast SEO plugin v27.2 - https:\/\/yoast.com\/product\/yoast-seo-wordpress\/ -->\n<title>A decisive step for the preservation of biodiversity? - Mus\u00e9e Oc\u00e9anographique de Monaco<\/title>\n<meta name=\"description\" content=\"During the summit of Heads of State and Government on biodiversity organised by the United Nations on 30 September 2020, a group of countries - of which Monaco is naturally a part - showed greater determination than ever to reverse this trend. Some sixty Heads of State and Government have signed a &quot;Leaders&#039; Commitment for Nature&quot;.\" \/>\n<meta name=\"robots\" content=\"index, follow, max-snippet:-1, max-image-preview:large, max-video-preview:-1\" \/>\n<link rel=\"canonical\" href=\"https:\/\/musee.oceano.org\/en\/2021\/07\/07\/a-decisive-step-for-the-preservation-of-biodiversity\/\" \/>\n<meta property=\"og:locale\" content=\"en_US\" \/>\n<meta property=\"og:type\" content=\"article\" \/>\n<meta property=\"og:title\" content=\"A decisive step for the preservation of biodiversity? - Mus\u00e9e Oc\u00e9anographique de Monaco\" \/>\n<meta property=\"og:description\" content=\"During the summit of Heads of State and Government on biodiversity organised by the United Nations on 30 September 2020, a group of countries - of which Monaco is naturally a part - showed greater determination than ever to reverse this trend. Some sixty Heads of State and Government have signed a &quot;Leaders&#039; Commitment for Nature&quot;.\" \/>\n<meta property=\"og:url\" content=\"https:\/\/musee.oceano.org\/en\/2021\/07\/07\/a-decisive-step-for-the-preservation-of-biodiversity\/\" \/>\n<meta property=\"og:site_name\" content=\"Mus\u00e9e Oc\u00e9anographique de Monaco\" \/>\n<meta property=\"article:published_time\" content=\"2021-07-07T12:04:12+00:00\" \/>\n<meta property=\"article:modified_time\" content=\"2021-07-07T12:06:01+00:00\" \/>\n<meta property=\"og:image\" content=\"https:\/\/musee.oceano.org\/wp-content\/uploads\/sites\/2\/2020\/10\/Un-pas-decisif-pour-la-preservation-de-la-biodiversite-header.jpg\" \/>\n\t<meta property=\"og:image:width\" content=\"1949\" \/>\n\t<meta property=\"og:image:height\" content=\"1057\" \/>\n\t<meta property=\"og:image:type\" content=\"image\/jpeg\" \/>\n<meta name=\"twitter:card\" content=\"summary_large_image\" \/>\n<meta name=\"twitter:label1\" content=\"Written by\" \/>\n\t<meta name=\"twitter:data1\" content=\"\" \/>\n\t<meta name=\"twitter:label2\" content=\"Est. reading time\" \/>\n\t<meta name=\"twitter:data2\" content=\"7 minutes\" \/>\n<script type=\"application\/ld+json\" class=\"yoast-schema-graph\">{\"@context\":\"https:\/\/schema.org\",\"@graph\":[{\"@type\":\"Article\",\"@id\":\"https:\/\/musee.oceano.org\/en\/2021\/07\/07\/a-decisive-step-for-the-preservation-of-biodiversity\/#article\",\"isPartOf\":{\"@id\":\"https:\/\/musee.oceano.org\/en\/2021\/07\/07\/a-decisive-step-for-the-preservation-of-biodiversity\/\"},\"author\":{\"name\":\"\",\"@id\":\"\"},\"headline\":\"A decisive step for the preservation of biodiversity?\",\"datePublished\":\"2021-07-07T12:04:12+00:00\",\"dateModified\":\"2021-07-07T12:06:01+00:00\",\"mainEntityOfPage\":{\"@id\":\"https:\/\/musee.oceano.org\/en\/2021\/07\/07\/a-decisive-step-for-the-preservation-of-biodiversity\/\"},\"wordCount\":1329,\"image\":{\"@id\":\"https:\/\/musee.oceano.org\/en\/2021\/07\/07\/a-decisive-step-for-the-preservation-of-biodiversity\/#primaryimage\"},\"thumbnailUrl\":\"https:\/\/musee.oceano.org\/wp-content\/uploads\/sites\/2\/2020\/10\/Un-pas-decisif-pour-la-preservation-de-la-biodiversite-header.jpg\",\"articleSection\":[\"Monaco, la voix de l'Oc\u00e9an\"],\"inLanguage\":\"en-US\"},{\"@type\":\"WebPage\",\"@id\":\"https:\/\/musee.oceano.org\/en\/2021\/07\/07\/a-decisive-step-for-the-preservation-of-biodiversity\/\",\"url\":\"https:\/\/musee.oceano.org\/en\/2021\/07\/07\/a-decisive-step-for-the-preservation-of-biodiversity\/\",\"name\":\"A decisive step for the preservation of biodiversity? - Mus\u00e9e Oc\u00e9anographique de Monaco\",\"isPartOf\":{\"@id\":\"https:\/\/musee.oceano.org\/#website\"},\"primaryImageOfPage\":{\"@id\":\"https:\/\/musee.oceano.org\/en\/2021\/07\/07\/a-decisive-step-for-the-preservation-of-biodiversity\/#primaryimage\"},\"image\":{\"@id\":\"https:\/\/musee.oceano.org\/en\/2021\/07\/07\/a-decisive-step-for-the-preservation-of-biodiversity\/#primaryimage\"},\"thumbnailUrl\":\"https:\/\/musee.oceano.org\/wp-content\/uploads\/sites\/2\/2020\/10\/Un-pas-decisif-pour-la-preservation-de-la-biodiversite-header.jpg\",\"datePublished\":\"2021-07-07T12:04:12+00:00\",\"dateModified\":\"2021-07-07T12:06:01+00:00\",\"author\":{\"@id\":\"\"},\"description\":\"During the summit of Heads of State and Government on biodiversity organised by the United Nations on 30 September 2020, a group of countries - of which Monaco is naturally a part - showed greater determination than ever to reverse this trend. Some sixty Heads of State and Government have signed a \\\"Leaders' Commitment for Nature\\\".\",\"breadcrumb\":{\"@id\":\"https:\/\/musee.oceano.org\/en\/2021\/07\/07\/a-decisive-step-for-the-preservation-of-biodiversity\/#breadcrumb\"},\"inLanguage\":\"en-US\",\"potentialAction\":[{\"@type\":\"ReadAction\",\"target\":[\"https:\/\/musee.oceano.org\/en\/2021\/07\/07\/a-decisive-step-for-the-preservation-of-biodiversity\/\"]}]},{\"@type\":\"ImageObject\",\"inLanguage\":\"en-US\",\"@id\":\"https:\/\/musee.oceano.org\/en\/2021\/07\/07\/a-decisive-step-for-the-preservation-of-biodiversity\/#primaryimage\",\"url\":\"https:\/\/musee.oceano.org\/wp-content\/uploads\/sites\/2\/2020\/10\/Un-pas-decisif-pour-la-preservation-de-la-biodiversite-header.jpg\",\"contentUrl\":\"https:\/\/musee.oceano.org\/wp-content\/uploads\/sites\/2\/2020\/10\/Un-pas-decisif-pour-la-preservation-de-la-biodiversite-header.jpg\",\"width\":1949,\"height\":1057,\"caption\":\"Cr\u00e9dit photo : Symeon Ekizoglou @ Pexel\"},{\"@type\":\"BreadcrumbList\",\"@id\":\"https:\/\/musee.oceano.org\/en\/2021\/07\/07\/a-decisive-step-for-the-preservation-of-biodiversity\/#breadcrumb\",\"itemListElement\":[{\"@type\":\"ListItem\",\"position\":1,\"name\":\"Home\",\"item\":\"https:\/\/musee.oceano.org\/en\/\"},{\"@type\":\"ListItem\",\"position\":2,\"name\":\"A decisive step for the preservation of biodiversity?\"}]},{\"@type\":\"WebSite\",\"@id\":\"https:\/\/musee.oceano.org\/#website\",\"url\":\"https:\/\/musee.oceano.org\/\",\"name\":\"Mus\u00e9e Oc\u00e9anographique de Monaco\",\"description\":\"Faire conna\u00eetre, aimer et prot\u00e9ger les oc\u00e9ans\",\"potentialAction\":[{\"@type\":\"SearchAction\",\"target\":{\"@type\":\"EntryPoint\",\"urlTemplate\":\"https:\/\/musee.oceano.org\/?s={search_term_string}\"},\"query-input\":{\"@type\":\"PropertyValueSpecification\",\"valueRequired\":true,\"valueName\":\"search_term_string\"}}],\"inLanguage\":\"en-US\"},{\"@type\":\"Person\",\"@id\":\"\"}]}<\/script>\n<!-- \/ Yoast SEO plugin. -->","yoast_head_json":{"title":"A decisive step for the preservation of biodiversity? - Mus\u00e9e Oc\u00e9anographique de Monaco","description":"During the summit of Heads of State and Government on biodiversity organised by the United Nations on 30 September 2020, a group of countries - of which Monaco is naturally a part - showed greater determination than ever to reverse this trend. Some sixty Heads of State and Government have signed a \"Leaders' Commitment for Nature\".","robots":{"index":"index","follow":"follow","max-snippet":"max-snippet:-1","max-image-preview":"max-image-preview:large","max-video-preview":"max-video-preview:-1"},"canonical":"https:\/\/musee.oceano.org\/en\/2021\/07\/07\/a-decisive-step-for-the-preservation-of-biodiversity\/","og_locale":"en_US","og_type":"article","og_title":"A decisive step for the preservation of biodiversity? - Mus\u00e9e Oc\u00e9anographique de Monaco","og_description":"During the summit of Heads of State and Government on biodiversity organised by the United Nations on 30 September 2020, a group of countries - of which Monaco is naturally a part - showed greater determination than ever to reverse this trend. Some sixty Heads of State and Government have signed a \"Leaders' Commitment for Nature\".","og_url":"https:\/\/musee.oceano.org\/en\/2021\/07\/07\/a-decisive-step-for-the-preservation-of-biodiversity\/","og_site_name":"Mus\u00e9e Oc\u00e9anographique de Monaco","article_published_time":"2021-07-07T12:04:12+00:00","article_modified_time":"2021-07-07T12:06:01+00:00","og_image":[{"width":1949,"height":1057,"url":"https:\/\/musee.oceano.org\/wp-content\/uploads\/sites\/2\/2020\/10\/Un-pas-decisif-pour-la-preservation-de-la-biodiversite-header.jpg","type":"image\/jpeg"}],"twitter_card":"summary_large_image","twitter_misc":{"Written by":"","Est. reading time":"7 minutes"},"schema":{"@context":"https:\/\/schema.org","@graph":[{"@type":"Article","@id":"https:\/\/musee.oceano.org\/en\/2021\/07\/07\/a-decisive-step-for-the-preservation-of-biodiversity\/#article","isPartOf":{"@id":"https:\/\/musee.oceano.org\/en\/2021\/07\/07\/a-decisive-step-for-the-preservation-of-biodiversity\/"},"author":{"name":"","@id":""},"headline":"A decisive step for the preservation of biodiversity?","datePublished":"2021-07-07T12:04:12+00:00","dateModified":"2021-07-07T12:06:01+00:00","mainEntityOfPage":{"@id":"https:\/\/musee.oceano.org\/en\/2021\/07\/07\/a-decisive-step-for-the-preservation-of-biodiversity\/"},"wordCount":1329,"image":{"@id":"https:\/\/musee.oceano.org\/en\/2021\/07\/07\/a-decisive-step-for-the-preservation-of-biodiversity\/#primaryimage"},"thumbnailUrl":"https:\/\/musee.oceano.org\/wp-content\/uploads\/sites\/2\/2020\/10\/Un-pas-decisif-pour-la-preservation-de-la-biodiversite-header.jpg","articleSection":["Monaco, la voix de l'Oc\u00e9an"],"inLanguage":"en-US"},{"@type":"WebPage","@id":"https:\/\/musee.oceano.org\/en\/2021\/07\/07\/a-decisive-step-for-the-preservation-of-biodiversity\/","url":"https:\/\/musee.oceano.org\/en\/2021\/07\/07\/a-decisive-step-for-the-preservation-of-biodiversity\/","name":"A decisive step for the preservation of biodiversity? - Mus\u00e9e Oc\u00e9anographique de Monaco","isPartOf":{"@id":"https:\/\/musee.oceano.org\/#website"},"primaryImageOfPage":{"@id":"https:\/\/musee.oceano.org\/en\/2021\/07\/07\/a-decisive-step-for-the-preservation-of-biodiversity\/#primaryimage"},"image":{"@id":"https:\/\/musee.oceano.org\/en\/2021\/07\/07\/a-decisive-step-for-the-preservation-of-biodiversity\/#primaryimage"},"thumbnailUrl":"https:\/\/musee.oceano.org\/wp-content\/uploads\/sites\/2\/2020\/10\/Un-pas-decisif-pour-la-preservation-de-la-biodiversite-header.jpg","datePublished":"2021-07-07T12:04:12+00:00","dateModified":"2021-07-07T12:06:01+00:00","author":{"@id":""},"description":"During the summit of Heads of State and Government on biodiversity organised by the United Nations on 30 September 2020, a group of countries - of which Monaco is naturally a part - showed greater determination than ever to reverse this trend. Some sixty Heads of State and Government have signed a \"Leaders' Commitment for Nature\".","breadcrumb":{"@id":"https:\/\/musee.oceano.org\/en\/2021\/07\/07\/a-decisive-step-for-the-preservation-of-biodiversity\/#breadcrumb"},"inLanguage":"en-US","potentialAction":[{"@type":"ReadAction","target":["https:\/\/musee.oceano.org\/en\/2021\/07\/07\/a-decisive-step-for-the-preservation-of-biodiversity\/"]}]},{"@type":"ImageObject","inLanguage":"en-US","@id":"https:\/\/musee.oceano.org\/en\/2021\/07\/07\/a-decisive-step-for-the-preservation-of-biodiversity\/#primaryimage","url":"https:\/\/musee.oceano.org\/wp-content\/uploads\/sites\/2\/2020\/10\/Un-pas-decisif-pour-la-preservation-de-la-biodiversite-header.jpg","contentUrl":"https:\/\/musee.oceano.org\/wp-content\/uploads\/sites\/2\/2020\/10\/Un-pas-decisif-pour-la-preservation-de-la-biodiversite-header.jpg","width":1949,"height":1057,"caption":"Cr\u00e9dit photo : Symeon Ekizoglou @ Pexel"},{"@type":"BreadcrumbList","@id":"https:\/\/musee.oceano.org\/en\/2021\/07\/07\/a-decisive-step-for-the-preservation-of-biodiversity\/#breadcrumb","itemListElement":[{"@type":"ListItem","position":1,"name":"Home","item":"https:\/\/musee.oceano.org\/en\/"},{"@type":"ListItem","position":2,"name":"A decisive step for the preservation of biodiversity?"}]},{"@type":"WebSite","@id":"https:\/\/musee.oceano.org\/#website","url":"https:\/\/musee.oceano.org\/","name":"Mus\u00e9e Oc\u00e9anographique de Monaco","description":"Faire conna\u00eetre, aimer et prot\u00e9ger les oc\u00e9ans","potentialAction":[{"@type":"SearchAction","target":{"@type":"EntryPoint","urlTemplate":"https:\/\/musee.oceano.org\/?s={search_term_string}"},"query-input":{"@type":"PropertyValueSpecification","valueRequired":true,"valueName":"search_term_string"}}],"inLanguage":"en-US"},{"@type":"Person","@id":""}]}},"_links":{"self":[{"href":"https:\/\/musee.oceano.org\/en\/wp-json\/wp\/v2\/posts\/30693","targetHints":{"allow":["GET"]}}],"collection":[{"href":"https:\/\/musee.oceano.org\/en\/wp-json\/wp\/v2\/posts"}],"about":[{"href":"https:\/\/musee.oceano.org\/en\/wp-json\/wp\/v2\/types\/post"}],"author":[{"embeddable":true,"href":"https:\/\/musee.oceano.org\/en\/wp-json\/wp\/v2\/users\/12"}],"replies":[{"embeddable":true,"href":"https:\/\/musee.oceano.org\/en\/wp-json\/wp\/v2\/comments?post=30693"}],"version-history":[{"count":6,"href":"https:\/\/musee.oceano.org\/en\/wp-json\/wp\/v2\/posts\/30693\/revisions"}],"predecessor-version":[{"id":30750,"href":"https:\/\/musee.oceano.org\/en\/wp-json\/wp\/v2\/posts\/30693\/revisions\/30750"}],"wp:featuredmedia":[{"embeddable":true,"href":"https:\/\/musee.oceano.org\/en\/wp-json\/wp\/v2\/media\/19375"}],"wp:attachment":[{"href":"https:\/\/musee.oceano.org\/en\/wp-json\/wp\/v2\/media?parent=30693"}],"wp:term":[{"taxonomy":"category","embeddable":true,"href":"https:\/\/musee.oceano.org\/en\/wp-json\/wp\/v2\/categories?post=30693"},{"taxonomy":"post_tag","embeddable":true,"href":"https:\/\/musee.oceano.org\/en\/wp-json\/wp\/v2\/tags?post=30693"},{"taxonomy":"thematiques_actualites","embeddable":true,"href":"https:\/\/musee.oceano.org\/en\/wp-json\/wp\/v2\/thematiques_actualites?post=30693"}],"curies":[{"name":"wp","href":"https:\/\/api.w.org\/{rel}","templated":true}]}}