{"id":28686,"date":"2021-06-30T17:43:37","date_gmt":"2021-06-30T15:43:37","guid":{"rendered":"https:\/\/musee.oceano.org\/2021\/06\/30\/semana-europea-de-la-prevencion-de-residuos-2020\/"},"modified":"2021-07-09T17:15:40","modified_gmt":"2021-07-09T15:15:40","slug":"semana-europea-de-la-prevencion-de-residuos-2020","status":"publish","type":"post","link":"https:\/\/musee.oceano.org\/es\/2021\/06\/30\/semana-europea-de-la-prevencion-de-residuos-2020\/","title":{"rendered":"Semana Europea de la Prevenci\u00f3n de Residuos 2020"},"content":{"rendered":"\t\t<div data-elementor-type=\"wp-post\" data-elementor-id=\"28686\" class=\"elementor elementor-28686 elementor-12544\" data-elementor-post-type=\"post\">\n\t\t\t\t\t\t<section class=\"elementor-section elementor-top-section elementor-element elementor-element-439968fc elementor-section-full_width elementor-section-height-default elementor-section-height-default\" data-id=\"439968fc\" data-element_type=\"section\" data-e-type=\"section\">\n\t\t\t\t\t\t<div class=\"elementor-container elementor-column-gap-no\">\n\t\t\t\t\t<div class=\"elementor-column elementor-col-100 elementor-top-column elementor-element elementor-element-6b80b1da\" data-id=\"6b80b1da\" data-element_type=\"column\" data-e-type=\"column\">\n\t\t\t<div class=\"elementor-widget-wrap elementor-element-populated\">\n\t\t\t\t\t\t<div class=\"elementor-element elementor-element-2c2847cc elementor--h-position-center elementor--v-position-middle elementor-widget elementor-widget-slides\" data-id=\"2c2847cc\" data-element_type=\"widget\" data-e-type=\"widget\" data-settings=\"{&quot;navigation&quot;:&quot;none&quot;,&quot;transition&quot;:&quot;slide&quot;,&quot;transition_speed&quot;:500}\" data-widget_type=\"slides.default\">\n\t\t\t\t<div class=\"elementor-widget-container\">\n\t\t\t\t\t\t\t\t\t<div class=\"elementor-swiper\">\n\t\t\t\t\t<div class=\"elementor-slides-wrapper elementor-main-swiper swiper\" role=\"region\" aria-roledescription=\"carousel\" aria-label=\"Diapositivas\" dir=\"ltr\" data-animation=\"fadeInUp\">\n\t\t\t\t<div class=\"swiper-wrapper elementor-slides\">\n\t\t\t\t\t\t\t\t\t\t<div class=\"elementor-repeater-item-891be05 swiper-slide\" role=\"group\" aria-roledescription=\"slide\"><div class=\"swiper-slide-bg\" role=\"img\" aria-label=\"brian-yurasits-1485645-unsplash\"><\/div><div class=\"elementor-background-overlay\"><\/div><div class=\"swiper-slide-inner\" ><div class=\"swiper-slide-contents\"><h1 class=\"elementor-slide-heading\">semana europea para la reducci\u00f3n de residuos<\/h1><div class=\"elementor-slide-description\"><p>Del 23 al 27 de noviembre de 2020<\/p>\n<\/div><\/div><\/div><\/div>\t\t\t\t<\/div>\n\t\t\t\t\t\t\t<\/div>\n\t\t\t\t<\/div>\n\t\t\t\t\t\t\t\t<\/div>\n\t\t\t\t<\/div>\n\t\t\t\t\t<\/div>\n\t\t<\/div>\n\t\t\t\t\t<\/div>\n\t\t<\/section>\n\t\t\t\t<section class=\"elementor-section elementor-top-section elementor-element elementor-element-522f7694 elementor-section-full_width breadcrumb-basuc elementor-section-height-default elementor-section-height-default\" data-id=\"522f7694\" data-element_type=\"section\" data-e-type=\"section\" data-settings=\"{&quot;background_background&quot;:&quot;classic&quot;}\">\n\t\t\t\t\t\t<div class=\"elementor-container elementor-column-gap-default\">\n\t\t\t\t\t<div class=\"elementor-column elementor-col-100 elementor-top-column elementor-element elementor-element-479e0701\" data-id=\"479e0701\" data-element_type=\"column\" data-e-type=\"column\">\n\t\t\t<div class=\"elementor-widget-wrap elementor-element-populated\">\n\t\t\t\t\t\t<div class=\"elementor-element elementor-element-6db11560 elementor-widget elementor-widget-ee-breadcrumbs\" data-id=\"6db11560\" data-element_type=\"widget\" data-e-type=\"widget\" data-widget_type=\"ee-breadcrumbs.default\">\n\t\t\t\t<div class=\"elementor-widget-container\">\n\t\t\t\t\t<ul class=\"ee-breadcrumbs\" itemscope=\"\" itemtype=\"http:\/\/schema.org\/BreadcrumbList\"><\/ul>\t\t\t\t<\/div>\n\t\t\t\t<\/div>\n\t\t\t\t\t<\/div>\n\t\t<\/div>\n\t\t\t\t\t<\/div>\n\t\t<\/section>\n\t\t\t\t<section class=\"elementor-section elementor-top-section elementor-element elementor-element-3fc1f75 text-basic elementor-section-boxed elementor-section-height-default elementor-section-height-default\" data-id=\"3fc1f75\" data-element_type=\"section\" data-e-type=\"section\" data-settings=\"{&quot;background_background&quot;:&quot;classic&quot;}\">\n\t\t\t\t\t\t<div class=\"elementor-container elementor-column-gap-no\">\n\t\t\t\t\t<div class=\"elementor-column elementor-col-100 elementor-top-column elementor-element elementor-element-2670354c\" data-id=\"2670354c\" data-element_type=\"column\" data-e-type=\"column\">\n\t\t\t<div class=\"elementor-widget-wrap elementor-element-populated\">\n\t\t\t\t\t\t<div class=\"elementor-element elementor-element-f8c020c elementor-widget elementor-widget-spacer\" data-id=\"f8c020c\" data-element_type=\"widget\" data-e-type=\"widget\" data-widget_type=\"spacer.default\">\n\t\t\t\t<div class=\"elementor-widget-container\">\n\t\t\t\t\t\t\t<div class=\"elementor-spacer\">\n\t\t\t<div class=\"elementor-spacer-inner\"><\/div>\n\t\t<\/div>\n\t\t\t\t\t\t<\/div>\n\t\t\t\t<\/div>\n\t\t\t\t<div class=\"elementor-element elementor-element-3ce43b5c elementor-widget elementor-widget-text-editor\" data-id=\"3ce43b5c\" data-element_type=\"widget\" data-e-type=\"widget\" data-widget_type=\"text-editor.default\">\n\t\t\t\t<div class=\"elementor-widget-container\">\n\t\t\t\t\t\t\t\t\t<div class=\"page\" title=\"P\u00e1gina 1\">\n<div class=\"layoutArea\">\n<div class=\"column\">\n<p>Con motivo de la Semana Europea de la Prevenci\u00f3n de Residuos, el Museo Oceanogr\u00e1fico de M\u00f3naco adapta su programa de sensibilizaci\u00f3n al contexto sanitario con sus socios.<\/p>\n<\/div>\n<\/div>\n<\/div>\n\t\t\t\t\t\t\t\t<\/div>\n\t\t\t\t<\/div>\n\t\t\t\t\t<\/div>\n\t\t<\/div>\n\t\t\t\t\t<\/div>\n\t\t<\/section>\n\t\t\t\t<section class=\"elementor-section elementor-top-section elementor-element elementor-element-49c698fb bloc-bigimg-imgl elementor-section-boxed elementor-section-height-default elementor-section-height-default\" data-id=\"49c698fb\" data-element_type=\"section\" data-e-type=\"section\" data-settings=\"{&quot;background_background&quot;:&quot;classic&quot;}\">\n\t\t\t\t\t\t<div class=\"elementor-container elementor-column-gap-default\">\n\t\t\t\t\t<div class=\"elementor-column elementor-col-100 elementor-top-column elementor-element elementor-element-37790903\" data-id=\"37790903\" data-element_type=\"column\" data-e-type=\"column\">\n\t\t\t<div class=\"elementor-widget-wrap elementor-element-populated\">\n\t\t\t\t\t\t<section class=\"elementor-section elementor-inner-section elementor-element elementor-element-421c3d2 elementor-section-boxed elementor-section-height-default elementor-section-height-default\" data-id=\"421c3d2\" data-element_type=\"section\" data-e-type=\"section\" data-settings=\"{&quot;background_background&quot;:&quot;classic&quot;}\">\n\t\t\t\t\t\t<div class=\"elementor-container elementor-column-gap-default\">\n\t\t\t\t\t<div class=\"elementor-column elementor-col-50 elementor-inner-column elementor-element elementor-element-4c71393e\" data-id=\"4c71393e\" data-element_type=\"column\" data-e-type=\"column\">\n\t\t\t<div class=\"elementor-widget-wrap elementor-element-populated\">\n\t\t\t\t\t\t<div class=\"elementor-element elementor-element-1794ff3f elementor-zoom elementor-widget elementor-widget-image\" data-id=\"1794ff3f\" data-element_type=\"widget\" data-e-type=\"widget\" data-widget_type=\"image.default\">\n\t\t\t\t<div class=\"elementor-widget-container\">\n\t\t\t\t\t\t\t\t\t\t\t\t\t\t\t<img fetchpriority=\"high\" decoding=\"async\" width=\"433\" height=\"433\" src=\"https:\/\/musee.oceano.org\/wp-content\/uploads\/sites\/2\/2020\/11\/05_Eclairage-facade-Nord_M_Dagnino-433x433.jpg\" class=\"attachment-img-bloc-three-content size-img-bloc-three-content wp-image-19708\" alt=\"Mus\u00e9e ocenaographique et la semaine europ\u00e9enne de r\u00e9duction des d\u00e9chets\" srcset=\"https:\/\/musee.oceano.org\/wp-content\/uploads\/sites\/2\/2020\/11\/05_Eclairage-facade-Nord_M_Dagnino-433x433.jpg 433w, https:\/\/musee.oceano.org\/wp-content\/uploads\/sites\/2\/2020\/11\/05_Eclairage-facade-Nord_M_Dagnino-150x150.jpg 150w, https:\/\/musee.oceano.org\/wp-content\/uploads\/sites\/2\/2020\/11\/05_Eclairage-facade-Nord_M_Dagnino-334x334.jpg 334w\" sizes=\"(max-width: 433px) 100vw, 433px\" \/>\t\t\t\t\t\t\t\t\t\t\t\t\t\t\t<\/div>\n\t\t\t\t<\/div>\n\t\t\t\t\t<\/div>\n\t\t<\/div>\n\t\t\t\t<div class=\"elementor-column elementor-col-50 elementor-inner-column elementor-element elementor-element-5a343c03\" data-id=\"5a343c03\" data-element_type=\"column\" data-e-type=\"column\">\n\t\t\t<div class=\"elementor-widget-wrap elementor-element-populated\">\n\t\t\t\t\t\t<div class=\"elementor-element elementor-element-7c98bf4a elementor-widget elementor-widget-heading\" data-id=\"7c98bf4a\" data-element_type=\"widget\" data-e-type=\"widget\" data-widget_type=\"heading.default\">\n\t\t\t\t<div class=\"elementor-widget-container\">\n\t\t\t\t\t<h2 class=\"elementor-heading-title elementor-size-default\">actividades del d\u00eda<\/h2>\t\t\t\t<\/div>\n\t\t\t\t<\/div>\n\t\t\t\t<div class=\"elementor-element elementor-element-1dd0b0cc elementor-widget elementor-widget-text-editor\" data-id=\"1dd0b0cc\" data-element_type=\"widget\" data-e-type=\"widget\" data-widget_type=\"text-editor.default\">\n\t\t\t\t<div class=\"elementor-widget-container\">\n\t\t\t\t\t\t\t\t\t<p><strong>Del 23 al 27 de noviembre de 2020, el Museo Oceanogr\u00e1fico participar\u00e1 en la Semana Europea de la Prevenci\u00f3n de Residuos (SEMAR). El evento pretende promover, durante la misma semana, acciones de sensibilizaci\u00f3n sobre la gesti\u00f3n sostenible de los recursos para avanzar hacia el residuo cero. Los ejes principales de este evento son: Reducir, reciclar y reutilizar.<\/strong><\/p>\n<p>Dado el contexto sanitario actual, es imposible proponer, como el a\u00f1o pasado, animaciones para el p\u00fablico en general.<\/p>\n<p>Por ello, se ha establecido un programa de acciones para el personal del Museo Oceanogr\u00e1fico y nuestros socios.<\/p>\n\t\t\t\t\t\t\t\t<\/div>\n\t\t\t\t<\/div>\n\t\t\t\t<div class=\"elementor-element elementor-element-a6c7300 elementor-widget elementor-widget-button\" data-id=\"a6c7300\" data-element_type=\"widget\" data-e-type=\"widget\" data-widget_type=\"button.default\">\n\t\t\t\t<div class=\"elementor-widget-container\">\n\t\t\t\t\t\t\t\t\t<div class=\"elementor-button-wrapper\">\n\t\t\t\t\t<a class=\"elementor-button elementor-button-link elementor-size-sm\" href=\"https:\/\/musee.oceano.org\/es\/semana-europea-de-la-prevencion-de-residuos-2020\/\">\n\t\t\t\t\t\t<span class=\"elementor-button-content-wrapper\">\n\t\t\t\t\t\t\t\t\t<span class=\"elementor-button-text\">descubra el programa<\/span>\n\t\t\t\t\t<\/span>\n\t\t\t\t\t<\/a>\n\t\t\t\t<\/div>\n\t\t\t\t\t\t\t\t<\/div>\n\t\t\t\t<\/div>\n\t\t\t\t\t<\/div>\n\t\t<\/div>\n\t\t\t\t\t<\/div>\n\t\t<\/section>\n\t\t\t\t\t<\/div>\n\t\t<\/div>\n\t\t\t\t\t<\/div>\n\t\t<\/section>\n\t\t\t\t<\/div>\n\t\t","protected":false},"excerpt":{"rendered":"<p>Con motivo de la Semana Europea de la Prevenci\u00f3n de Residuos, el Museo Oceanogr\u00e1fico de M\u00f3naco se implica a pesar del contexto particular. Descubra c\u00f3mo&#8230;<\/p>\n","protected":false},"author":15,"featured_media":7580,"comment_status":"closed","ping_status":"open","sticky":true,"template":"","format":"standard","meta":{"_acf_changed":false,"footnotes":""},"categories":[381,379,332],"tags":[],"thematiques_actualites":[378],"class_list":["post-28686","post","type-post","status-publish","format-standard","has-post-thumbnail","hentry","category-monaco-la-voz-del-oceano","category-noticias-del-instituto","category-noticias-museo-oceanografico-de-monaco","thematiques_actualites-el-hombre-y-el-oceano"],"acf":[],"yoast_head":"<!-- This site is optimized with the Yoast SEO plugin v27.2 - https:\/\/yoast.com\/product\/yoast-seo-wordpress\/ -->\n<title>Semana Europea de la Prevenci\u00f3n de Residuos 2020 - Mus\u00e9e Oc\u00e9anographique de Monaco<\/title>\n<meta name=\"robots\" content=\"index, follow, max-snippet:-1, max-image-preview:large, max-video-preview:-1\" \/>\n<link rel=\"canonical\" href=\"https:\/\/musee.oceano.org\/es\/2021\/06\/30\/semana-europea-de-la-prevencion-de-residuos-2020\/\" \/>\n<meta property=\"og:locale\" content=\"es_ES\" \/>\n<meta property=\"og:type\" content=\"article\" \/>\n<meta property=\"og:title\" content=\"Semana Europea de la Prevenci\u00f3n de Residuos 2020 - Mus\u00e9e Oc\u00e9anographique de Monaco\" \/>\n<meta property=\"og:description\" content=\"Con motivo de la Semana Europea de la Prevenci\u00f3n de Residuos, el Museo Oceanogr\u00e1fico de M\u00f3naco se implica a pesar del contexto particular. Descubra c\u00f3mo...\" \/>\n<meta property=\"og:url\" content=\"https:\/\/musee.oceano.org\/es\/2021\/06\/30\/semana-europea-de-la-prevencion-de-residuos-2020\/\" \/>\n<meta property=\"og:site_name\" content=\"Mus\u00e9e Oc\u00e9anographique de Monaco\" \/>\n<meta property=\"article:published_time\" content=\"2021-06-30T15:43:37+00:00\" \/>\n<meta property=\"article:modified_time\" content=\"2021-07-09T15:15:40+00:00\" \/>\n<meta property=\"og:image\" content=\"https:\/\/musee.oceano.org\/wp-content\/uploads\/sites\/2\/2019\/06\/brian-yurasits-1485645-unsplash-scaled.jpg\" \/>\n\t<meta property=\"og:image:width\" content=\"5164\" \/>\n\t<meta property=\"og:image:height\" content=\"3443\" \/>\n\t<meta property=\"og:image:type\" content=\"image\/jpeg\" \/>\n<meta name=\"twitter:card\" content=\"summary_large_image\" \/>\n<meta name=\"twitter:label1\" content=\"Escrito por\" \/>\n\t<meta name=\"twitter:data1\" content=\"\" \/>\n\t<meta name=\"twitter:label2\" content=\"Tiempo de lectura\" \/>\n\t<meta name=\"twitter:data2\" content=\"1 minuto\" \/>\n<script type=\"application\/ld+json\" class=\"yoast-schema-graph\">{\"@context\":\"https:\/\/schema.org\",\"@graph\":[{\"@type\":\"Article\",\"@id\":\"https:\/\/musee.oceano.org\/es\/2021\/06\/30\/semana-europea-de-la-prevencion-de-residuos-2020\/#article\",\"isPartOf\":{\"@id\":\"https:\/\/musee.oceano.org\/es\/2021\/06\/30\/semana-europea-de-la-prevencion-de-residuos-2020\/\"},\"author\":{\"name\":\"\",\"@id\":\"\"},\"headline\":\"Semana Europea de la Prevenci\u00f3n de Residuos 2020\",\"datePublished\":\"2021-06-30T15:43:37+00:00\",\"dateModified\":\"2021-07-09T15:15:40+00:00\",\"mainEntityOfPage\":{\"@id\":\"https:\/\/musee.oceano.org\/es\/2021\/06\/30\/semana-europea-de-la-prevencion-de-residuos-2020\/\"},\"wordCount\":156,\"image\":{\"@id\":\"https:\/\/musee.oceano.org\/es\/2021\/06\/30\/semana-europea-de-la-prevencion-de-residuos-2020\/#primaryimage\"},\"thumbnailUrl\":\"https:\/\/musee.oceano.org\/wp-content\/uploads\/sites\/2\/2019\/06\/brian-yurasits-1485645-unsplash-scaled.jpg\",\"articleSection\":[\"M\u00f3naco, la voz del oc\u00e9ano\",\"Noticias del Instituto\",\"Noticias Museo Oceanogr\u00e1fico de M\u00f3naco\"],\"inLanguage\":\"es\"},{\"@type\":\"WebPage\",\"@id\":\"https:\/\/musee.oceano.org\/es\/2021\/06\/30\/semana-europea-de-la-prevencion-de-residuos-2020\/\",\"url\":\"https:\/\/musee.oceano.org\/es\/2021\/06\/30\/semana-europea-de-la-prevencion-de-residuos-2020\/\",\"name\":\"Semana Europea de la Prevenci\u00f3n de Residuos 2020 - Mus\u00e9e Oc\u00e9anographique de Monaco\",\"isPartOf\":{\"@id\":\"https:\/\/musee.oceano.org\/#website\"},\"primaryImageOfPage\":{\"@id\":\"https:\/\/musee.oceano.org\/es\/2021\/06\/30\/semana-europea-de-la-prevencion-de-residuos-2020\/#primaryimage\"},\"image\":{\"@id\":\"https:\/\/musee.oceano.org\/es\/2021\/06\/30\/semana-europea-de-la-prevencion-de-residuos-2020\/#primaryimage\"},\"thumbnailUrl\":\"https:\/\/musee.oceano.org\/wp-content\/uploads\/sites\/2\/2019\/06\/brian-yurasits-1485645-unsplash-scaled.jpg\",\"datePublished\":\"2021-06-30T15:43:37+00:00\",\"dateModified\":\"2021-07-09T15:15:40+00:00\",\"author\":{\"@id\":\"\"},\"breadcrumb\":{\"@id\":\"https:\/\/musee.oceano.org\/es\/2021\/06\/30\/semana-europea-de-la-prevencion-de-residuos-2020\/#breadcrumb\"},\"inLanguage\":\"es\",\"potentialAction\":[{\"@type\":\"ReadAction\",\"target\":[\"https:\/\/musee.oceano.org\/es\/2021\/06\/30\/semana-europea-de-la-prevencion-de-residuos-2020\/\"]}]},{\"@type\":\"ImageObject\",\"inLanguage\":\"es\",\"@id\":\"https:\/\/musee.oceano.org\/es\/2021\/06\/30\/semana-europea-de-la-prevencion-de-residuos-2020\/#primaryimage\",\"url\":\"https:\/\/musee.oceano.org\/wp-content\/uploads\/sites\/2\/2019\/06\/brian-yurasits-1485645-unsplash-scaled.jpg\",\"contentUrl\":\"https:\/\/musee.oceano.org\/wp-content\/uploads\/sites\/2\/2019\/06\/brian-yurasits-1485645-unsplash-scaled.jpg\",\"width\":5164,\"height\":3443},{\"@type\":\"BreadcrumbList\",\"@id\":\"https:\/\/musee.oceano.org\/es\/2021\/06\/30\/semana-europea-de-la-prevencion-de-residuos-2020\/#breadcrumb\",\"itemListElement\":[{\"@type\":\"ListItem\",\"position\":1,\"name\":\"Home\",\"item\":\"https:\/\/musee.oceano.org\/es\/\"},{\"@type\":\"ListItem\",\"position\":2,\"name\":\"Semana Europea de la Prevenci\u00f3n de Residuos 2020\"}]},{\"@type\":\"WebSite\",\"@id\":\"https:\/\/musee.oceano.org\/#website\",\"url\":\"https:\/\/musee.oceano.org\/\",\"name\":\"Mus\u00e9e Oc\u00e9anographique de Monaco\",\"description\":\"Faire conna\u00eetre, aimer et prot\u00e9ger les oc\u00e9ans\",\"potentialAction\":[{\"@type\":\"SearchAction\",\"target\":{\"@type\":\"EntryPoint\",\"urlTemplate\":\"https:\/\/musee.oceano.org\/?s={search_term_string}\"},\"query-input\":{\"@type\":\"PropertyValueSpecification\",\"valueRequired\":true,\"valueName\":\"search_term_string\"}}],\"inLanguage\":\"es\"},{\"@type\":\"Person\",\"@id\":\"\"}]}<\/script>\n<!-- \/ Yoast SEO plugin. -->","yoast_head_json":{"title":"Semana Europea de la Prevenci\u00f3n de Residuos 2020 - Mus\u00e9e Oc\u00e9anographique de Monaco","robots":{"index":"index","follow":"follow","max-snippet":"max-snippet:-1","max-image-preview":"max-image-preview:large","max-video-preview":"max-video-preview:-1"},"canonical":"https:\/\/musee.oceano.org\/es\/2021\/06\/30\/semana-europea-de-la-prevencion-de-residuos-2020\/","og_locale":"es_ES","og_type":"article","og_title":"Semana Europea de la Prevenci\u00f3n de Residuos 2020 - Mus\u00e9e Oc\u00e9anographique de Monaco","og_description":"Con motivo de la Semana Europea de la Prevenci\u00f3n de Residuos, el Museo Oceanogr\u00e1fico de M\u00f3naco se implica a pesar del contexto particular. Descubra c\u00f3mo...","og_url":"https:\/\/musee.oceano.org\/es\/2021\/06\/30\/semana-europea-de-la-prevencion-de-residuos-2020\/","og_site_name":"Mus\u00e9e Oc\u00e9anographique de Monaco","article_published_time":"2021-06-30T15:43:37+00:00","article_modified_time":"2021-07-09T15:15:40+00:00","og_image":[{"width":5164,"height":3443,"url":"https:\/\/musee.oceano.org\/wp-content\/uploads\/sites\/2\/2019\/06\/brian-yurasits-1485645-unsplash-scaled.jpg","type":"image\/jpeg"}],"twitter_card":"summary_large_image","twitter_misc":{"Escrito por":"","Tiempo de lectura":"1 minuto"},"schema":{"@context":"https:\/\/schema.org","@graph":[{"@type":"Article","@id":"https:\/\/musee.oceano.org\/es\/2021\/06\/30\/semana-europea-de-la-prevencion-de-residuos-2020\/#article","isPartOf":{"@id":"https:\/\/musee.oceano.org\/es\/2021\/06\/30\/semana-europea-de-la-prevencion-de-residuos-2020\/"},"author":{"name":"","@id":""},"headline":"Semana Europea de la Prevenci\u00f3n de Residuos 2020","datePublished":"2021-06-30T15:43:37+00:00","dateModified":"2021-07-09T15:15:40+00:00","mainEntityOfPage":{"@id":"https:\/\/musee.oceano.org\/es\/2021\/06\/30\/semana-europea-de-la-prevencion-de-residuos-2020\/"},"wordCount":156,"image":{"@id":"https:\/\/musee.oceano.org\/es\/2021\/06\/30\/semana-europea-de-la-prevencion-de-residuos-2020\/#primaryimage"},"thumbnailUrl":"https:\/\/musee.oceano.org\/wp-content\/uploads\/sites\/2\/2019\/06\/brian-yurasits-1485645-unsplash-scaled.jpg","articleSection":["M\u00f3naco, la voz del oc\u00e9ano","Noticias del Instituto","Noticias Museo Oceanogr\u00e1fico de M\u00f3naco"],"inLanguage":"es"},{"@type":"WebPage","@id":"https:\/\/musee.oceano.org\/es\/2021\/06\/30\/semana-europea-de-la-prevencion-de-residuos-2020\/","url":"https:\/\/musee.oceano.org\/es\/2021\/06\/30\/semana-europea-de-la-prevencion-de-residuos-2020\/","name":"Semana Europea de la Prevenci\u00f3n de Residuos 2020 - Mus\u00e9e Oc\u00e9anographique de Monaco","isPartOf":{"@id":"https:\/\/musee.oceano.org\/#website"},"primaryImageOfPage":{"@id":"https:\/\/musee.oceano.org\/es\/2021\/06\/30\/semana-europea-de-la-prevencion-de-residuos-2020\/#primaryimage"},"image":{"@id":"https:\/\/musee.oceano.org\/es\/2021\/06\/30\/semana-europea-de-la-prevencion-de-residuos-2020\/#primaryimage"},"thumbnailUrl":"https:\/\/musee.oceano.org\/wp-content\/uploads\/sites\/2\/2019\/06\/brian-yurasits-1485645-unsplash-scaled.jpg","datePublished":"2021-06-30T15:43:37+00:00","dateModified":"2021-07-09T15:15:40+00:00","author":{"@id":""},"breadcrumb":{"@id":"https:\/\/musee.oceano.org\/es\/2021\/06\/30\/semana-europea-de-la-prevencion-de-residuos-2020\/#breadcrumb"},"inLanguage":"es","potentialAction":[{"@type":"ReadAction","target":["https:\/\/musee.oceano.org\/es\/2021\/06\/30\/semana-europea-de-la-prevencion-de-residuos-2020\/"]}]},{"@type":"ImageObject","inLanguage":"es","@id":"https:\/\/musee.oceano.org\/es\/2021\/06\/30\/semana-europea-de-la-prevencion-de-residuos-2020\/#primaryimage","url":"https:\/\/musee.oceano.org\/wp-content\/uploads\/sites\/2\/2019\/06\/brian-yurasits-1485645-unsplash-scaled.jpg","contentUrl":"https:\/\/musee.oceano.org\/wp-content\/uploads\/sites\/2\/2019\/06\/brian-yurasits-1485645-unsplash-scaled.jpg","width":5164,"height":3443},{"@type":"BreadcrumbList","@id":"https:\/\/musee.oceano.org\/es\/2021\/06\/30\/semana-europea-de-la-prevencion-de-residuos-2020\/#breadcrumb","itemListElement":[{"@type":"ListItem","position":1,"name":"Home","item":"https:\/\/musee.oceano.org\/es\/"},{"@type":"ListItem","position":2,"name":"Semana Europea de la Prevenci\u00f3n de Residuos 2020"}]},{"@type":"WebSite","@id":"https:\/\/musee.oceano.org\/#website","url":"https:\/\/musee.oceano.org\/","name":"Mus\u00e9e Oc\u00e9anographique de Monaco","description":"Faire conna\u00eetre, aimer et prot\u00e9ger les oc\u00e9ans","potentialAction":[{"@type":"SearchAction","target":{"@type":"EntryPoint","urlTemplate":"https:\/\/musee.oceano.org\/?s={search_term_string}"},"query-input":{"@type":"PropertyValueSpecification","valueRequired":true,"valueName":"search_term_string"}}],"inLanguage":"es"},{"@type":"Person","@id":""}]}},"_links":{"self":[{"href":"https:\/\/musee.oceano.org\/es\/wp-json\/wp\/v2\/posts\/28686","targetHints":{"allow":["GET"]}}],"collection":[{"href":"https:\/\/musee.oceano.org\/es\/wp-json\/wp\/v2\/posts"}],"about":[{"href":"https:\/\/musee.oceano.org\/es\/wp-json\/wp\/v2\/types\/post"}],"author":[{"embeddable":true,"href":"https:\/\/musee.oceano.org\/es\/wp-json\/wp\/v2\/users\/15"}],"replies":[{"embeddable":true,"href":"https:\/\/musee.oceano.org\/es\/wp-json\/wp\/v2\/comments?post=28686"}],"version-history":[{"count":6,"href":"https:\/\/musee.oceano.org\/es\/wp-json\/wp\/v2\/posts\/28686\/revisions"}],"predecessor-version":[{"id":31926,"href":"https:\/\/musee.oceano.org\/es\/wp-json\/wp\/v2\/posts\/28686\/revisions\/31926"}],"wp:featuredmedia":[{"embeddable":true,"href":"https:\/\/musee.oceano.org\/es\/wp-json\/wp\/v2\/media\/7580"}],"wp:attachment":[{"href":"https:\/\/musee.oceano.org\/es\/wp-json\/wp\/v2\/media?parent=28686"}],"wp:term":[{"taxonomy":"category","embeddable":true,"href":"https:\/\/musee.oceano.org\/es\/wp-json\/wp\/v2\/categories?post=28686"},{"taxonomy":"post_tag","embeddable":true,"href":"https:\/\/musee.oceano.org\/es\/wp-json\/wp\/v2\/tags?post=28686"},{"taxonomy":"thematiques_actualites","embeddable":true,"href":"https:\/\/musee.oceano.org\/es\/wp-json\/wp\/v2\/thematiques_actualites?post=28686"}],"curies":[{"name":"wp","href":"https:\/\/api.w.org\/{rel}","templated":true}]}}