{"id":28593,"date":"2021-06-30T17:40:37","date_gmt":"2021-06-30T15:40:37","guid":{"rendered":"https:\/\/musee.oceano.org\/2021\/06\/30\/gala-monte-carlo-per-la-salute-planetaria\/"},"modified":"2021-07-13T11:32:16","modified_gmt":"2021-07-13T09:32:16","slug":"gala-monte-carlo-per-la-salute-planetaria","status":"publish","type":"post","link":"https:\/\/musee.oceano.org\/it\/2021\/06\/30\/gala-monte-carlo-per-la-salute-planetaria\/","title":{"rendered":"Gala Monte-Carlo per la salute planetaria"},"content":{"rendered":"\t\t<div data-elementor-type=\"wp-post\" data-elementor-id=\"28593\" class=\"elementor elementor-28593 elementor-18810\" data-elementor-post-type=\"post\">\n\t\t\t\t\t\t<section class=\"elementor-section elementor-top-section elementor-element elementor-element-1528f3d1 elementor-section-full_width elementor-section-height-default elementor-section-height-default\" data-id=\"1528f3d1\" data-element_type=\"section\" data-e-type=\"section\">\n\t\t\t\t\t\t<div class=\"elementor-container elementor-column-gap-no\">\n\t\t\t\t\t<div class=\"elementor-column elementor-col-100 elementor-top-column elementor-element elementor-element-6387c9fd\" data-id=\"6387c9fd\" data-element_type=\"column\" data-e-type=\"column\">\n\t\t\t<div class=\"elementor-widget-wrap elementor-element-populated\">\n\t\t\t\t\t\t<div class=\"elementor-element elementor-element-79f5836b elementor--h-position-center elementor--v-position-middle elementor-widget elementor-widget-slides\" data-id=\"79f5836b\" data-element_type=\"widget\" data-e-type=\"widget\" data-settings=\"{&quot;navigation&quot;:&quot;none&quot;,&quot;transition&quot;:&quot;slide&quot;,&quot;transition_speed&quot;:500}\" data-widget_type=\"slides.default\">\n\t\t\t\t<div class=\"elementor-widget-container\">\n\t\t\t\t\t\t\t\t\t<div class=\"elementor-swiper\">\n\t\t\t\t\t<div class=\"elementor-slides-wrapper elementor-main-swiper swiper\" role=\"region\" aria-roledescription=\"carousel\" aria-label=\"Slides\" dir=\"ltr\" data-animation=\"fadeInUp\">\n\t\t\t\t<div class=\"swiper-wrapper elementor-slides\">\n\t\t\t\t\t\t\t\t\t\t<div class=\"elementor-repeater-item-891be05 swiper-slide\" role=\"group\" aria-roledescription=\"slide\"><div class=\"swiper-slide-bg elementor-ken-burns elementor-ken-burns--in\" role=\"img\" aria-label=\"\"><\/div><div class=\"elementor-background-overlay\"><\/div><a class=\"swiper-slide-inner\" href=\"https:\/\/www.montecarlogala.org\/\" target=\"_blank\"><div class=\"swiper-slide-contents\"><h1 class=\"elementor-slide-heading\">Gala di Monte-Carlo  <\/h1><div class=\"elementor-slide-description\"><p>per la salute planetaria<\/p>\n<\/div><div  class=\"elementor-button elementor-slide-button elementor-size-sm\">consultare il sito<\/div><\/div><\/a><\/div>\t\t\t\t<\/div>\n\t\t\t\t\t\t\t<\/div>\n\t\t\t\t<\/div>\n\t\t\t\t\t\t\t\t<\/div>\n\t\t\t\t<\/div>\n\t\t\t\t\t<\/div>\n\t\t<\/div>\n\t\t\t\t\t<\/div>\n\t\t<\/section>\n\t\t\t\t<section class=\"elementor-section elementor-top-section elementor-element elementor-element-7620d94 elementor-section-full_width elementor-section-height-default elementor-section-height-default\" data-id=\"7620d94\" data-element_type=\"section\" data-e-type=\"section\">\n\t\t\t\t\t\t<div class=\"elementor-container elementor-column-gap-default\">\n\t\t\t\t\t<div class=\"elementor-column elementor-col-100 elementor-top-column elementor-element elementor-element-374d0278\" data-id=\"374d0278\" data-element_type=\"column\" data-e-type=\"column\">\n\t\t\t<div class=\"elementor-widget-wrap elementor-element-populated\">\n\t\t\t\t\t\t<div class=\"elementor-element elementor-element-2bad35d2 elementor-widget elementor-widget-ee-breadcrumbs\" data-id=\"2bad35d2\" data-element_type=\"widget\" data-e-type=\"widget\" data-widget_type=\"ee-breadcrumbs.default\">\n\t\t\t\t<div class=\"elementor-widget-container\">\n\t\t\t\t\t<ul class=\"ee-breadcrumbs\" itemscope=\"\" itemtype=\"http:\/\/schema.org\/BreadcrumbList\"><\/ul>\t\t\t\t<\/div>\n\t\t\t\t<\/div>\n\t\t\t\t\t<\/div>\n\t\t<\/div>\n\t\t\t\t\t<\/div>\n\t\t<\/section>\n\t\t\t\t<section class=\"elementor-section elementor-top-section elementor-element elementor-element-39743d27 elementor-section-full_width elementor-section-height-default elementor-section-height-default\" data-id=\"39743d27\" data-element_type=\"section\" data-e-type=\"section\">\n\t\t\t\t\t\t<div class=\"elementor-container elementor-column-gap-default\">\n\t\t\t\t\t<div class=\"elementor-column elementor-col-100 elementor-top-column elementor-element elementor-element-4a301566\" data-id=\"4a301566\" data-element_type=\"column\" data-e-type=\"column\">\n\t\t\t<div class=\"elementor-widget-wrap elementor-element-populated\">\n\t\t\t\t\t\t<div class=\"elementor-element elementor-element-1878b4ca elementor-widget elementor-widget-heading\" data-id=\"1878b4ca\" data-element_type=\"widget\" data-e-type=\"widget\" data-widget_type=\"heading.default\">\n\t\t\t\t<div class=\"elementor-widget-container\">\n\t\t\t\t\t<h2 class=\"elementor-heading-title elementor-size-default\">Gala di Monte-Carlo per la salute planetaria - 2020<\/h2>\t\t\t\t<\/div>\n\t\t\t\t<\/div>\n\t\t\t\t\t<\/div>\n\t\t<\/div>\n\t\t\t\t\t<\/div>\n\t\t<\/section>\n\t\t\t\t<section class=\"elementor-section elementor-top-section elementor-element elementor-element-40eb601e elementor-section-boxed elementor-section-height-default elementor-section-height-default\" data-id=\"40eb601e\" data-element_type=\"section\" data-e-type=\"section\">\n\t\t\t\t\t\t<div class=\"elementor-container elementor-column-gap-default\">\n\t\t\t\t\t<div class=\"elementor-column elementor-col-100 elementor-top-column elementor-element elementor-element-15614662\" data-id=\"15614662\" data-element_type=\"column\" data-e-type=\"column\">\n\t\t\t<div class=\"elementor-widget-wrap\">\n\t\t\t\t\t\t\t<\/div>\n\t\t<\/div>\n\t\t\t\t\t<\/div>\n\t\t<\/section>\n\t\t\t\t<section class=\"elementor-section elementor-top-section elementor-element elementor-element-ebb04ad elementor-section-boxed elementor-section-height-default elementor-section-height-default\" data-id=\"ebb04ad\" data-element_type=\"section\" data-e-type=\"section\">\n\t\t\t\t\t\t<div class=\"elementor-container elementor-column-gap-default\">\n\t\t\t\t\t<div class=\"elementor-column elementor-col-66 elementor-top-column elementor-element elementor-element-9857ad5\" data-id=\"9857ad5\" data-element_type=\"column\" data-e-type=\"column\">\n\t\t\t<div class=\"elementor-widget-wrap elementor-element-populated\">\n\t\t\t\t\t\t<div class=\"elementor-element elementor-element-53aaceb4 elementor-widget elementor-widget-text-editor\" data-id=\"53aaceb4\" data-element_type=\"widget\" data-e-type=\"widget\" data-widget_type=\"text-editor.default\">\n\t\t\t\t<div class=\"elementor-widget-container\">\n\t\t\t\t\t\t\t\t\t<p><span style=\"letter-spacing: 0.16px;\">Organizzato dalla Fondazione Principe Alberto II di Monaco, il Gala di Monte-Carlo per la Salute Planetaria, dedicato quest&#8217;anno all&#8217;Oceano, alla Terra e all&#8217;Umanit\u00e0, avr\u00e0 luogo gioved\u00ec 24 settembre sulle terrazze dell&#8217;Opera di Monte-Carlo, con l&#8217;icona della musica internazionale Sting come ospite d&#8217;onore <span style=\"color: #33cccc;\"><br \/>\n  <strong>Sting<\/strong><br \/>\n<\/span>. Dopo Leonardo Di Caprio, Orlando Bloom e Robert Redford, l&#8217;artista 17 volte vincitore del GRAMMY Award sar\u00e0 premiato quest&#8217;anno per il suo profondo impegno nella conservazione del pianeta e delle comunit\u00e0 indigene. In questo momento di crisi sanitaria mondiale, la Fondazione Principe Alberto II di Monaco si rallegra del partenariato stabilito quest&#8217;anno con la Croce Rossa Monegasca e Internazionale, nel quadro del Gala, che permetter\u00e0 alla Fondazione di sostenere alcuni dei loro progetti sul campo.<\/span><\/p>\n\t\t\t\t\t\t\t\t<\/div>\n\t\t\t\t<\/div>\n\t\t\t\t\t<\/div>\n\t\t<\/div>\n\t\t\t\t<div class=\"elementor-column elementor-col-33 elementor-top-column elementor-element elementor-element-7cde941\" data-id=\"7cde941\" data-element_type=\"column\" data-e-type=\"column\">\n\t\t\t<div class=\"elementor-widget-wrap elementor-element-populated\">\n\t\t\t\t\t\t<div class=\"elementor-element elementor-element-8d91c6e elementor-widget elementor-widget-image\" data-id=\"8d91c6e\" data-element_type=\"widget\" data-e-type=\"widget\" data-widget_type=\"image.default\">\n\t\t\t\t<div class=\"elementor-widget-container\">\n\t\t\t\t\t\t\t\t\t\t\t\t<figure class=\"wp-caption\">\n\t\t\t\t\t\t\t\t\t\t<img decoding=\"async\" src=\"https:\/\/musee.oceano.org\/wp-content\/uploads\/sites\/2\/elementor\/thumbs\/Sting_Life_Festival_O\u015bwi\u0119cim_2013-rjyt5djpc6yu445sv6uym5wdyca8rd47phsu4eybw8.jpg\" title=\"Sting_Life_Festival_O\u015bwi\u0119cim_2013)\" alt=\"Piotr Drabik from Poland \/ CC BY (https:\/\/creativecommons.org\/licenses\/by\/2.0)\" loading=\"lazy\" \/>\t\t\t\t\t\t\t\t\t\t\t<figcaption class=\"widget-image-caption wp-caption-text\">Piotr Drabik from Poland \/ CC BY <br>(https:\/\/creativecommons.org\/licenses\/by\/2.0)<\/figcaption>\n\t\t\t\t\t\t\t\t\t\t<\/figure>\n\t\t\t\t\t\t\t\t\t<\/div>\n\t\t\t\t<\/div>\n\t\t\t\t\t<\/div>\n\t\t<\/div>\n\t\t\t\t\t<\/div>\n\t\t<\/section>\n\t\t\t\t<section class=\"elementor-section elementor-top-section elementor-element elementor-element-aaa886f elementor-section-boxed elementor-section-height-default elementor-section-height-default\" data-id=\"aaa886f\" data-element_type=\"section\" data-e-type=\"section\">\n\t\t\t\t\t\t<div class=\"elementor-container elementor-column-gap-default\">\n\t\t\t\t\t<div class=\"elementor-column elementor-col-100 elementor-top-column elementor-element elementor-element-5dbfdc60\" data-id=\"5dbfdc60\" data-element_type=\"column\" data-e-type=\"column\">\n\t\t\t<div class=\"elementor-widget-wrap elementor-element-populated\">\n\t\t\t\t\t\t<div class=\"elementor-element elementor-element-7aae2fde elementor-widget elementor-widget-text-editor\" data-id=\"7aae2fde\" data-element_type=\"widget\" data-e-type=\"widget\" data-widget_type=\"text-editor.default\">\n\t\t\t\t<div class=\"elementor-widget-container\">\n\t\t\t\t\t\t\t\t\t<p>La Fondazione Principe Alberto II di Monaco e i suoi partner, lo Yacht Club di Monaco, la Soci\u00e9t\u00e9 des Bains de Mer, l&#8217;Istituto Oceanografico, il Monaco Yacht Show, il Nuovo Museo Nazionale di Monaco e il Monaco Private Label hanno unito le forze per il Monte-Carlo Gala for Planetary Health per mettere la salute umana e la salute del pianeta al centro delle discussioni Si tratta di una chiara volont\u00e0 di sostenere l&#8217;attrattiva del Principato, il suo settore alberghiero e la sua economia, che sono stati colpiti dalla pandemia, in un momento in cui il Monaco Yacht Show si svolge solitamente alla fine di settembre, rispettando le norme sanitarie del governo di Monaco. La salute dei partecipanti \u00e8 la prima priorit\u00e0.<\/p>\n\t\t\t\t\t\t\t\t<\/div>\n\t\t\t\t<\/div>\n\t\t\t\t<div class=\"elementor-element elementor-element-bdc9b93 elementor-widget elementor-widget-spacer\" data-id=\"bdc9b93\" data-element_type=\"widget\" data-e-type=\"widget\" data-widget_type=\"spacer.default\">\n\t\t\t\t<div class=\"elementor-widget-container\">\n\t\t\t\t\t\t\t<div class=\"elementor-spacer\">\n\t\t\t<div class=\"elementor-spacer-inner\"><\/div>\n\t\t<\/div>\n\t\t\t\t\t\t<\/div>\n\t\t\t\t<\/div>\n\t\t\t\t\t<\/div>\n\t\t<\/div>\n\t\t\t\t\t<\/div>\n\t\t<\/section>\n\t\t\t\t<section class=\"elementor-section elementor-top-section elementor-element elementor-element-3789590 elementor-section-boxed elementor-section-height-default elementor-section-height-default\" data-id=\"3789590\" data-element_type=\"section\" data-e-type=\"section\" data-settings=\"{&quot;background_background&quot;:&quot;classic&quot;}\">\n\t\t\t\t\t\t<div class=\"elementor-container elementor-column-gap-default\">\n\t\t\t\t\t<div class=\"elementor-column elementor-col-50 elementor-top-column elementor-element elementor-element-a8e1db7\" data-id=\"a8e1db7\" data-element_type=\"column\" data-e-type=\"column\" data-settings=\"{&quot;background_background&quot;:&quot;classic&quot;}\">\n\t\t\t<div class=\"elementor-widget-wrap elementor-element-populated\">\n\t\t\t\t\t\t<div class=\"elementor-element elementor-element-2c009d3c elementor-blockquote--skin-quotation elementor-blockquote--align-left elementor-widget elementor-widget-blockquote\" data-id=\"2c009d3c\" data-element_type=\"widget\" data-e-type=\"widget\" data-widget_type=\"blockquote.default\">\n\t\t\t\t<div class=\"elementor-widget-container\">\n\t\t\t\t\t\t\t<blockquote class=\"elementor-blockquote\">\n\t\t\t<p class=\"elementor-blockquote__content\">\n\t\t\t\tOggi, conosciamo le immense opportunit\u00e0 offerte dall'oceano, a condizione che siamo in grado di proteggerlo in modo efficiente e gestirlo in modo sostenibile\t\t\t<\/p>\n\t\t\t\t\t\t\t<div class=\"e-q-footer\">\n\t\t\t\t\t\t\t\t\t\t\t<cite class=\"elementor-blockquote__author\"> HSH Prince Albert II of Monaco<br>UN Conference on SGD 14, New York City, June 8th 2017<\/cite>\n\t\t\t\t\t\t\t\t\t\t\t\t\t\t<\/div>\n\t\t\t\t\t<\/blockquote>\n\t\t\t\t\t\t<\/div>\n\t\t\t\t<\/div>\n\t\t\t\t\t<\/div>\n\t\t<\/div>\n\t\t\t\t<div class=\"elementor-column elementor-col-50 elementor-top-column elementor-element elementor-element-182c2990\" data-id=\"182c2990\" data-element_type=\"column\" data-e-type=\"column\" data-settings=\"{&quot;background_background&quot;:&quot;classic&quot;}\">\n\t\t\t<div class=\"elementor-widget-wrap elementor-element-populated\">\n\t\t\t\t\t\t<div class=\"elementor-element elementor-element-30335be elementor-zoom elementor-widget elementor-widget-image\" data-id=\"30335be\" data-element_type=\"widget\" data-e-type=\"widget\" data-widget_type=\"image.default\">\n\t\t\t\t<div class=\"elementor-widget-container\">\n\t\t\t\t\t\t\t\t\t\t\t\t\t\t\t<img fetchpriority=\"high\" decoding=\"async\" width=\"1000\" height=\"750\" src=\"https:\/\/musee.oceano.org\/wp-content\/uploads\/sites\/2\/2020\/09\/SAS-le-PRince-ONU-Palais.jpg\" class=\"attachment-large size-large wp-image-18827\" alt=\"\" srcset=\"https:\/\/musee.oceano.org\/wp-content\/uploads\/sites\/2\/2020\/09\/SAS-le-PRince-ONU-Palais.jpg 1000w, https:\/\/musee.oceano.org\/wp-content\/uploads\/sites\/2\/2020\/09\/SAS-le-PRince-ONU-Palais-300x225.jpg 300w, https:\/\/musee.oceano.org\/wp-content\/uploads\/sites\/2\/2020\/09\/SAS-le-PRince-ONU-Palais-768x576.jpg 768w, https:\/\/musee.oceano.org\/wp-content\/uploads\/sites\/2\/2020\/09\/SAS-le-PRince-ONU-Palais-216x162.jpg 216w, https:\/\/musee.oceano.org\/wp-content\/uploads\/sites\/2\/2020\/09\/SAS-le-PRince-ONU-Palais-688x515.jpg 688w\" sizes=\"(max-width: 1000px) 100vw, 1000px\" \/>\t\t\t\t\t\t\t\t\t\t\t\t\t\t\t<\/div>\n\t\t\t\t<\/div>\n\t\t\t\t\t<\/div>\n\t\t<\/div>\n\t\t\t\t\t<\/div>\n\t\t<\/section>\n\t\t\t\t<section class=\"elementor-section elementor-top-section elementor-element elementor-element-ad10cd7 elementor-section-boxed elementor-section-height-default elementor-section-height-default\" data-id=\"ad10cd7\" data-element_type=\"section\" data-e-type=\"section\">\n\t\t\t\t\t\t<div class=\"elementor-container elementor-column-gap-default\">\n\t\t\t\t\t<div class=\"elementor-column elementor-col-100 elementor-top-column elementor-element elementor-element-9c2c1bf\" data-id=\"9c2c1bf\" data-element_type=\"column\" data-e-type=\"column\">\n\t\t\t<div class=\"elementor-widget-wrap elementor-element-populated\">\n\t\t\t\t\t\t<div class=\"elementor-element elementor-element-49df3d6 elementor-widget elementor-widget-heading\" data-id=\"49df3d6\" data-element_type=\"widget\" data-e-type=\"widget\" data-widget_type=\"heading.default\">\n\t\t\t\t<div class=\"elementor-widget-container\">\n\t\t\t\t\t<h2 class=\"elementor-heading-title elementor-size-default\">l'edizione 2019 in immagini...<\/h2>\t\t\t\t<\/div>\n\t\t\t\t<\/div>\n\t\t\t\t<div class=\"elementor-element elementor-element-b0c7270 elementor-widget elementor-widget-video\" data-id=\"b0c7270\" data-element_type=\"widget\" data-e-type=\"widget\" data-settings=\"{&quot;youtube_url&quot;:&quot;https:\\\/\\\/youtu.be\\\/V9HaG7XKDn0&quot;,&quot;video_type&quot;:&quot;youtube&quot;,&quot;controls&quot;:&quot;yes&quot;}\" data-widget_type=\"video.default\">\n\t\t\t\t<div class=\"elementor-widget-container\">\n\t\t\t\t\t\t\t<div class=\"elementor-wrapper elementor-open-inline\">\n\t\t\t<div class=\"elementor-video\"><\/div>\t\t<\/div>\n\t\t\t\t\t\t<\/div>\n\t\t\t\t<\/div>\n\t\t\t\t\t<\/div>\n\t\t<\/div>\n\t\t\t\t\t<\/div>\n\t\t<\/section>\n\t\t\t\t<section class=\"elementor-section elementor-top-section elementor-element elementor-element-6d7156b2 elementor-section-boxed elementor-section-height-default elementor-section-height-default\" data-id=\"6d7156b2\" data-element_type=\"section\" data-e-type=\"section\" data-settings=\"{&quot;background_background&quot;:&quot;classic&quot;}\">\n\t\t\t\t\t\t<div class=\"elementor-container elementor-column-gap-default\">\n\t\t\t\t\t<div class=\"elementor-column elementor-col-100 elementor-top-column elementor-element elementor-element-6f13189f\" data-id=\"6f13189f\" data-element_type=\"column\" data-e-type=\"column\">\n\t\t\t<div class=\"elementor-widget-wrap elementor-element-populated\">\n\t\t\t\t\t\t<div class=\"elementor-element elementor-element-55baaa9 elementor-widget elementor-widget-heading\" data-id=\"55baaa9\" data-element_type=\"widget\" data-e-type=\"widget\" data-widget_type=\"heading.default\">\n\t\t\t\t<div class=\"elementor-widget-container\">\n\t\t\t\t\t<h2 class=\"elementor-heading-title elementor-size-default\">una settimana di eventi per il Pianeta<\/h2>\t\t\t\t<\/div>\n\t\t\t\t<\/div>\n\t\t\t\t<section class=\"elementor-section elementor-inner-section elementor-element elementor-element-640da7e7 elementor-section-boxed elementor-section-height-default elementor-section-height-default\" data-id=\"640da7e7\" data-element_type=\"section\" data-e-type=\"section\" data-settings=\"{&quot;background_background&quot;:&quot;classic&quot;}\">\n\t\t\t\t\t\t<div class=\"elementor-container elementor-column-gap-default\">\n\t\t\t\t\t<div class=\"elementor-column elementor-col-50 elementor-inner-column elementor-element elementor-element-1a9acd22\" data-id=\"1a9acd22\" data-element_type=\"column\" data-e-type=\"column\">\n\t\t\t<div class=\"elementor-widget-wrap elementor-element-populated\">\n\t\t\t\t\t\t<div class=\"elementor-element elementor-element-2e7b4c9c elementor-widget elementor-widget-text-editor\" data-id=\"2e7b4c9c\" data-element_type=\"widget\" data-e-type=\"widget\" data-widget_type=\"text-editor.default\">\n\t\t\t\t<div class=\"elementor-widget-container\">\n\t\t\t\t\t\t\t\t\t<p>Monaco \u00e8 stato coinvolto in questioni oceaniche per diversi anni.<\/p>\n<p>Per saperne di pi\u00f9 sugli impegni della Settimana della Salute Planetaria.<\/p>\n\t\t\t\t\t\t\t\t<\/div>\n\t\t\t\t<\/div>\n\t\t\t\t<div class=\"elementor-element elementor-element-548fa054 elementor-align-left elementor-widget elementor-widget-button\" data-id=\"548fa054\" data-element_type=\"widget\" data-e-type=\"widget\" data-widget_type=\"button.default\">\n\t\t\t\t<div class=\"elementor-widget-container\">\n\t\t\t\t\t\t\t\t\t<div class=\"elementor-button-wrapper\">\n\t\t\t\t\t<a class=\"elementor-button elementor-button-link elementor-size-xs\" href=\"https:\/\/www.montecarlogala.org\/ourengagement.html\" target=\"_blank\">\n\t\t\t\t\t\t<span class=\"elementor-button-content-wrapper\">\n\t\t\t\t\t\t\t\t\t<span class=\"elementor-button-text\">Impegni per il pianeta<\/span>\n\t\t\t\t\t<\/span>\n\t\t\t\t\t<\/a>\n\t\t\t\t<\/div>\n\t\t\t\t\t\t\t\t<\/div>\n\t\t\t\t<\/div>\n\t\t\t\t<div class=\"elementor-element elementor-element-830c01c elementor-widget elementor-widget-text-editor\" data-id=\"830c01c\" data-element_type=\"widget\" data-e-type=\"widget\" data-widget_type=\"text-editor.default\">\n\t\t\t\t<div class=\"elementor-widget-container\">\n\t\t\t\t\t\t\t\t\t<p><strong>Dal 21 al 27 settembre, una settimana di eventi esclusivi e su misura<\/strong><\/p>\n<p>Il Gala di Monte-Carlo sar\u00e0 cos\u00ec il punto focale di una settimana di eventi esclusivi organizzati nel rigoroso rispetto delle misure sanitarie in vigore per garantire la sicurezza dei partecipanti.<\/p>\n\t\t\t\t\t\t\t\t<\/div>\n\t\t\t\t<\/div>\n\t\t\t\t<div class=\"elementor-element elementor-element-beaa0c5 elementor-align-left elementor-widget elementor-widget-button\" data-id=\"beaa0c5\" data-element_type=\"widget\" data-e-type=\"widget\" data-widget_type=\"button.default\">\n\t\t\t\t<div class=\"elementor-widget-container\">\n\t\t\t\t\t\t\t\t\t<div class=\"elementor-button-wrapper\">\n\t\t\t\t\t<a class=\"elementor-button elementor-button-link elementor-size-xs\" href=\"https:\/\/www.fpa2.org\/actualite-8022.html\" target=\"_blank\">\n\t\t\t\t\t\t<span class=\"elementor-button-content-wrapper\">\n\t\t\t\t\t\t\t\t\t<span class=\"elementor-button-text\">il programma<\/span>\n\t\t\t\t\t<\/span>\n\t\t\t\t\t<\/a>\n\t\t\t\t<\/div>\n\t\t\t\t\t\t\t\t<\/div>\n\t\t\t\t<\/div>\n\t\t\t\t\t<\/div>\n\t\t<\/div>\n\t\t\t\t<div class=\"elementor-column elementor-col-50 elementor-inner-column elementor-element elementor-element-19eefd8a\" data-id=\"19eefd8a\" data-element_type=\"column\" data-e-type=\"column\">\n\t\t\t<div class=\"elementor-widget-wrap elementor-element-populated\">\n\t\t\t\t\t\t<div class=\"elementor-element elementor-element-526c44a elementor-zoom elementor-widget elementor-widget-image\" data-id=\"526c44a\" data-element_type=\"widget\" data-e-type=\"widget\" data-widget_type=\"image.default\">\n\t\t\t\t<div class=\"elementor-widget-container\">\n\t\t\t\t\t\t\t\t\t\t\t\t\t\t\t<img decoding=\"async\" width=\"1024\" height=\"533\" src=\"https:\/\/musee.oceano.org\/wp-content\/uploads\/sites\/2\/2020\/09\/4-Gaetan-LUCI-Palais-Princier-1024x533.jpg\" class=\"attachment-large size-large wp-image-18833\" alt=\"\" srcset=\"https:\/\/musee.oceano.org\/wp-content\/uploads\/sites\/2\/2020\/09\/4-Gaetan-LUCI-Palais-Princier-1024x533.jpg 1024w, https:\/\/musee.oceano.org\/wp-content\/uploads\/sites\/2\/2020\/09\/4-Gaetan-LUCI-Palais-Princier-300x156.jpg 300w, https:\/\/musee.oceano.org\/wp-content\/uploads\/sites\/2\/2020\/09\/4-Gaetan-LUCI-Palais-Princier-768x400.jpg 768w, https:\/\/musee.oceano.org\/wp-content\/uploads\/sites\/2\/2020\/09\/4-Gaetan-LUCI-Palais-Princier-1536x800.jpg 1536w, https:\/\/musee.oceano.org\/wp-content\/uploads\/sites\/2\/2020\/09\/4-Gaetan-LUCI-Palais-Princier-2048x1066.jpg 2048w\" sizes=\"(max-width: 1024px) 100vw, 1024px\" \/>\t\t\t\t\t\t\t\t\t\t\t\t\t\t\t<\/div>\n\t\t\t\t<\/div>\n\t\t\t\t\t<\/div>\n\t\t<\/div>\n\t\t\t\t\t<\/div>\n\t\t<\/section>\n\t\t\t\t\t<\/div>\n\t\t<\/div>\n\t\t\t\t\t<\/div>\n\t\t<\/section>\n\t\t\t\t<section class=\"elementor-section elementor-top-section elementor-element elementor-element-194fa39b elementor-section-full_width elementor-section-height-default elementor-section-height-default\" data-id=\"194fa39b\" data-element_type=\"section\" data-e-type=\"section\">\n\t\t\t\t\t\t<div class=\"elementor-container elementor-column-gap-default\">\n\t\t\t\t\t<div class=\"elementor-column elementor-col-100 elementor-top-column elementor-element elementor-element-3412eadc\" data-id=\"3412eadc\" data-element_type=\"column\" data-e-type=\"column\">\n\t\t\t<div class=\"elementor-widget-wrap elementor-element-populated\">\n\t\t\t\t\t\t<div class=\"elementor-element elementor-element-6ee64180 elementor-widget elementor-widget-heading\" data-id=\"6ee64180\" data-element_type=\"widget\" data-e-type=\"widget\" data-widget_type=\"heading.default\">\n\t\t\t\t<div class=\"elementor-widget-container\">\n\t\t\t\t\t<h2 class=\"elementor-heading-title elementor-size-default\">Vedi anche<\/h2>\t\t\t\t<\/div>\n\t\t\t\t<\/div>\n\t\t\t\t\t<\/div>\n\t\t<\/div>\n\t\t\t\t\t<\/div>\n\t\t<\/section>\n\t\t\t\t<section class=\"elementor-section elementor-top-section elementor-element elementor-element-6fb08d86 elementor-section-boxed elementor-section-height-default elementor-section-height-default\" data-id=\"6fb08d86\" data-element_type=\"section\" data-e-type=\"section\" data-settings=\"{&quot;background_background&quot;:&quot;classic&quot;}\">\n\t\t\t\t\t\t<div class=\"elementor-container elementor-column-gap-default\">\n\t\t\t\t\t<div class=\"elementor-column elementor-col-33 elementor-top-column elementor-element elementor-element-70b6cfcb animated-slow elementor-invisible\" data-id=\"70b6cfcb\" data-element_type=\"column\" data-e-type=\"column\" data-settings=\"{&quot;animation&quot;:&quot;fadeInUp&quot;}\">\n\t\t\t<div class=\"elementor-widget-wrap elementor-element-populated\">\n\t\t\t\t\t\t<div class=\"elementor-element elementor-element-2999379a elementor-zoom elementor-widget elementor-widget-image\" data-id=\"2999379a\" data-element_type=\"widget\" data-e-type=\"widget\" data-widget_type=\"image.default\">\n\t\t\t\t<div class=\"elementor-widget-container\">\n\t\t\t\t\t\t\t\t\t\t\t\t\t\t\t\t<a href=\"https:\/\/www.oceano.org\/organisation\/les-grandes-figures\/\">\n\t\t\t\t\t\t\t<img decoding=\"async\" width=\"334\" height=\"334\" src=\"https:\/\/musee.oceano.org\/wp-content\/uploads\/sites\/2\/2019\/06\/1-SAS-Albert-Ier-sur-passerelle-334x334.jpg\" class=\"attachment-img-bloc-square size-img-bloc-square wp-image-4037\" alt=\"\" srcset=\"https:\/\/musee.oceano.org\/wp-content\/uploads\/sites\/2\/2019\/06\/1-SAS-Albert-Ier-sur-passerelle-334x334.jpg 334w, https:\/\/musee.oceano.org\/wp-content\/uploads\/sites\/2\/2019\/06\/1-SAS-Albert-Ier-sur-passerelle-150x150.jpg 150w, https:\/\/musee.oceano.org\/wp-content\/uploads\/sites\/2\/2019\/06\/1-SAS-Albert-Ier-sur-passerelle-433x433.jpg 433w\" sizes=\"(max-width: 334px) 100vw, 334px\" \/>\t\t\t\t\t\t\t\t<\/a>\n\t\t\t\t\t\t\t\t\t\t\t\t\t\t\t<\/div>\n\t\t\t\t<\/div>\n\t\t\t\t<div class=\"elementor-element elementor-element-5479c2cb elementor-align-center elementor-widget elementor-widget-button\" data-id=\"5479c2cb\" data-element_type=\"widget\" data-e-type=\"widget\" data-widget_type=\"button.default\">\n\t\t\t\t<div class=\"elementor-widget-container\">\n\t\t\t\t\t\t\t\t\t<div class=\"elementor-button-wrapper\">\n\t\t\t\t\t<a class=\"elementor-button elementor-button-link elementor-size-md\" href=\"https:\/\/www.oceano.org\/it\/le-grandi-figure\/\">\n\t\t\t\t\t\t<span class=\"elementor-button-content-wrapper\">\n\t\t\t\t\t\t\t\t\t<span class=\"elementor-button-text\">scoprire le grandi figure dell'istituto<\/span>\n\t\t\t\t\t<\/span>\n\t\t\t\t\t<\/a>\n\t\t\t\t<\/div>\n\t\t\t\t\t\t\t\t<\/div>\n\t\t\t\t<\/div>\n\t\t\t\t\t<\/div>\n\t\t<\/div>\n\t\t\t\t<div class=\"elementor-column elementor-col-33 elementor-top-column elementor-element elementor-element-21e2bd17 animated-slow elementor-invisible\" data-id=\"21e2bd17\" data-element_type=\"column\" data-e-type=\"column\" data-settings=\"{&quot;animation&quot;:&quot;fadeInUp&quot;}\">\n\t\t\t<div class=\"elementor-widget-wrap elementor-element-populated\">\n\t\t\t\t\t\t<div class=\"elementor-element elementor-element-2e4c48c5 elementor-zoom elementor-widget elementor-widget-image\" data-id=\"2e4c48c5\" data-element_type=\"widget\" data-e-type=\"widget\" data-widget_type=\"image.default\">\n\t\t\t\t<div class=\"elementor-widget-container\">\n\t\t\t\t\t\t\t\t\t\t\t\t\t\t\t\t<a href=\"https:\/\/www.oceano.org\/integrale-fiches-institut\/\">\n\t\t\t\t\t\t\t<img loading=\"lazy\" decoding=\"async\" width=\"334\" height=\"334\" src=\"https:\/\/musee.oceano.org\/wp-content\/uploads\/sites\/2\/2020\/04\/jules-bss-VW-pFREtl0k-unsplash2-334x334.jpg\" class=\"attachment-img-bloc-square size-img-bloc-square wp-image-15230\" alt=\"\" srcset=\"https:\/\/musee.oceano.org\/wp-content\/uploads\/sites\/2\/2020\/04\/jules-bss-VW-pFREtl0k-unsplash2-334x334.jpg 334w, https:\/\/musee.oceano.org\/wp-content\/uploads\/sites\/2\/2020\/04\/jules-bss-VW-pFREtl0k-unsplash2-150x150.jpg 150w, https:\/\/musee.oceano.org\/wp-content\/uploads\/sites\/2\/2020\/04\/jules-bss-VW-pFREtl0k-unsplash2-433x433.jpg 433w\" sizes=\"(max-width: 334px) 100vw, 334px\" \/>\t\t\t\t\t\t\t\t<\/a>\n\t\t\t\t\t\t\t\t\t\t\t\t\t\t\t<\/div>\n\t\t\t\t<\/div>\n\t\t\t\t<div class=\"elementor-element elementor-element-33931817 elementor-align-center elementor-widget elementor-widget-button\" data-id=\"33931817\" data-element_type=\"widget\" data-e-type=\"widget\" data-widget_type=\"button.default\">\n\t\t\t\t<div class=\"elementor-widget-container\">\n\t\t\t\t\t\t\t\t\t<div class=\"elementor-button-wrapper\">\n\t\t\t\t\t<a class=\"elementor-button elementor-button-link elementor-size-md\" href=\"https:\/\/www.oceano.org\/it\/tutti-i-file-dellistituto\/\">\n\t\t\t\t\t\t<span class=\"elementor-button-content-wrapper\">\n\t\t\t\t\t\t\t\t\t<span class=\"elementor-button-text\">Tutte le schede informative dell'Istituto, scritte da esperti<\/span>\n\t\t\t\t\t<\/span>\n\t\t\t\t\t<\/a>\n\t\t\t\t<\/div>\n\t\t\t\t\t\t\t\t<\/div>\n\t\t\t\t<\/div>\n\t\t\t\t\t<\/div>\n\t\t<\/div>\n\t\t\t\t<div class=\"elementor-column elementor-col-33 elementor-top-column elementor-element elementor-element-433fa09f animated-slow elementor-invisible\" data-id=\"433fa09f\" data-element_type=\"column\" data-e-type=\"column\" data-settings=\"{&quot;animation&quot;:&quot;fadeInUp&quot;}\">\n\t\t\t<div class=\"elementor-widget-wrap elementor-element-populated\">\n\t\t\t\t\t\t<div class=\"elementor-element elementor-element-6ac8150b elementor-zoom elementor-widget elementor-widget-image\" data-id=\"6ac8150b\" data-element_type=\"widget\" data-e-type=\"widget\" data-widget_type=\"image.default\">\n\t\t\t\t<div class=\"elementor-widget-container\">\n\t\t\t\t\t\t\t\t\t\t\t\t\t\t\t\t<a href=\"https:\/\/www.oceano.org\/les-grandes-figures\/le-prince-albert-ii\/\">\n\t\t\t\t\t\t\t<img loading=\"lazy\" decoding=\"async\" width=\"334\" height=\"334\" src=\"https:\/\/musee.oceano.org\/wp-content\/uploads\/sites\/2\/2019\/06\/S.A.S.-le-Prince-Albert-II-de-Monaco-MBI-2017-P.-Fitte-low-334x334.jpg\" class=\"attachment-img-bloc-square size-img-bloc-square wp-image-5241\" alt=\"\" srcset=\"https:\/\/musee.oceano.org\/wp-content\/uploads\/sites\/2\/2019\/06\/S.A.S.-le-Prince-Albert-II-de-Monaco-MBI-2017-P.-Fitte-low-334x334.jpg 334w, https:\/\/musee.oceano.org\/wp-content\/uploads\/sites\/2\/2019\/06\/S.A.S.-le-Prince-Albert-II-de-Monaco-MBI-2017-P.-Fitte-low-150x150.jpg 150w, https:\/\/musee.oceano.org\/wp-content\/uploads\/sites\/2\/2019\/06\/S.A.S.-le-Prince-Albert-II-de-Monaco-MBI-2017-P.-Fitte-low-433x433.jpg 433w\" sizes=\"(max-width: 334px) 100vw, 334px\" \/>\t\t\t\t\t\t\t\t<\/a>\n\t\t\t\t\t\t\t\t\t\t\t\t\t\t\t<\/div>\n\t\t\t\t<\/div>\n\t\t\t\t<div class=\"elementor-element elementor-element-6d8d16e elementor-align-center elementor-widget elementor-widget-button\" data-id=\"6d8d16e\" data-element_type=\"widget\" data-e-type=\"widget\" data-widget_type=\"button.default\">\n\t\t\t\t<div class=\"elementor-widget-container\">\n\t\t\t\t\t\t\t\t\t<div class=\"elementor-button-wrapper\">\n\t\t\t\t\t<a class=\"elementor-button elementor-button-link elementor-size-md\" href=\"https:\/\/www.oceano.org\/it\/le-grandi-figure\/principe-alberto-ii\/\">\n\t\t\t\t\t\t<span class=\"elementor-button-content-wrapper\">\n\t\t\t\t\t\t\t\t\t<span class=\"elementor-button-text\">scoprire S.A.S. il Principe Alberto II di Monaco<\/span>\n\t\t\t\t\t<\/span>\n\t\t\t\t\t<\/a>\n\t\t\t\t<\/div>\n\t\t\t\t\t\t\t\t<\/div>\n\t\t\t\t<\/div>\n\t\t\t\t\t<\/div>\n\t\t<\/div>\n\t\t\t\t\t<\/div>\n\t\t<\/section>\n\t\t\t\t<\/div>\n\t\t","protected":false},"excerpt":{"rendered":"<p>Organizzato dalla Fondazione Principe Alberto II di Monaco, il Gala di Monte-Carlo per la salute planetaria avr\u00e0 luogo gioved\u00ec 24 settembre sulle terrazze dell&#8217;Opera di Monte-Carlo, con Sting come ospite d&#8217;onore.<\/p>\n","protected":false},"author":2,"featured_media":18821,"comment_status":"closed","ping_status":"closed","sticky":false,"template":"","format":"standard","meta":{"_acf_changed":false,"footnotes":""},"categories":[423],"tags":[],"thematiques_actualites":[],"class_list":["post-28593","post","type-post","status-publish","format-standard","has-post-thumbnail","hentry","category-otras-noticias"],"acf":[],"yoast_head":"<!-- This site is optimized with the Yoast SEO plugin v27.2 - https:\/\/yoast.com\/product\/yoast-seo-wordpress\/ -->\n<title>Gala Monte-Carlo per la salute planetaria - Mus\u00e9e Oc\u00e9anographique de Monaco<\/title>\n<meta name=\"robots\" content=\"index, follow, max-snippet:-1, max-image-preview:large, max-video-preview:-1\" \/>\n<link rel=\"canonical\" href=\"https:\/\/musee.oceano.org\/it\/2021\/06\/30\/gala-monte-carlo-per-la-salute-planetaria\/\" \/>\n<meta property=\"og:locale\" content=\"it_IT\" \/>\n<meta property=\"og:type\" content=\"article\" \/>\n<meta property=\"og:title\" content=\"Gala Monte-Carlo per la salute planetaria - Mus\u00e9e Oc\u00e9anographique de Monaco\" \/>\n<meta property=\"og:description\" content=\"Organizzato dalla Fondazione Principe Alberto II di Monaco, il Gala di Monte-Carlo per la salute planetaria avr\u00e0 luogo gioved\u00ec 24 settembre sulle terrazze dell&#039;Opera di Monte-Carlo, con Sting come ospite d&#039;onore.\" \/>\n<meta property=\"og:url\" content=\"https:\/\/musee.oceano.org\/it\/2021\/06\/30\/gala-monte-carlo-per-la-salute-planetaria\/\" \/>\n<meta property=\"og:site_name\" content=\"Mus\u00e9e Oc\u00e9anographique de Monaco\" \/>\n<meta property=\"article:published_time\" content=\"2021-06-30T15:40:37+00:00\" \/>\n<meta property=\"article:modified_time\" content=\"2021-07-13T09:32:16+00:00\" \/>\n<meta property=\"og:image\" content=\"https:\/\/musee.oceano.org\/wp-content\/uploads\/sites\/2\/2020\/09\/img-Planetary-Health-Week-FPA2.png\" \/>\n\t<meta property=\"og:image:width\" content=\"940\" \/>\n\t<meta property=\"og:image:height\" content=\"788\" \/>\n\t<meta property=\"og:image:type\" content=\"image\/png\" \/>\n<meta name=\"twitter:card\" content=\"summary_large_image\" \/>\n<meta name=\"twitter:label1\" content=\"Scritto da\" \/>\n\t<meta name=\"twitter:data1\" content=\"\" \/>\n\t<meta name=\"twitter:label2\" content=\"Tempo di lettura stimato\" \/>\n\t<meta name=\"twitter:data2\" content=\"4 minuti\" \/>\n<script type=\"application\/ld+json\" class=\"yoast-schema-graph\">{\"@context\":\"https:\/\/schema.org\",\"@graph\":[{\"@type\":\"Article\",\"@id\":\"https:\/\/musee.oceano.org\/it\/2021\/06\/30\/gala-monte-carlo-per-la-salute-planetaria\/#article\",\"isPartOf\":{\"@id\":\"https:\/\/musee.oceano.org\/it\/2021\/06\/30\/gala-monte-carlo-per-la-salute-planetaria\/\"},\"author\":{\"name\":\"\",\"@id\":\"\"},\"headline\":\"Gala Monte-Carlo per la salute planetaria\",\"datePublished\":\"2021-06-30T15:40:37+00:00\",\"dateModified\":\"2021-07-13T09:32:16+00:00\",\"mainEntityOfPage\":{\"@id\":\"https:\/\/musee.oceano.org\/it\/2021\/06\/30\/gala-monte-carlo-per-la-salute-planetaria\/\"},\"wordCount\":432,\"image\":{\"@id\":\"https:\/\/musee.oceano.org\/it\/2021\/06\/30\/gala-monte-carlo-per-la-salute-planetaria\/#primaryimage\"},\"thumbnailUrl\":\"https:\/\/musee.oceano.org\/wp-content\/uploads\/sites\/2\/2020\/09\/img-Planetary-Health-Week-FPA2.png\",\"articleSection\":[\"Otras noticias\"],\"inLanguage\":\"it-IT\"},{\"@type\":\"WebPage\",\"@id\":\"https:\/\/musee.oceano.org\/it\/2021\/06\/30\/gala-monte-carlo-per-la-salute-planetaria\/\",\"url\":\"https:\/\/musee.oceano.org\/it\/2021\/06\/30\/gala-monte-carlo-per-la-salute-planetaria\/\",\"name\":\"Gala Monte-Carlo per la salute planetaria - Mus\u00e9e Oc\u00e9anographique de Monaco\",\"isPartOf\":{\"@id\":\"https:\/\/musee.oceano.org\/#website\"},\"primaryImageOfPage\":{\"@id\":\"https:\/\/musee.oceano.org\/it\/2021\/06\/30\/gala-monte-carlo-per-la-salute-planetaria\/#primaryimage\"},\"image\":{\"@id\":\"https:\/\/musee.oceano.org\/it\/2021\/06\/30\/gala-monte-carlo-per-la-salute-planetaria\/#primaryimage\"},\"thumbnailUrl\":\"https:\/\/musee.oceano.org\/wp-content\/uploads\/sites\/2\/2020\/09\/img-Planetary-Health-Week-FPA2.png\",\"datePublished\":\"2021-06-30T15:40:37+00:00\",\"dateModified\":\"2021-07-13T09:32:16+00:00\",\"author\":{\"@id\":\"\"},\"breadcrumb\":{\"@id\":\"https:\/\/musee.oceano.org\/it\/2021\/06\/30\/gala-monte-carlo-per-la-salute-planetaria\/#breadcrumb\"},\"inLanguage\":\"it-IT\",\"potentialAction\":[{\"@type\":\"ReadAction\",\"target\":[\"https:\/\/musee.oceano.org\/it\/2021\/06\/30\/gala-monte-carlo-per-la-salute-planetaria\/\"]}]},{\"@type\":\"ImageObject\",\"inLanguage\":\"it-IT\",\"@id\":\"https:\/\/musee.oceano.org\/it\/2021\/06\/30\/gala-monte-carlo-per-la-salute-planetaria\/#primaryimage\",\"url\":\"https:\/\/musee.oceano.org\/wp-content\/uploads\/sites\/2\/2020\/09\/img-Planetary-Health-Week-FPA2.png\",\"contentUrl\":\"https:\/\/musee.oceano.org\/wp-content\/uploads\/sites\/2\/2020\/09\/img-Planetary-Health-Week-FPA2.png\",\"width\":940,\"height\":788},{\"@type\":\"BreadcrumbList\",\"@id\":\"https:\/\/musee.oceano.org\/it\/2021\/06\/30\/gala-monte-carlo-per-la-salute-planetaria\/#breadcrumb\",\"itemListElement\":[{\"@type\":\"ListItem\",\"position\":1,\"name\":\"Home\",\"item\":\"https:\/\/musee.oceano.org\/it\/\"},{\"@type\":\"ListItem\",\"position\":2,\"name\":\"Gala Monte-Carlo per la salute planetaria\"}]},{\"@type\":\"WebSite\",\"@id\":\"https:\/\/musee.oceano.org\/#website\",\"url\":\"https:\/\/musee.oceano.org\/\",\"name\":\"Mus\u00e9e Oc\u00e9anographique de Monaco\",\"description\":\"Faire conna\u00eetre, aimer et prot\u00e9ger les oc\u00e9ans\",\"potentialAction\":[{\"@type\":\"SearchAction\",\"target\":{\"@type\":\"EntryPoint\",\"urlTemplate\":\"https:\/\/musee.oceano.org\/?s={search_term_string}\"},\"query-input\":{\"@type\":\"PropertyValueSpecification\",\"valueRequired\":true,\"valueName\":\"search_term_string\"}}],\"inLanguage\":\"it-IT\"},{\"@type\":\"Person\",\"@id\":\"\"}]}<\/script>\n<!-- \/ Yoast SEO plugin. -->","yoast_head_json":{"title":"Gala Monte-Carlo per la salute planetaria - Mus\u00e9e Oc\u00e9anographique de Monaco","robots":{"index":"index","follow":"follow","max-snippet":"max-snippet:-1","max-image-preview":"max-image-preview:large","max-video-preview":"max-video-preview:-1"},"canonical":"https:\/\/musee.oceano.org\/it\/2021\/06\/30\/gala-monte-carlo-per-la-salute-planetaria\/","og_locale":"it_IT","og_type":"article","og_title":"Gala Monte-Carlo per la salute planetaria - Mus\u00e9e Oc\u00e9anographique de Monaco","og_description":"Organizzato dalla Fondazione Principe Alberto II di Monaco, il Gala di Monte-Carlo per la salute planetaria avr\u00e0 luogo gioved\u00ec 24 settembre sulle terrazze dell'Opera di Monte-Carlo, con Sting come ospite d'onore.","og_url":"https:\/\/musee.oceano.org\/it\/2021\/06\/30\/gala-monte-carlo-per-la-salute-planetaria\/","og_site_name":"Mus\u00e9e Oc\u00e9anographique de Monaco","article_published_time":"2021-06-30T15:40:37+00:00","article_modified_time":"2021-07-13T09:32:16+00:00","og_image":[{"width":940,"height":788,"url":"https:\/\/musee.oceano.org\/wp-content\/uploads\/sites\/2\/2020\/09\/img-Planetary-Health-Week-FPA2.png","type":"image\/png"}],"twitter_card":"summary_large_image","twitter_misc":{"Scritto da":"","Tempo di lettura stimato":"4 minuti"},"schema":{"@context":"https:\/\/schema.org","@graph":[{"@type":"Article","@id":"https:\/\/musee.oceano.org\/it\/2021\/06\/30\/gala-monte-carlo-per-la-salute-planetaria\/#article","isPartOf":{"@id":"https:\/\/musee.oceano.org\/it\/2021\/06\/30\/gala-monte-carlo-per-la-salute-planetaria\/"},"author":{"name":"","@id":""},"headline":"Gala Monte-Carlo per la salute planetaria","datePublished":"2021-06-30T15:40:37+00:00","dateModified":"2021-07-13T09:32:16+00:00","mainEntityOfPage":{"@id":"https:\/\/musee.oceano.org\/it\/2021\/06\/30\/gala-monte-carlo-per-la-salute-planetaria\/"},"wordCount":432,"image":{"@id":"https:\/\/musee.oceano.org\/it\/2021\/06\/30\/gala-monte-carlo-per-la-salute-planetaria\/#primaryimage"},"thumbnailUrl":"https:\/\/musee.oceano.org\/wp-content\/uploads\/sites\/2\/2020\/09\/img-Planetary-Health-Week-FPA2.png","articleSection":["Otras noticias"],"inLanguage":"it-IT"},{"@type":"WebPage","@id":"https:\/\/musee.oceano.org\/it\/2021\/06\/30\/gala-monte-carlo-per-la-salute-planetaria\/","url":"https:\/\/musee.oceano.org\/it\/2021\/06\/30\/gala-monte-carlo-per-la-salute-planetaria\/","name":"Gala Monte-Carlo per la salute planetaria - Mus\u00e9e Oc\u00e9anographique de Monaco","isPartOf":{"@id":"https:\/\/musee.oceano.org\/#website"},"primaryImageOfPage":{"@id":"https:\/\/musee.oceano.org\/it\/2021\/06\/30\/gala-monte-carlo-per-la-salute-planetaria\/#primaryimage"},"image":{"@id":"https:\/\/musee.oceano.org\/it\/2021\/06\/30\/gala-monte-carlo-per-la-salute-planetaria\/#primaryimage"},"thumbnailUrl":"https:\/\/musee.oceano.org\/wp-content\/uploads\/sites\/2\/2020\/09\/img-Planetary-Health-Week-FPA2.png","datePublished":"2021-06-30T15:40:37+00:00","dateModified":"2021-07-13T09:32:16+00:00","author":{"@id":""},"breadcrumb":{"@id":"https:\/\/musee.oceano.org\/it\/2021\/06\/30\/gala-monte-carlo-per-la-salute-planetaria\/#breadcrumb"},"inLanguage":"it-IT","potentialAction":[{"@type":"ReadAction","target":["https:\/\/musee.oceano.org\/it\/2021\/06\/30\/gala-monte-carlo-per-la-salute-planetaria\/"]}]},{"@type":"ImageObject","inLanguage":"it-IT","@id":"https:\/\/musee.oceano.org\/it\/2021\/06\/30\/gala-monte-carlo-per-la-salute-planetaria\/#primaryimage","url":"https:\/\/musee.oceano.org\/wp-content\/uploads\/sites\/2\/2020\/09\/img-Planetary-Health-Week-FPA2.png","contentUrl":"https:\/\/musee.oceano.org\/wp-content\/uploads\/sites\/2\/2020\/09\/img-Planetary-Health-Week-FPA2.png","width":940,"height":788},{"@type":"BreadcrumbList","@id":"https:\/\/musee.oceano.org\/it\/2021\/06\/30\/gala-monte-carlo-per-la-salute-planetaria\/#breadcrumb","itemListElement":[{"@type":"ListItem","position":1,"name":"Home","item":"https:\/\/musee.oceano.org\/it\/"},{"@type":"ListItem","position":2,"name":"Gala Monte-Carlo per la salute planetaria"}]},{"@type":"WebSite","@id":"https:\/\/musee.oceano.org\/#website","url":"https:\/\/musee.oceano.org\/","name":"Mus\u00e9e Oc\u00e9anographique de Monaco","description":"Faire conna\u00eetre, aimer et prot\u00e9ger les oc\u00e9ans","potentialAction":[{"@type":"SearchAction","target":{"@type":"EntryPoint","urlTemplate":"https:\/\/musee.oceano.org\/?s={search_term_string}"},"query-input":{"@type":"PropertyValueSpecification","valueRequired":true,"valueName":"search_term_string"}}],"inLanguage":"it-IT"},{"@type":"Person","@id":""}]}},"_links":{"self":[{"href":"https:\/\/musee.oceano.org\/it\/wp-json\/wp\/v2\/posts\/28593","targetHints":{"allow":["GET"]}}],"collection":[{"href":"https:\/\/musee.oceano.org\/it\/wp-json\/wp\/v2\/posts"}],"about":[{"href":"https:\/\/musee.oceano.org\/it\/wp-json\/wp\/v2\/types\/post"}],"author":[{"embeddable":true,"href":"https:\/\/musee.oceano.org\/it\/wp-json\/wp\/v2\/users\/2"}],"replies":[{"embeddable":true,"href":"https:\/\/musee.oceano.org\/it\/wp-json\/wp\/v2\/comments?post=28593"}],"version-history":[{"count":6,"href":"https:\/\/musee.oceano.org\/it\/wp-json\/wp\/v2\/posts\/28593\/revisions"}],"predecessor-version":[{"id":32551,"href":"https:\/\/musee.oceano.org\/it\/wp-json\/wp\/v2\/posts\/28593\/revisions\/32551"}],"wp:featuredmedia":[{"embeddable":true,"href":"https:\/\/musee.oceano.org\/it\/wp-json\/wp\/v2\/media\/18821"}],"wp:attachment":[{"href":"https:\/\/musee.oceano.org\/it\/wp-json\/wp\/v2\/media?parent=28593"}],"wp:term":[{"taxonomy":"category","embeddable":true,"href":"https:\/\/musee.oceano.org\/it\/wp-json\/wp\/v2\/categories?post=28593"},{"taxonomy":"post_tag","embeddable":true,"href":"https:\/\/musee.oceano.org\/it\/wp-json\/wp\/v2\/tags?post=28593"},{"taxonomy":"thematiques_actualites","embeddable":true,"href":"https:\/\/musee.oceano.org\/it\/wp-json\/wp\/v2\/thematiques_actualites?post=28593"}],"curies":[{"name":"wp","href":"https:\/\/api.w.org\/{rel}","templated":true}]}}