{"id":28606,"date":"2021-06-30T17:40:44","date_gmt":"2021-06-30T15:40:44","guid":{"rendered":"https:\/\/musee.oceano.org\/2021\/06\/30\/per-un-deconfinamento-delle-menti\/"},"modified":"2021-06-30T17:40:50","modified_gmt":"2021-06-30T15:40:50","slug":"per-un-deconfinamento-delle-menti","status":"publish","type":"post","link":"https:\/\/musee.oceano.org\/it\/2021\/06\/30\/per-un-deconfinamento-delle-menti\/","title":{"rendered":"Per un deconfinamento delle menti"},"content":{"rendered":"\t\t<div data-elementor-type=\"wp-post\" data-elementor-id=\"28606\" class=\"elementor elementor-28606 elementor-19956\" data-elementor-post-type=\"post\">\n\t\t\t\t\t\t<section class=\"elementor-section elementor-top-section elementor-element elementor-element-1a08f34b elementor-section-full_width elementor-section-height-default elementor-section-height-default\" data-id=\"1a08f34b\" data-element_type=\"section\" data-e-type=\"section\">\n\t\t\t\t\t\t<div class=\"elementor-container elementor-column-gap-default\">\n\t\t\t\t\t<div class=\"elementor-column elementor-col-100 elementor-top-column elementor-element elementor-element-34b4250c\" data-id=\"34b4250c\" data-element_type=\"column\" data-e-type=\"column\">\n\t\t\t<div class=\"elementor-widget-wrap elementor-element-populated\">\n\t\t\t\t\t\t<div class=\"elementor-element elementor-element-99f28ee elementor-widget elementor-widget-ee-breadcrumbs\" data-id=\"99f28ee\" data-element_type=\"widget\" data-e-type=\"widget\" data-widget_type=\"ee-breadcrumbs.default\">\n\t\t\t\t<div class=\"elementor-widget-container\">\n\t\t\t\t\t<ul class=\"ee-breadcrumbs\" itemscope=\"\" itemtype=\"http:\/\/schema.org\/BreadcrumbList\"><\/ul>\t\t\t\t<\/div>\n\t\t\t\t<\/div>\n\t\t\t\t\t<\/div>\n\t\t<\/div>\n\t\t\t\t\t<\/div>\n\t\t<\/section>\n\t\t\t\t<section class=\"elementor-section elementor-top-section elementor-element elementor-element-2a6cecd1 elementor-section-height-min-height elementor-section-boxed elementor-section-height-default elementor-section-items-middle\" data-id=\"2a6cecd1\" data-element_type=\"section\" data-e-type=\"section\">\n\t\t\t\t\t\t<div class=\"elementor-container elementor-column-gap-default\">\n\t\t\t\t\t<div class=\"elementor-column elementor-col-100 elementor-top-column elementor-element elementor-element-3195a153\" data-id=\"3195a153\" data-element_type=\"column\" data-e-type=\"column\">\n\t\t\t<div class=\"elementor-widget-wrap elementor-element-populated\">\n\t\t\t\t\t\t<div class=\"elementor-element elementor-element-4a0da0b0 elementor-widget elementor-widget-spacer\" data-id=\"4a0da0b0\" data-element_type=\"widget\" data-e-type=\"widget\" data-widget_type=\"spacer.default\">\n\t\t\t\t<div class=\"elementor-widget-container\">\n\t\t\t\t\t\t\t<div class=\"elementor-spacer\">\n\t\t\t<div class=\"elementor-spacer-inner\"><\/div>\n\t\t<\/div>\n\t\t\t\t\t\t<\/div>\n\t\t\t\t<\/div>\n\t\t\t\t<div class=\"elementor-element elementor-element-7805b883 elementor-widget elementor-widget-heading\" data-id=\"7805b883\" data-element_type=\"widget\" data-e-type=\"widget\" data-widget_type=\"heading.default\">\n\t\t\t\t<div class=\"elementor-widget-container\">\n\t\t\t\t\t<h1 class=\"elementor-heading-title elementor-size-default\">Per un deconfinamento delle menti<\/h1>\t\t\t\t<\/div>\n\t\t\t\t<\/div>\n\t\t\t\t<div class=\"elementor-element elementor-element-4f90ef00 elementor-widget elementor-widget-heading\" data-id=\"4f90ef00\" data-element_type=\"widget\" data-e-type=\"widget\" data-widget_type=\"heading.default\">\n\t\t\t\t<div class=\"elementor-widget-container\">\n\t\t\t\t\t<h2 class=\"elementor-heading-title elementor-size-default\">Monaco, 13 dicembre 2020<\/h2>\t\t\t\t<\/div>\n\t\t\t\t<\/div>\n\t\t\t\t<section class=\"elementor-section elementor-inner-section elementor-element elementor-element-3f144d0b elementor-section-boxed elementor-section-height-default elementor-section-height-default\" data-id=\"3f144d0b\" data-element_type=\"section\" data-e-type=\"section\">\n\t\t\t\t\t\t<div class=\"elementor-container elementor-column-gap-default\">\n\t\t\t\t\t<div class=\"elementor-column elementor-col-100 elementor-inner-column elementor-element elementor-element-7016f632\" data-id=\"7016f632\" data-element_type=\"column\" data-e-type=\"column\">\n\t\t\t<div class=\"elementor-widget-wrap elementor-element-populated\">\n\t\t\t\t\t\t<div class=\"elementor-element elementor-element-72086425 ee-breadcrumbs-align-center elementor-widget__width-auto elementor-widget elementor-widget-ee-breadcrumbs\" data-id=\"72086425\" data-element_type=\"widget\" data-e-type=\"widget\" data-widget_type=\"ee-breadcrumbs.default\">\n\t\t\t\t<div class=\"elementor-widget-container\">\n\t\t\t\t\t<ul class=\"ee-breadcrumbs\" itemscope=\"\" itemtype=\"http:\/\/schema.org\/BreadcrumbList\"><\/ul>\t\t\t\t<\/div>\n\t\t\t\t<\/div>\n\t\t\t\t<div class=\"elementor-element elementor-element-4f498b14 elementor-widget__width-auto elementor-widget elementor-widget-text-editor\" data-id=\"4f498b14\" data-element_type=\"widget\" data-e-type=\"widget\" data-widget_type=\"text-editor.default\">\n\t\t\t\t<div class=\"elementor-widget-container\">\n\t\t\t\t\t\t\t\t\t\/ 13\/12\/2020\t\t\t\t\t\t\t\t<\/div>\n\t\t\t\t<\/div>\n\t\t\t\t\t<\/div>\n\t\t<\/div>\n\t\t\t\t\t<\/div>\n\t\t<\/section>\n\t\t\t\t<div class=\"elementor-element elementor-element-49930886 elementor-icon-list--layout-inline elementor-align-center elementor-widget__width-auto elementor-list-item-link-full_width elementor-widget elementor-widget-icon-list\" data-id=\"49930886\" data-element_type=\"widget\" data-e-type=\"widget\" data-widget_type=\"icon-list.default\">\n\t\t\t\t<div class=\"elementor-widget-container\">\n\t\t\t\t\t\t\t<ul class=\"elementor-icon-list-items elementor-inline-items\">\n\t\t\t\t\t\t\t<li class=\"elementor-icon-list-item elementor-inline-item\">\n\t\t\t\t\t\t\t\t\t\t\t<span class=\"elementor-icon-list-icon\">\n\t\t\t\t\t\t\t<i aria-hidden=\"true\" class=\"far fa-clock\"><\/i>\t\t\t\t\t\t<\/span>\n\t\t\t\t\t\t\t\t\t\t<span class=\"elementor-icon-list-text\">Tempo di lettura: 1 min<\/span>\n\t\t\t\t\t\t\t\t\t<\/li>\n\t\t\t\t\t\t<\/ul>\n\t\t\t\t\t\t<\/div>\n\t\t\t\t<\/div>\n\t\t\t\t<div class=\"elementor-element elementor-element-6e64870a elementor-widget elementor-widget-image\" data-id=\"6e64870a\" data-element_type=\"widget\" data-e-type=\"widget\" data-widget_type=\"image.default\">\n\t\t\t\t<div class=\"elementor-widget-container\">\n\t\t\t\t\t\t\t\t\t\t\t\t\t\t\t<img fetchpriority=\"high\" decoding=\"async\" width=\"433\" height=\"433\" src=\"https:\/\/musee.oceano.org\/wp-content\/uploads\/sites\/2\/2020\/12\/visuel-tribune-FINAL_7-433x433.jpg\" class=\"attachment-img-bloc-three-content size-img-bloc-three-content wp-image-28607\" alt=\"\" srcset=\"https:\/\/musee.oceano.org\/wp-content\/uploads\/sites\/2\/2020\/12\/visuel-tribune-FINAL_7-433x433.jpg 433w, https:\/\/musee.oceano.org\/wp-content\/uploads\/sites\/2\/2020\/12\/visuel-tribune-FINAL_7-300x300.jpg 300w, https:\/\/musee.oceano.org\/wp-content\/uploads\/sites\/2\/2020\/12\/visuel-tribune-FINAL_7-1024x1024.jpg 1024w, https:\/\/musee.oceano.org\/wp-content\/uploads\/sites\/2\/2020\/12\/visuel-tribune-FINAL_7-150x150.jpg 150w, https:\/\/musee.oceano.org\/wp-content\/uploads\/sites\/2\/2020\/12\/visuel-tribune-FINAL_7-768x768.jpg 768w, https:\/\/musee.oceano.org\/wp-content\/uploads\/sites\/2\/2020\/12\/visuel-tribune-FINAL_7-334x334.jpg 334w, https:\/\/musee.oceano.org\/wp-content\/uploads\/sites\/2\/2020\/12\/visuel-tribune-FINAL_7.jpg 1200w\" sizes=\"(max-width: 433px) 100vw, 433px\" \/>\t\t\t\t\t\t\t\t\t\t\t\t\t\t\t<\/div>\n\t\t\t\t<\/div>\n\t\t\t\t\t<\/div>\n\t\t<\/div>\n\t\t\t\t\t<\/div>\n\t\t<\/section>\n\t\t\t\t<section class=\"elementor-section elementor-top-section elementor-element elementor-element-23243bee elementor-section-boxed elementor-section-height-default elementor-section-height-default\" data-id=\"23243bee\" data-element_type=\"section\" data-e-type=\"section\">\n\t\t\t\t\t\t<div class=\"elementor-container elementor-column-gap-default\">\n\t\t\t\t\t<div class=\"elementor-column elementor-col-100 elementor-top-column elementor-element elementor-element-cfd2181\" data-id=\"cfd2181\" data-element_type=\"column\" data-e-type=\"column\">\n\t\t\t<div class=\"elementor-widget-wrap elementor-element-populated\">\n\t\t\t\t\t\t<div class=\"elementor-element elementor-element-6d4d40b6 elementor-widget elementor-widget-spacer\" data-id=\"6d4d40b6\" data-element_type=\"widget\" data-e-type=\"widget\" data-widget_type=\"spacer.default\">\n\t\t\t\t<div class=\"elementor-widget-container\">\n\t\t\t\t\t\t\t<div class=\"elementor-spacer\">\n\t\t\t<div class=\"elementor-spacer-inner\"><\/div>\n\t\t<\/div>\n\t\t\t\t\t\t<\/div>\n\t\t\t\t<\/div>\n\t\t\t\t\t<\/div>\n\t\t<\/div>\n\t\t\t\t\t<\/div>\n\t\t<\/section>\n\t\t\t\t<section class=\"elementor-section elementor-top-section elementor-element elementor-element-2ade4fbf elementor-section-boxed elementor-section-height-default elementor-section-height-default\" data-id=\"2ade4fbf\" data-element_type=\"section\" data-e-type=\"section\">\n\t\t\t\t\t\t<div class=\"elementor-container elementor-column-gap-default\">\n\t\t\t\t\t<div class=\"elementor-column elementor-col-100 elementor-top-column elementor-element elementor-element-2f5609a2\" data-id=\"2f5609a2\" data-element_type=\"column\" data-e-type=\"column\">\n\t\t\t<div class=\"elementor-widget-wrap elementor-element-populated\">\n\t\t\t\t\t\t<div class=\"elementor-element elementor-element-19199ccd elementor-widget elementor-widget-text-editor\" data-id=\"19199ccd\" data-element_type=\"widget\" data-e-type=\"widget\" data-widget_type=\"text-editor.default\">\n\t\t\t\t<div class=\"elementor-widget-container\">\n\t\t\t\t\t\t\t\t\t<p class=\"m_8709450759070026854Default\">La <b>chiusura dei luoghi di cultura e il loro importante ruolo nella nostra societ\u00e0 ed economia \u00e8 pi\u00f9<\/b> attuale che <b>mai<\/b>. Questa Tribuna spiega l&#8217;importanza del dialogo tra Scienza e Cultura per costruire il mondo di domani<b>. Non \u00e8 solo una questione di attivit\u00e0 economica; \u00e8 in gioco la nostra apertura e resilienza di fronte alla crisi attuale e nell&#8217;inventare il futuro.<u><\/u><u><\/u><\/b><\/p>\n<p class=\"m_8709450759070026854Default\"><u><\/u> <u><\/u><\/p>\n<p class=\"m_8709450759070026854Default\">\u00c8<b>ora di opporsi al rimbalzo dell&#8217;epidemia e alla crisi economica con un rimbalzo di entusiasmo e immaginazione<\/b>. Insieme all&#8217;<b>economia<\/b>, <b>sono la curiosit\u00e0, la scoperta e la creativit\u00e0 che devono essere rilanciate <\/b>per emergere pi\u00f9 forti, <b>meglio in grado di affrontare le grandi sfide ambientali e sociali<\/b>.<u><\/u><u><\/u><\/p>\n<p class=\"m_8709450759070026854Default\"><u><\/u> <u><\/u><\/p>\n<p class=\"m_8709450759070026854MsoListParagraph\">Per deconcentrare le menti e riaccendere l&#8217;immaginazione, per raccogliere le sfide planetarie e preparare un futuro pi\u00f9 vivibile ed emozionante, <b>stiamo rispondendo, perch\u00e9 non c&#8217;\u00e8 futuro senza Natura, n\u00e9 un futuro senza Cultura<\/b>.<\/p>\n<p class=\"m_8709450759070026854MsoListParagraph\"><b> <\/b><\/p>\n<p class=\"m_8709450759070026854MsoListParagraph\"><i style=\"color: #014067;font-family: gilroy_medium, Roboto, sans-serif;font-size: 13.3333px;letter-spacing: 0.16px;text-align: left;color: #ffffff\">Una Tribuna iniziata dall&#8217;Istituto Oceanografico, pubblicata nel Journal du Dimanche, il cui primo firmatario \u00e8 S.A.S. Il Principe Alberto II di Monaco, affiancato da altri 32 firmatari internazionali del mondo della scienza e della cultura: Laurent Ballesta, Charles Berling, St\u00e9phane Bern, Sandra Bessudo, Robert Calcagno, Jean Chambaz, Xavier Darcos, Bruno David, Peter Herzig, Fran\u00e7ois Houllier, Alexis Jenni, Murielle Mayette, Erik Orsenna, Vladimir Ryabinin, Enric Sala, Philippe Taquet, Val\u00e9rie Verdier&#8230;<\/i><b><br \/>\n<\/b><\/p>\n\t\t\t\t\t\t\t\t<\/div>\n\t\t\t\t<\/div>\n\t\t\t\t<div class=\"elementor-element elementor-element-fe85868 elementor-align-right elementor-widget elementor-widget-button\" data-id=\"fe85868\" data-element_type=\"widget\" data-e-type=\"widget\" data-widget_type=\"button.default\">\n\t\t\t\t<div class=\"elementor-widget-container\">\n\t\t\t\t\t\t\t\t\t<div class=\"elementor-button-wrapper\">\n\t\t\t\t\t<a class=\"elementor-button elementor-button-link elementor-size-md\" href=\"https:\/\/www.lejdd.fr\/Culture\/covid-19-lappel-dalbert-de-monaco-et-de-32-personnalites-pour-relancer-une-vie-culturelle-adaptee-4011699\" target=\"_blank\">\n\t\t\t\t\t\t<span class=\"elementor-button-content-wrapper\">\n\t\t\t\t\t\t\t\t\t<span class=\"elementor-button-text\">Leggi la Tribuna<\/span>\n\t\t\t\t\t<\/span>\n\t\t\t\t\t<\/a>\n\t\t\t\t<\/div>\n\t\t\t\t\t\t\t\t<\/div>\n\t\t\t\t<\/div>\n\t\t\t\t<div class=\"elementor-element elementor-element-12662e3d elementor-align-right elementor-widget elementor-widget-button\" data-id=\"12662e3d\" data-element_type=\"widget\" data-e-type=\"widget\" data-widget_type=\"button.default\">\n\t\t\t\t<div class=\"elementor-widget-container\">\n\t\t\t\t\t\t\t\t\t<div class=\"elementor-button-wrapper\">\n\t\t\t\t\t<a class=\"elementor-button elementor-button-link elementor-size-md\" href=\"https:\/\/www.oceano.org\/wp-content\/uploads\/2020\/12\/Tribune_Deconfinement-des-esprits_ok.pdf\" target=\"_blank\">\n\t\t\t\t\t\t<span class=\"elementor-button-content-wrapper\">\n\t\t\t\t\t\t\t\t\t<span class=\"elementor-button-text\">Scarica la Tribuna<\/span>\n\t\t\t\t\t<\/span>\n\t\t\t\t\t<\/a>\n\t\t\t\t<\/div>\n\t\t\t\t\t\t\t\t<\/div>\n\t\t\t\t<\/div>\n\t\t\t\t\t<\/div>\n\t\t<\/div>\n\t\t\t\t\t<\/div>\n\t\t<\/section>\n\t\t\t\t<section class=\"elementor-section elementor-top-section elementor-element elementor-element-66cf5171 elementor-section-boxed elementor-section-height-default elementor-section-height-default\" data-id=\"66cf5171\" data-element_type=\"section\" data-e-type=\"section\">\n\t\t\t\t\t\t<div class=\"elementor-container elementor-column-gap-default\">\n\t\t\t\t\t<div class=\"elementor-column elementor-col-100 elementor-top-column elementor-element elementor-element-18b39b1a\" data-id=\"18b39b1a\" data-element_type=\"column\" data-e-type=\"column\">\n\t\t\t<div class=\"elementor-widget-wrap elementor-element-populated\">\n\t\t\t\t\t\t<div class=\"elementor-element elementor-element-31af8f73 elementor-widget elementor-widget-spacer\" data-id=\"31af8f73\" data-element_type=\"widget\" data-e-type=\"widget\" data-widget_type=\"spacer.default\">\n\t\t\t\t<div class=\"elementor-widget-container\">\n\t\t\t\t\t\t\t<div class=\"elementor-spacer\">\n\t\t\t<div class=\"elementor-spacer-inner\"><\/div>\n\t\t<\/div>\n\t\t\t\t\t\t<\/div>\n\t\t\t\t<\/div>\n\t\t\t\t\t<\/div>\n\t\t<\/div>\n\t\t\t\t\t<\/div>\n\t\t<\/section>\n\t\t\t\t<section class=\"elementor-section elementor-top-section elementor-element elementor-element-314c9cdf elementor-section-full_width elementor-section-height-default elementor-section-height-default\" data-id=\"314c9cdf\" data-element_type=\"section\" data-e-type=\"section\">\n\t\t\t\t\t\t<div class=\"elementor-container elementor-column-gap-default\">\n\t\t\t\t\t<div class=\"elementor-column elementor-col-100 elementor-top-column elementor-element elementor-element-3b4d6ac3\" data-id=\"3b4d6ac3\" data-element_type=\"column\" data-e-type=\"column\">\n\t\t\t<div class=\"elementor-widget-wrap elementor-element-populated\">\n\t\t\t\t\t\t<div class=\"elementor-element elementor-element-43ec6ef7 elementor-widget elementor-widget-heading\" data-id=\"43ec6ef7\" data-element_type=\"widget\" data-e-type=\"widget\" data-widget_type=\"heading.default\">\n\t\t\t\t<div class=\"elementor-widget-container\">\n\t\t\t\t\t<h2 class=\"elementor-heading-title elementor-size-default\">Altri articoli<\/h2>\t\t\t\t<\/div>\n\t\t\t\t<\/div>\n\t\t\t\t\t<\/div>\n\t\t<\/div>\n\t\t\t\t\t<\/div>\n\t\t<\/section>\n\t\t\t\t<section class=\"elementor-section elementor-top-section elementor-element elementor-element-788531a6 elementor-section-boxed elementor-section-height-default elementor-section-height-default\" data-id=\"788531a6\" data-element_type=\"section\" data-e-type=\"section\" data-settings=\"{&quot;background_background&quot;:&quot;classic&quot;}\">\n\t\t\t\t\t\t<div class=\"elementor-container elementor-column-gap-default\">\n\t\t\t\t\t<div class=\"elementor-column elementor-col-100 elementor-top-column elementor-element elementor-element-699dc3f\" data-id=\"699dc3f\" data-element_type=\"column\" data-e-type=\"column\">\n\t\t\t<div class=\"elementor-widget-wrap elementor-element-populated\">\n\t\t\t\t\t\t<div class=\"elementor-element elementor-element-3a88a30c ee-posts-thumbnail-ratio ee-grid-columns-tablet-3 ee-grid-halign--center ee-grid-columns-3 ee-grid-columns-mobile-1 ee-grid-align--stretch ee-posts-align-top elementor-widget elementor-widget-posts-extra\" data-id=\"3a88a30c\" data-element_type=\"widget\" data-e-type=\"widget\" data-settings=\"{&quot;columns_tablet&quot;:&quot;3&quot;,&quot;classic_grid_columns_spacing&quot;:{&quot;unit&quot;:&quot;px&quot;,&quot;size&quot;:&quot;35&quot;,&quot;sizes&quot;:[]},&quot;columns&quot;:&quot;3&quot;,&quot;columns_mobile&quot;:&quot;1&quot;,&quot;classic_layout&quot;:&quot;default&quot;,&quot;classic_grid_columns_spacing_tablet&quot;:{&quot;unit&quot;:&quot;px&quot;,&quot;size&quot;:12,&quot;sizes&quot;:[]},&quot;classic_grid_columns_spacing_mobile&quot;:{&quot;unit&quot;:&quot;px&quot;,&quot;size&quot;:0,&quot;sizes&quot;:[]}}\" data-widget_type=\"posts-extra.classic\">\n\t\t\t\t<div class=\"elementor-widget-container\">\n\t\t\t\t\t<div class=\"ee-grid ee-loop ee-grid--default\"><div class=\"ee-grid__item--sizer\"><\/div><div class=\"ee-grid__item ee-loop__item\"><article class=\"ee-post post-33314 post type-post status-publish format-standard has-post-thumbnail hentry category-notizie-museo-oceanografico-di-monaco\"><a class=\"ee-media ee-post__media\" href=\"https:\/\/musee.oceano.org\/it\/2021\/07\/26\/unestate-al-museo-oceanografico\/\"><div class=\"ee-post__media__thumbnail ee-media__thumbnail\"><img decoding=\"async\" width=\"1024\" height=\"581\" src=\"https:\/\/musee.oceano.org\/wp-content\/uploads\/sites\/2\/2021\/07\/Club-Oceano-\u00a9-M.-Dagnino-Institut-oceanographique.jpg\" class=\"attachment-full size-full wp-image-33498\" alt=\"\" srcset=\"https:\/\/musee.oceano.org\/wp-content\/uploads\/sites\/2\/2021\/07\/Club-Oceano-\u00a9-M.-Dagnino-Institut-oceanographique.jpg 1024w, https:\/\/musee.oceano.org\/wp-content\/uploads\/sites\/2\/2021\/07\/Club-Oceano-\u00a9-M.-Dagnino-Institut-oceanographique-300x170.jpg 300w, https:\/\/musee.oceano.org\/wp-content\/uploads\/sites\/2\/2021\/07\/Club-Oceano-\u00a9-M.-Dagnino-Institut-oceanographique-768x436.jpg 768w\" sizes=\"(max-width: 1024px) 100vw, 1024px\" \/><\/div><div class=\"ee-post__media__overlay ee-media__overlay\"><\/div><\/a><!-- .ee-post__media --><div class=\"ee-post__body ee-post__area\"><div class=\"ee-post__metas ee-post__metas--has-metas\"><ul class=\"ee-post__metas__list display--\"><li class=\"ee-post__meta ee-post__meta--date ee-post__metas__date\"> 26\/07\/2021<span class=\"ee-post__meta__separator\">\u00b7<\/span><\/li><\/ul><\/div><a href=\"https:\/\/musee.oceano.org\/it\/2021\/07\/26\/unestate-al-museo-oceanografico\/\" class=\"ee-post__title\">\n\t\t\t<div class=\"ee-post__title__heading\">Un&#8217;estate al Museo Oceanografico<\/div>\n\t\t<\/a><\/div><!-- .ee-post__body --><\/article><!-- .ee-post --><\/div><!-- .ee-loop__item --><div class=\"ee-grid__item ee-loop__item\"><article class=\"ee-post post-48699 post type-post status-publish format-standard has-post-thumbnail hentry category-notizie-museo-oceanografico-di-monaco thematiques_actualites-attivita\"><a class=\"ee-media ee-post__media\" href=\"https:\/\/musee.oceano.org\/it\/2024\/05\/15\/i-giganti-del-ghiaccio-si-uniscono-alla-missione-polare-al-museo-oceanografico-di-monaco\/\"><div class=\"ee-post__media__thumbnail ee-media__thumbnail\"><img decoding=\"async\" width=\"1620\" height=\"1620\" src=\"https:\/\/musee.oceano.org\/wp-content\/uploads\/sites\/2\/2024\/05\/Exposition-bassompierre-musee-monaco.png\" class=\"attachment-full size-full wp-image-48603\" alt=\"Exposition Bassompierre et Exposition Mission Polaire au mus\u00e9e oc\u00e9anographique de monaco\" srcset=\"https:\/\/musee.oceano.org\/wp-content\/uploads\/sites\/2\/2024\/05\/Exposition-bassompierre-musee-monaco.png 1620w, https:\/\/musee.oceano.org\/wp-content\/uploads\/sites\/2\/2024\/05\/Exposition-bassompierre-musee-monaco-300x300.png 300w, https:\/\/musee.oceano.org\/wp-content\/uploads\/sites\/2\/2024\/05\/Exposition-bassompierre-musee-monaco-1024x1024.png 1024w, https:\/\/musee.oceano.org\/wp-content\/uploads\/sites\/2\/2024\/05\/Exposition-bassompierre-musee-monaco-150x150.png 150w, https:\/\/musee.oceano.org\/wp-content\/uploads\/sites\/2\/2024\/05\/Exposition-bassompierre-musee-monaco-768x768.png 768w, https:\/\/musee.oceano.org\/wp-content\/uploads\/sites\/2\/2024\/05\/Exposition-bassompierre-musee-monaco-1536x1536.png 1536w, https:\/\/musee.oceano.org\/wp-content\/uploads\/sites\/2\/2024\/05\/Exposition-bassompierre-musee-monaco-433x433.png 433w, https:\/\/musee.oceano.org\/wp-content\/uploads\/sites\/2\/2024\/05\/Exposition-bassompierre-musee-monaco-334x334.png 334w\" sizes=\"(max-width: 1620px) 100vw, 1620px\" \/><\/div><div class=\"ee-post__media__overlay ee-media__overlay\"><\/div><\/a><!-- .ee-post__media --><div class=\"ee-post__body ee-post__area\"><div class=\"ee-post__metas ee-post__metas--has-metas\"><ul class=\"ee-post__metas__list display--\"><li class=\"ee-post__meta ee-post__meta--date ee-post__metas__date\"> 15\/05\/2024<span class=\"ee-post__meta__separator\">\u00b7<\/span><\/li><\/ul><\/div><a href=\"https:\/\/musee.oceano.org\/it\/2024\/05\/15\/i-giganti-del-ghiaccio-si-uniscono-alla-missione-polare-al-museo-oceanografico-di-monaco\/\" class=\"ee-post__title\">\n\t\t\t<div class=\"ee-post__title__heading\">I Giganti del Ghiaccio si uniscono alla Missione Polare al Museo Oceanografico di Monaco<\/div>\n\t\t<\/a><\/div><!-- .ee-post__body --><\/article><!-- .ee-post --><\/div><!-- .ee-loop__item --><div class=\"ee-grid__item ee-loop__item\"><article class=\"ee-post post-30705 post type-post status-publish format-standard has-post-thumbnail hentry category-monaco-la-voce-delloceano thematiques_actualites-biodiversita-marina\"><a class=\"ee-media ee-post__media\" href=\"https:\/\/musee.oceano.org\/it\/2021\/07\/07\/un-passo-decisivo-per-la-conservazione-della-biodiversita\/\"><div class=\"ee-post__media__thumbnail ee-media__thumbnail\"><img loading=\"lazy\" decoding=\"async\" width=\"1949\" height=\"1057\" src=\"https:\/\/musee.oceano.org\/wp-content\/uploads\/sites\/2\/2020\/10\/Un-pas-decisif-pour-la-preservation-de-la-biodiversite-header.jpg\" class=\"attachment-full size-full wp-image-19377\" alt=\"\" srcset=\"https:\/\/musee.oceano.org\/wp-content\/uploads\/sites\/2\/2020\/10\/Un-pas-decisif-pour-la-preservation-de-la-biodiversite-header.jpg 1949w, https:\/\/musee.oceano.org\/wp-content\/uploads\/sites\/2\/2020\/10\/Un-pas-decisif-pour-la-preservation-de-la-biodiversite-header-300x163.jpg 300w, https:\/\/musee.oceano.org\/wp-content\/uploads\/sites\/2\/2020\/10\/Un-pas-decisif-pour-la-preservation-de-la-biodiversite-header-1024x555.jpg 1024w, https:\/\/musee.oceano.org\/wp-content\/uploads\/sites\/2\/2020\/10\/Un-pas-decisif-pour-la-preservation-de-la-biodiversite-header-768x417.jpg 768w, https:\/\/musee.oceano.org\/wp-content\/uploads\/sites\/2\/2020\/10\/Un-pas-decisif-pour-la-preservation-de-la-biodiversite-header-1536x833.jpg 1536w\" sizes=\"(max-width: 1949px) 100vw, 1949px\" \/><\/div><div class=\"ee-post__media__overlay ee-media__overlay\"><\/div><\/a><!-- .ee-post__media --><div class=\"ee-post__body ee-post__area\"><div class=\"ee-post__metas ee-post__metas--has-metas\"><ul class=\"ee-post__metas__list display--\"><li class=\"ee-post__meta ee-post__meta--date ee-post__metas__date\"> 07\/07\/2021<span class=\"ee-post__meta__separator\">\u00b7<\/span><\/li><\/ul><\/div><a href=\"https:\/\/musee.oceano.org\/it\/2021\/07\/07\/un-passo-decisivo-per-la-conservazione-della-biodiversita\/\" class=\"ee-post__title\">\n\t\t\t<div class=\"ee-post__title__heading\">Un passo decisivo per la conservazione della biodiversit\u00e0?<\/div>\n\t\t<\/a><\/div><!-- .ee-post__body --><\/article><!-- .ee-post --><\/div><!-- .ee-loop__item --><\/div><!-- .ee-loop -->\t\t\t\t<\/div>\n\t\t\t\t<\/div>\n\t\t\t\t\t<\/div>\n\t\t<\/div>\n\t\t\t\t\t<\/div>\n\t\t<\/section>\n\t\t\t\t<\/div>\n\t\t","protected":false},"excerpt":{"rendered":"<p>La chiusura dei luoghi di cultura e il loro importante ruolo nella nostra societ\u00e0 ed economia \u00e8 pi\u00f9 attuale che mai. Questa Tribuna spiega l&#8217;importanza del dialogo tra Scienza e Cultura per costruire il mondo di domani.<\/p>\n","protected":false},"author":12,"featured_media":28607,"comment_status":"closed","ping_status":"closed","sticky":false,"template":"","format":"standard","meta":{"_acf_changed":false,"footnotes":""},"categories":[329],"tags":[],"thematiques_actualites":[],"class_list":["post-28606","post","type-post","status-publish","format-standard","has-post-thumbnail","hentry","category-notizie-museo-oceanografico-di-monaco"],"acf":[],"yoast_head":"<!-- This site is optimized with the Yoast SEO plugin v27.2 - https:\/\/yoast.com\/product\/yoast-seo-wordpress\/ -->\n<title>Per un deconfinamento delle menti - Mus\u00e9e Oc\u00e9anographique de Monaco<\/title>\n<meta name=\"description\" content=\"La chiusura dei luoghi di cultura e il loro importante ruolo nella nostra societ\u00e0 ed economia \u00e8 pi\u00f9 attuale che mai. Questa Tribuna spiega l&#039;importanza del dialogo tra Scienza e Cultura per costruire il mondo di domani.\" \/>\n<meta name=\"robots\" content=\"index, follow, max-snippet:-1, max-image-preview:large, max-video-preview:-1\" \/>\n<link rel=\"canonical\" href=\"https:\/\/musee.oceano.org\/it\/2021\/06\/30\/per-un-deconfinamento-delle-menti\/\" \/>\n<meta property=\"og:locale\" content=\"it_IT\" \/>\n<meta property=\"og:type\" content=\"article\" \/>\n<meta property=\"og:title\" content=\"Per un deconfinamento delle menti - Mus\u00e9e Oc\u00e9anographique de Monaco\" \/>\n<meta property=\"og:description\" content=\"La chiusura dei luoghi di cultura e il loro importante ruolo nella nostra societ\u00e0 ed economia \u00e8 pi\u00f9 attuale che mai. Questa Tribuna spiega l&#039;importanza del dialogo tra Scienza e Cultura per costruire il mondo di domani.\" \/>\n<meta property=\"og:url\" content=\"https:\/\/musee.oceano.org\/it\/2021\/06\/30\/per-un-deconfinamento-delle-menti\/\" \/>\n<meta property=\"og:site_name\" content=\"Mus\u00e9e Oc\u00e9anographique de Monaco\" \/>\n<meta property=\"article:published_time\" content=\"2021-06-30T15:40:44+00:00\" \/>\n<meta property=\"article:modified_time\" content=\"2021-06-30T15:40:50+00:00\" \/>\n<meta property=\"og:image\" content=\"https:\/\/musee.oceano.org\/wp-content\/uploads\/sites\/2\/2020\/12\/visuel-tribune-FINAL_7.jpg\" \/>\n\t<meta property=\"og:image:width\" content=\"1200\" \/>\n\t<meta property=\"og:image:height\" content=\"1200\" \/>\n\t<meta property=\"og:image:type\" content=\"image\/jpeg\" \/>\n<meta name=\"twitter:card\" content=\"summary_large_image\" \/>\n<meta name=\"twitter:label1\" content=\"Scritto da\" \/>\n\t<meta name=\"twitter:data1\" content=\"\" \/>\n\t<meta name=\"twitter:label2\" content=\"Tempo di lettura stimato\" \/>\n\t<meta name=\"twitter:data2\" content=\"1 minuto\" \/>\n<script type=\"application\/ld+json\" class=\"yoast-schema-graph\">{\"@context\":\"https:\/\/schema.org\",\"@graph\":[{\"@type\":\"Article\",\"@id\":\"https:\/\/musee.oceano.org\/it\/2021\/06\/30\/per-un-deconfinamento-delle-menti\/#article\",\"isPartOf\":{\"@id\":\"https:\/\/musee.oceano.org\/it\/2021\/06\/30\/per-un-deconfinamento-delle-menti\/\"},\"author\":{\"name\":\"\",\"@id\":\"\"},\"headline\":\"Per un deconfinamento delle menti\",\"datePublished\":\"2021-06-30T15:40:44+00:00\",\"dateModified\":\"2021-06-30T15:40:50+00:00\",\"mainEntityOfPage\":{\"@id\":\"https:\/\/musee.oceano.org\/it\/2021\/06\/30\/per-un-deconfinamento-delle-menti\/\"},\"wordCount\":274,\"image\":{\"@id\":\"https:\/\/musee.oceano.org\/it\/2021\/06\/30\/per-un-deconfinamento-delle-menti\/#primaryimage\"},\"thumbnailUrl\":\"https:\/\/musee.oceano.org\/wp-content\/uploads\/sites\/2\/2020\/12\/visuel-tribune-FINAL_7.jpg\",\"articleSection\":[\"Notizie Museo Oceanografico di Monaco\"],\"inLanguage\":\"it-IT\"},{\"@type\":\"WebPage\",\"@id\":\"https:\/\/musee.oceano.org\/it\/2021\/06\/30\/per-un-deconfinamento-delle-menti\/\",\"url\":\"https:\/\/musee.oceano.org\/it\/2021\/06\/30\/per-un-deconfinamento-delle-menti\/\",\"name\":\"Per un deconfinamento delle menti - Mus\u00e9e Oc\u00e9anographique de Monaco\",\"isPartOf\":{\"@id\":\"https:\/\/musee.oceano.org\/#website\"},\"primaryImageOfPage\":{\"@id\":\"https:\/\/musee.oceano.org\/it\/2021\/06\/30\/per-un-deconfinamento-delle-menti\/#primaryimage\"},\"image\":{\"@id\":\"https:\/\/musee.oceano.org\/it\/2021\/06\/30\/per-un-deconfinamento-delle-menti\/#primaryimage\"},\"thumbnailUrl\":\"https:\/\/musee.oceano.org\/wp-content\/uploads\/sites\/2\/2020\/12\/visuel-tribune-FINAL_7.jpg\",\"datePublished\":\"2021-06-30T15:40:44+00:00\",\"dateModified\":\"2021-06-30T15:40:50+00:00\",\"author\":{\"@id\":\"\"},\"description\":\"La chiusura dei luoghi di cultura e il loro importante ruolo nella nostra societ\u00e0 ed economia \u00e8 pi\u00f9 attuale che mai. Questa Tribuna spiega l'importanza del dialogo tra Scienza e Cultura per costruire il mondo di domani.\",\"breadcrumb\":{\"@id\":\"https:\/\/musee.oceano.org\/it\/2021\/06\/30\/per-un-deconfinamento-delle-menti\/#breadcrumb\"},\"inLanguage\":\"it-IT\",\"potentialAction\":[{\"@type\":\"ReadAction\",\"target\":[\"https:\/\/musee.oceano.org\/it\/2021\/06\/30\/per-un-deconfinamento-delle-menti\/\"]}]},{\"@type\":\"ImageObject\",\"inLanguage\":\"it-IT\",\"@id\":\"https:\/\/musee.oceano.org\/it\/2021\/06\/30\/per-un-deconfinamento-delle-menti\/#primaryimage\",\"url\":\"https:\/\/musee.oceano.org\/wp-content\/uploads\/sites\/2\/2020\/12\/visuel-tribune-FINAL_7.jpg\",\"contentUrl\":\"https:\/\/musee.oceano.org\/wp-content\/uploads\/sites\/2\/2020\/12\/visuel-tribune-FINAL_7.jpg\",\"width\":1200,\"height\":1200},{\"@type\":\"BreadcrumbList\",\"@id\":\"https:\/\/musee.oceano.org\/it\/2021\/06\/30\/per-un-deconfinamento-delle-menti\/#breadcrumb\",\"itemListElement\":[{\"@type\":\"ListItem\",\"position\":1,\"name\":\"Home\",\"item\":\"https:\/\/musee.oceano.org\/it\/\"},{\"@type\":\"ListItem\",\"position\":2,\"name\":\"Per un deconfinamento delle menti\"}]},{\"@type\":\"WebSite\",\"@id\":\"https:\/\/musee.oceano.org\/#website\",\"url\":\"https:\/\/musee.oceano.org\/\",\"name\":\"Mus\u00e9e Oc\u00e9anographique de Monaco\",\"description\":\"Faire conna\u00eetre, aimer et prot\u00e9ger les oc\u00e9ans\",\"potentialAction\":[{\"@type\":\"SearchAction\",\"target\":{\"@type\":\"EntryPoint\",\"urlTemplate\":\"https:\/\/musee.oceano.org\/?s={search_term_string}\"},\"query-input\":{\"@type\":\"PropertyValueSpecification\",\"valueRequired\":true,\"valueName\":\"search_term_string\"}}],\"inLanguage\":\"it-IT\"},{\"@type\":\"Person\",\"@id\":\"\"}]}<\/script>\n<!-- \/ Yoast SEO plugin. -->","yoast_head_json":{"title":"Per un deconfinamento delle menti - Mus\u00e9e Oc\u00e9anographique de Monaco","description":"La chiusura dei luoghi di cultura e il loro importante ruolo nella nostra societ\u00e0 ed economia \u00e8 pi\u00f9 attuale che mai. Questa Tribuna spiega l'importanza del dialogo tra Scienza e Cultura per costruire il mondo di domani.","robots":{"index":"index","follow":"follow","max-snippet":"max-snippet:-1","max-image-preview":"max-image-preview:large","max-video-preview":"max-video-preview:-1"},"canonical":"https:\/\/musee.oceano.org\/it\/2021\/06\/30\/per-un-deconfinamento-delle-menti\/","og_locale":"it_IT","og_type":"article","og_title":"Per un deconfinamento delle menti - Mus\u00e9e Oc\u00e9anographique de Monaco","og_description":"La chiusura dei luoghi di cultura e il loro importante ruolo nella nostra societ\u00e0 ed economia \u00e8 pi\u00f9 attuale che mai. Questa Tribuna spiega l'importanza del dialogo tra Scienza e Cultura per costruire il mondo di domani.","og_url":"https:\/\/musee.oceano.org\/it\/2021\/06\/30\/per-un-deconfinamento-delle-menti\/","og_site_name":"Mus\u00e9e Oc\u00e9anographique de Monaco","article_published_time":"2021-06-30T15:40:44+00:00","article_modified_time":"2021-06-30T15:40:50+00:00","og_image":[{"width":1200,"height":1200,"url":"https:\/\/musee.oceano.org\/wp-content\/uploads\/sites\/2\/2020\/12\/visuel-tribune-FINAL_7.jpg","type":"image\/jpeg"}],"twitter_card":"summary_large_image","twitter_misc":{"Scritto da":"","Tempo di lettura stimato":"1 minuto"},"schema":{"@context":"https:\/\/schema.org","@graph":[{"@type":"Article","@id":"https:\/\/musee.oceano.org\/it\/2021\/06\/30\/per-un-deconfinamento-delle-menti\/#article","isPartOf":{"@id":"https:\/\/musee.oceano.org\/it\/2021\/06\/30\/per-un-deconfinamento-delle-menti\/"},"author":{"name":"","@id":""},"headline":"Per un deconfinamento delle menti","datePublished":"2021-06-30T15:40:44+00:00","dateModified":"2021-06-30T15:40:50+00:00","mainEntityOfPage":{"@id":"https:\/\/musee.oceano.org\/it\/2021\/06\/30\/per-un-deconfinamento-delle-menti\/"},"wordCount":274,"image":{"@id":"https:\/\/musee.oceano.org\/it\/2021\/06\/30\/per-un-deconfinamento-delle-menti\/#primaryimage"},"thumbnailUrl":"https:\/\/musee.oceano.org\/wp-content\/uploads\/sites\/2\/2020\/12\/visuel-tribune-FINAL_7.jpg","articleSection":["Notizie Museo Oceanografico di Monaco"],"inLanguage":"it-IT"},{"@type":"WebPage","@id":"https:\/\/musee.oceano.org\/it\/2021\/06\/30\/per-un-deconfinamento-delle-menti\/","url":"https:\/\/musee.oceano.org\/it\/2021\/06\/30\/per-un-deconfinamento-delle-menti\/","name":"Per un deconfinamento delle menti - Mus\u00e9e Oc\u00e9anographique de Monaco","isPartOf":{"@id":"https:\/\/musee.oceano.org\/#website"},"primaryImageOfPage":{"@id":"https:\/\/musee.oceano.org\/it\/2021\/06\/30\/per-un-deconfinamento-delle-menti\/#primaryimage"},"image":{"@id":"https:\/\/musee.oceano.org\/it\/2021\/06\/30\/per-un-deconfinamento-delle-menti\/#primaryimage"},"thumbnailUrl":"https:\/\/musee.oceano.org\/wp-content\/uploads\/sites\/2\/2020\/12\/visuel-tribune-FINAL_7.jpg","datePublished":"2021-06-30T15:40:44+00:00","dateModified":"2021-06-30T15:40:50+00:00","author":{"@id":""},"description":"La chiusura dei luoghi di cultura e il loro importante ruolo nella nostra societ\u00e0 ed economia \u00e8 pi\u00f9 attuale che mai. Questa Tribuna spiega l'importanza del dialogo tra Scienza e Cultura per costruire il mondo di domani.","breadcrumb":{"@id":"https:\/\/musee.oceano.org\/it\/2021\/06\/30\/per-un-deconfinamento-delle-menti\/#breadcrumb"},"inLanguage":"it-IT","potentialAction":[{"@type":"ReadAction","target":["https:\/\/musee.oceano.org\/it\/2021\/06\/30\/per-un-deconfinamento-delle-menti\/"]}]},{"@type":"ImageObject","inLanguage":"it-IT","@id":"https:\/\/musee.oceano.org\/it\/2021\/06\/30\/per-un-deconfinamento-delle-menti\/#primaryimage","url":"https:\/\/musee.oceano.org\/wp-content\/uploads\/sites\/2\/2020\/12\/visuel-tribune-FINAL_7.jpg","contentUrl":"https:\/\/musee.oceano.org\/wp-content\/uploads\/sites\/2\/2020\/12\/visuel-tribune-FINAL_7.jpg","width":1200,"height":1200},{"@type":"BreadcrumbList","@id":"https:\/\/musee.oceano.org\/it\/2021\/06\/30\/per-un-deconfinamento-delle-menti\/#breadcrumb","itemListElement":[{"@type":"ListItem","position":1,"name":"Home","item":"https:\/\/musee.oceano.org\/it\/"},{"@type":"ListItem","position":2,"name":"Per un deconfinamento delle menti"}]},{"@type":"WebSite","@id":"https:\/\/musee.oceano.org\/#website","url":"https:\/\/musee.oceano.org\/","name":"Mus\u00e9e Oc\u00e9anographique de Monaco","description":"Faire conna\u00eetre, aimer et prot\u00e9ger les oc\u00e9ans","potentialAction":[{"@type":"SearchAction","target":{"@type":"EntryPoint","urlTemplate":"https:\/\/musee.oceano.org\/?s={search_term_string}"},"query-input":{"@type":"PropertyValueSpecification","valueRequired":true,"valueName":"search_term_string"}}],"inLanguage":"it-IT"},{"@type":"Person","@id":""}]}},"_links":{"self":[{"href":"https:\/\/musee.oceano.org\/it\/wp-json\/wp\/v2\/posts\/28606","targetHints":{"allow":["GET"]}}],"collection":[{"href":"https:\/\/musee.oceano.org\/it\/wp-json\/wp\/v2\/posts"}],"about":[{"href":"https:\/\/musee.oceano.org\/it\/wp-json\/wp\/v2\/types\/post"}],"author":[{"embeddable":true,"href":"https:\/\/musee.oceano.org\/it\/wp-json\/wp\/v2\/users\/12"}],"replies":[{"embeddable":true,"href":"https:\/\/musee.oceano.org\/it\/wp-json\/wp\/v2\/comments?post=28606"}],"version-history":[{"count":6,"href":"https:\/\/musee.oceano.org\/it\/wp-json\/wp\/v2\/posts\/28606\/revisions"}],"predecessor-version":[{"id":28617,"href":"https:\/\/musee.oceano.org\/it\/wp-json\/wp\/v2\/posts\/28606\/revisions\/28617"}],"wp:featuredmedia":[{"embeddable":true,"href":"https:\/\/musee.oceano.org\/it\/wp-json\/wp\/v2\/media\/28607"}],"wp:attachment":[{"href":"https:\/\/musee.oceano.org\/it\/wp-json\/wp\/v2\/media?parent=28606"}],"wp:term":[{"taxonomy":"category","embeddable":true,"href":"https:\/\/musee.oceano.org\/it\/wp-json\/wp\/v2\/categories?post=28606"},{"taxonomy":"post_tag","embeddable":true,"href":"https:\/\/musee.oceano.org\/it\/wp-json\/wp\/v2\/tags?post=28606"},{"taxonomy":"thematiques_actualites","embeddable":true,"href":"https:\/\/musee.oceano.org\/it\/wp-json\/wp\/v2\/thematiques_actualites?post=28606"}],"curies":[{"name":"wp","href":"https:\/\/api.w.org\/{rel}","templated":true}]}}