{"id":28251,"date":"2021-06-29T17:35:58","date_gmt":"2021-06-29T15:35:58","guid":{"rendered":"https:\/\/musee.oceano.org\/2021\/06\/29\/2049-gezondheid-van-de-oceaan-gezondheid-van-de-mens\/"},"modified":"2021-06-29T17:35:59","modified_gmt":"2021-06-29T15:35:59","slug":"2049-gezondheid-van-de-oceaan-gezondheid-van-de-mens","status":"publish","type":"post","link":"https:\/\/musee.oceano.org\/nl\/2021\/06\/29\/2049-gezondheid-van-de-oceaan-gezondheid-van-de-mens\/","title":{"rendered":"2049 &#8211; Gezondheid van de Oceaan &#8211; Gezondheid van de Mens"},"content":{"rendered":"\t\t<div data-elementor-type=\"wp-post\" data-elementor-id=\"28251\" class=\"elementor elementor-28251 elementor-18525\" data-elementor-post-type=\"post\">\n\t\t\t\t\t\t<section class=\"elementor-section elementor-top-section elementor-element elementor-element-737e3c03 elementor-section-full_width elementor-section-height-default elementor-section-height-default\" data-id=\"737e3c03\" data-element_type=\"section\" data-e-type=\"section\">\n\t\t\t\t\t\t<div class=\"elementor-container elementor-column-gap-no\">\n\t\t\t\t\t<div class=\"elementor-column elementor-col-100 elementor-top-column elementor-element elementor-element-2fdd8523\" data-id=\"2fdd8523\" data-element_type=\"column\" data-e-type=\"column\">\n\t\t\t<div class=\"elementor-widget-wrap elementor-element-populated\">\n\t\t\t\t\t\t<div class=\"elementor-element elementor-element-eb8aba8 elementor--h-position-center elementor--v-position-middle elementor-widget elementor-widget-slides\" data-id=\"eb8aba8\" data-element_type=\"widget\" data-e-type=\"widget\" data-settings=\"{&quot;navigation&quot;:&quot;none&quot;,&quot;transition&quot;:&quot;slide&quot;,&quot;transition_speed&quot;:500}\" data-widget_type=\"slides.default\">\n\t\t\t\t<div class=\"elementor-widget-container\">\n\t\t\t\t\t\t\t\t\t<div class=\"elementor-swiper\">\n\t\t\t\t\t<div class=\"elementor-slides-wrapper elementor-main-swiper swiper\" role=\"region\" aria-roledescription=\"carousel\" aria-label=\"Slides\" dir=\"ltr\" data-animation=\"fadeInUp\">\n\t\t\t\t<div class=\"swiper-wrapper elementor-slides\">\n\t\t\t\t\t\t\t\t\t\t<div class=\"elementor-repeater-item-891be05 swiper-slide\" role=\"group\" aria-roledescription=\"slide\"><div class=\"swiper-slide-bg elementor-ken-burns elementor-ken-burns--in\" role=\"img\" aria-label=\"1 Travail-Mission-Arctique-2006-IMG_3762\"><\/div><div class=\"elementor-background-overlay\"><\/div><a class=\"swiper-slide-inner\" href=\"https:\/\/musee.oceano.org\/2020\/09\/02\/2049-sante-ocean-sante-homme\/#direct\"><div class=\"swiper-slide-contents\"><h1 class=\"elementor-slide-heading\">2049 - Gezondheid van de Oceaan - Gezondheid van de Mens<\/h1><div class=\"elementor-slide-description\"><p>Woensdag 23 september, 19.00 - 20.30 uur.<br \/>\n<\/br>Oceanografisch Museum van Monaco<\/p>\n<\/div><div  class=\"elementor-button elementor-slide-button elementor-size-sm\">bekijk de live stream<\/div><\/div><\/a><\/div>\t\t\t\t<\/div>\n\t\t\t\t\t\t\t<\/div>\n\t\t\t\t<\/div>\n\t\t\t\t\t\t\t\t<\/div>\n\t\t\t\t<\/div>\n\t\t\t\t\t<\/div>\n\t\t<\/div>\n\t\t\t\t\t<\/div>\n\t\t<\/section>\n\t\t\t\t<section class=\"elementor-section elementor-top-section elementor-element elementor-element-7520554e elementor-section-full_width elementor-section-height-default elementor-section-height-default\" data-id=\"7520554e\" data-element_type=\"section\" data-e-type=\"section\">\n\t\t\t\t\t\t<div class=\"elementor-container elementor-column-gap-default\">\n\t\t\t\t\t<div class=\"elementor-column elementor-col-100 elementor-top-column elementor-element elementor-element-253558b6\" data-id=\"253558b6\" data-element_type=\"column\" data-e-type=\"column\">\n\t\t\t<div class=\"elementor-widget-wrap elementor-element-populated\">\n\t\t\t\t\t\t<div class=\"elementor-element elementor-element-7ab485a elementor-widget elementor-widget-ee-breadcrumbs\" data-id=\"7ab485a\" data-element_type=\"widget\" data-e-type=\"widget\" data-widget_type=\"ee-breadcrumbs.default\">\n\t\t\t\t<div class=\"elementor-widget-container\">\n\t\t\t\t\t<ul class=\"ee-breadcrumbs\" itemscope=\"\" itemtype=\"http:\/\/schema.org\/BreadcrumbList\"><\/ul>\t\t\t\t<\/div>\n\t\t\t\t<\/div>\n\t\t\t\t\t<\/div>\n\t\t<\/div>\n\t\t\t\t\t<\/div>\n\t\t<\/section>\n\t\t\t\t<section class=\"elementor-section elementor-top-section elementor-element elementor-element-48dae91 elementor-section-boxed elementor-section-height-default elementor-section-height-default\" data-id=\"48dae91\" data-element_type=\"section\" data-e-type=\"section\">\n\t\t\t\t\t\t<div class=\"elementor-container elementor-column-gap-default\">\n\t\t\t\t\t<div class=\"elementor-column elementor-col-100 elementor-top-column elementor-element elementor-element-3aa0260\" data-id=\"3aa0260\" data-element_type=\"column\" data-e-type=\"column\">\n\t\t\t<div class=\"elementor-widget-wrap elementor-element-populated\">\n\t\t\t\t\t\t<div class=\"elementor-element elementor-element-34d854f elementor-widget elementor-widget-image\" data-id=\"34d854f\" data-element_type=\"widget\" data-e-type=\"widget\" data-widget_type=\"image.default\">\n\t\t\t\t<div class=\"elementor-widget-container\">\n\t\t\t\t\t\t\t\t\t\t\t\t\t\t\t<img fetchpriority=\"high\" decoding=\"async\" width=\"1024\" height=\"268\" src=\"https:\/\/musee.oceano.org\/wp-content\/uploads\/sites\/2\/2020\/09\/LOGO-IO-OBS-1024x268.jpg\" class=\"attachment-large size-large wp-image-18530\" alt=\"\" srcset=\"https:\/\/musee.oceano.org\/wp-content\/uploads\/sites\/2\/2020\/09\/LOGO-IO-OBS-1024x268.jpg 1024w, https:\/\/musee.oceano.org\/wp-content\/uploads\/sites\/2\/2020\/09\/LOGO-IO-OBS-300x78.jpg 300w, https:\/\/musee.oceano.org\/wp-content\/uploads\/sites\/2\/2020\/09\/LOGO-IO-OBS-768x201.jpg 768w, https:\/\/musee.oceano.org\/wp-content\/uploads\/sites\/2\/2020\/09\/LOGO-IO-OBS.jpg 1136w\" sizes=\"(max-width: 1024px) 100vw, 1024px\" \/>\t\t\t\t\t\t\t\t\t\t\t\t\t\t\t<\/div>\n\t\t\t\t<\/div>\n\t\t\t\t\t<\/div>\n\t\t<\/div>\n\t\t\t\t\t<\/div>\n\t\t<\/section>\n\t\t\t\t<section class=\"elementor-section elementor-top-section elementor-element elementor-element-387f1a98 elementor-section-boxed elementor-section-height-default elementor-section-height-default\" data-id=\"387f1a98\" data-element_type=\"section\" data-e-type=\"section\">\n\t\t\t\t\t\t<div class=\"elementor-container elementor-column-gap-default\">\n\t\t\t\t\t<div class=\"elementor-column elementor-col-100 elementor-top-column elementor-element elementor-element-503a76aa\" data-id=\"503a76aa\" data-element_type=\"column\" data-e-type=\"column\">\n\t\t\t<div class=\"elementor-widget-wrap elementor-element-populated\">\n\t\t\t\t\t\t<div class=\"elementor-element elementor-element-2f6505cc elementor-widget elementor-widget-text-editor\" data-id=\"2f6505cc\" data-element_type=\"widget\" data-e-type=\"widget\" data-widget_type=\"text-editor.default\">\n\t\t\t\t<div class=\"elementor-widget-container\">\n\t\t\t\t\t\t\t\t\t<p>De Covid 19 pandemie nodigt ons uit om onze relatie met het milieu te heroverwegen<br \/>en de oceaan.<\/p>\n<p>Op 23 september nodigen &#8220;L&#8217;Obs&#8221; en het Oceanografisch Instituut u uit voor een uitzonderlijke ontmoeting met experts, grote getuigen, vernieuwers&#8230;<\/p>\n<\/p>\n<p>&#8211; Conferentie in het Frans &#8211;<\/p>\n<\/p>\n<p><em>Deze bijeenkomst maakt deel uit van de &#8220;2049&#8221; cyclus van &#8220;L&#8217;Obs&#8221;.<\/em><\/p>\n\t\t\t\t\t\t\t\t<\/div>\n\t\t\t\t<\/div>\n\t\t\t\t<div class=\"elementor-element elementor-element-44f6476 elementor-widget elementor-widget-menu-anchor\" data-id=\"44f6476\" data-element_type=\"widget\" data-e-type=\"widget\" data-widget_type=\"menu-anchor.default\">\n\t\t\t\t<div class=\"elementor-widget-container\">\n\t\t\t\t\t\t\t<div class=\"elementor-menu-anchor\" id=\"direct\"><\/div>\n\t\t\t\t\t\t<\/div>\n\t\t\t\t<\/div>\n\t\t\t\t\t<\/div>\n\t\t<\/div>\n\t\t\t\t\t<\/div>\n\t\t<\/section>\n\t\t\t\t<section class=\"elementor-section elementor-top-section elementor-element elementor-element-8358811 elementor-section-boxed elementor-section-height-default elementor-section-height-default\" data-id=\"8358811\" data-element_type=\"section\" data-e-type=\"section\">\n\t\t\t\t\t\t<div class=\"elementor-container elementor-column-gap-default\">\n\t\t\t\t\t<div class=\"elementor-column elementor-col-100 elementor-top-column elementor-element elementor-element-5b34f58\" data-id=\"5b34f58\" data-element_type=\"column\" data-e-type=\"column\">\n\t\t\t<div class=\"elementor-widget-wrap elementor-element-populated\">\n\t\t\t\t\t\t<div class=\"elementor-element elementor-element-dd2d312 elementor-widget elementor-widget-heading\" data-id=\"dd2d312\" data-element_type=\"widget\" data-e-type=\"widget\" data-widget_type=\"heading.default\">\n\t\t\t\t<div class=\"elementor-widget-container\">\n\t\t\t\t\t<h2 class=\"elementor-heading-title elementor-size-default\">kijk naar de live stream :<\/h2>\t\t\t\t<\/div>\n\t\t\t\t<\/div>\n\t\t\t\t<div class=\"elementor-element elementor-element-15e5e79 elementor-widget elementor-widget-video\" data-id=\"15e5e79\" data-element_type=\"widget\" data-e-type=\"widget\" data-settings=\"{&quot;youtube_url&quot;:&quot;https:\\\/\\\/youtu.be\\\/0cxFh0bQtfo&quot;,&quot;video_type&quot;:&quot;youtube&quot;,&quot;controls&quot;:&quot;yes&quot;}\" data-widget_type=\"video.default\">\n\t\t\t\t<div class=\"elementor-widget-container\">\n\t\t\t\t\t\t\t<div class=\"elementor-wrapper elementor-open-inline\">\n\t\t\t<div class=\"elementor-video\"><\/div>\t\t<\/div>\n\t\t\t\t\t\t<\/div>\n\t\t\t\t<\/div>\n\t\t\t\t\t<\/div>\n\t\t<\/div>\n\t\t\t\t\t<\/div>\n\t\t<\/section>\n\t\t\t\t<section class=\"elementor-section elementor-top-section elementor-element elementor-element-7a25fa4 elementor-section-boxed elementor-section-height-default elementor-section-height-default\" data-id=\"7a25fa4\" data-element_type=\"section\" data-e-type=\"section\">\n\t\t\t\t\t\t<div class=\"elementor-container elementor-column-gap-default\">\n\t\t\t\t\t<div class=\"elementor-column elementor-col-100 elementor-top-column elementor-element elementor-element-b72c457\" data-id=\"b72c457\" data-element_type=\"column\" data-e-type=\"column\">\n\t\t\t<div class=\"elementor-widget-wrap elementor-element-populated\">\n\t\t\t\t\t\t<div class=\"elementor-element elementor-element-0e4b990 elementor-widget elementor-widget-spacer\" data-id=\"0e4b990\" data-element_type=\"widget\" data-e-type=\"widget\" data-widget_type=\"spacer.default\">\n\t\t\t\t<div class=\"elementor-widget-container\">\n\t\t\t\t\t\t\t<div class=\"elementor-spacer\">\n\t\t\t<div class=\"elementor-spacer-inner\"><\/div>\n\t\t<\/div>\n\t\t\t\t\t\t<\/div>\n\t\t\t\t<\/div>\n\t\t\t\t\t<\/div>\n\t\t<\/div>\n\t\t\t\t\t<\/div>\n\t\t<\/section>\n\t\t\t\t<section class=\"elementor-section elementor-top-section elementor-element elementor-element-1ccab1f elementor-section-boxed elementor-section-height-default elementor-section-height-default\" data-id=\"1ccab1f\" data-element_type=\"section\" data-e-type=\"section\">\n\t\t\t\t\t\t<div class=\"elementor-container elementor-column-gap-default\">\n\t\t\t\t\t<div class=\"elementor-column elementor-col-100 elementor-top-column elementor-element elementor-element-cce5bcb\" data-id=\"cce5bcb\" data-element_type=\"column\" data-e-type=\"column\">\n\t\t\t<div class=\"elementor-widget-wrap elementor-element-populated\">\n\t\t\t\t\t\t<div class=\"elementor-element elementor-element-cfa0383 elementor-widget elementor-widget-text-editor\" data-id=\"cfa0383\" data-element_type=\"widget\" data-e-type=\"widget\" data-widget_type=\"text-editor.default\">\n\t\t\t\t<div class=\"elementor-widget-container\">\n\t\t\t\t\t\t\t\t\t<h2>CONFERENTIEPROGRAMMA :<\/h2>\n\t\t\t\t\t\t\t\t<\/div>\n\t\t\t\t<\/div>\n\t\t\t\t<div class=\"elementor-element elementor-element-50c3932 elementor-widget-divider--view-line elementor-widget elementor-widget-divider\" data-id=\"50c3932\" data-element_type=\"widget\" data-e-type=\"widget\" data-widget_type=\"divider.default\">\n\t\t\t\t<div class=\"elementor-widget-container\">\n\t\t\t\t\t\t\t<div class=\"elementor-divider\">\n\t\t\t<span class=\"elementor-divider-separator\">\n\t\t\t\t\t\t<\/span>\n\t\t<\/div>\n\t\t\t\t\t\t<\/div>\n\t\t\t\t<\/div>\n\t\t\t\t\t<\/div>\n\t\t<\/div>\n\t\t\t\t\t<\/div>\n\t\t<\/section>\n\t\t\t\t<section class=\"elementor-section elementor-top-section elementor-element elementor-element-0dda78b elementor-section-boxed elementor-section-height-default elementor-section-height-default\" data-id=\"0dda78b\" data-element_type=\"section\" data-e-type=\"section\">\n\t\t\t\t\t\t<div class=\"elementor-container elementor-column-gap-default\">\n\t\t\t\t\t<div class=\"elementor-column elementor-col-100 elementor-top-column elementor-element elementor-element-b2ef5e2\" data-id=\"b2ef5e2\" data-element_type=\"column\" data-e-type=\"column\">\n\t\t\t<div class=\"elementor-widget-wrap elementor-element-populated\">\n\t\t\t\t\t\t<div class=\"elementor-element elementor-element-9a23ac4 elementor-widget elementor-widget-text-editor\" data-id=\"9a23ac4\" data-element_type=\"widget\" data-e-type=\"widget\" data-widget_type=\"text-editor.default\">\n\t\t\t\t<div class=\"elementor-widget-container\">\n\t\t\t\t\t\t\t\t\t<h2>Opening door Robert Calcagno<\/h2>\n<h2>Gezondheid van de Oceaan, gezondheid van de Mens<\/h2>\n<p>De gezondheid van de Oceaan is nauw verbonden met die van de mens.<\/p>\n<p>Zal de mariene wereld ons de genezing van morgen brengen?<\/p>\n<p>Ontmoetingen met <strong>P. Rampal (CSM) en F. Houllier (Ifremer<\/strong>)<\/p>\n<p>Met als moderator het Oceanografisch Instituut<\/p>\n<h2>De blik van Ghislain Bardout (Onder de paal)<\/h2>\n<p>De duiker en natuuronderzoeker deelt zijn ervaringen tijdens de expeditie &#8220;Onder de Pool III&#8221; en het toezicht op de gevolgen van de insluiting.<\/p>\n<h2>Rondetafelconferentie: Behoud van een gezonde en levende oceaan<\/h2>\n<p>Beschermde zeegebieden, visserij, kustontwikkeling, stadsplanning, toerisme&#8230; een overzicht van duurzame oplossingen voor de Middellandse Zee in 2049.<\/p>\n<p>Twee sprekers:<br \/><strong>Joachim Claudet (CRIOBE)<\/strong><br \/><strong>Lucile Courtial (BeMed)<\/strong><br \/>Moderatie: L&#8217;Obs.<\/p>\n<h2>De startup pitch<\/h2>\n<p>Drie innoverende ondernemers presenteren hun innovaties voor de toekomst van de Middellandse Zee.<br \/><strong>Mathieu Coulange (Assistance publique H\u00f4pitaux de Marseille), Gilles Lecaillon (Ecocean),<\/strong><br \/><strong>Franck Zal (Hemarina)<\/strong><\/p>\n\t\t\t\t\t\t\t\t<\/div>\n\t\t\t\t<\/div>\n\t\t\t\t\t<\/div>\n\t\t<\/div>\n\t\t\t\t\t<\/div>\n\t\t<\/section>\n\t\t\t\t<\/div>\n\t\t","protected":false},"excerpt":{"rendered":"<p>Om een antwoord te vinden op de cruciale vragen in verband met onze gezondheid en die van de Oceaan, komen L&#8217;Obs en het Oceanografisch Instituut samen om de beste specialisten te ondervragen op een unieke conferentie die zal worden gehouden in het Oceanografisch Museum in Monaco.<\/p>\n","protected":false},"author":1,"featured_media":28252,"comment_status":"closed","ping_status":"open","sticky":false,"template":"","format":"standard","meta":{"_acf_changed":false,"footnotes":""},"categories":[327],"tags":[],"thematiques_actualites":[353,383,400,382,352,401,402],"class_list":["post-28251","post","type-post","status-publish","format-standard","has-post-thumbnail","hentry","category-nieuws-oceanografisch-museum-van-monaco","thematiques_actualites-de-mens-en-de-oceaan","thematiques_actualites-economie-nl","thematiques_actualites-klimaat","thematiques_actualites-mariene-activiteiten","thematiques_actualites-mariene-biodiversiteit","thematiques_actualites-mariene-wetenschappen","thematiques_actualites-nieuws-instituut"],"acf":[],"yoast_head":"<!-- This site is optimized with the Yoast SEO plugin v27.2 - https:\/\/yoast.com\/product\/yoast-seo-wordpress\/ -->\n<title>Conferentie: Oceaangezondheid en menselijke gezondheid<\/title>\n<meta name=\"description\" content=\"Onze gezondheid en die van de oceaan staan op het spel... L&#039;Obs en het Instituut interviewen specialisten live vanuit het Oceanografisch Museum in Monaco.\" \/>\n<meta name=\"robots\" content=\"index, follow, max-snippet:-1, max-image-preview:large, max-video-preview:-1\" \/>\n<link rel=\"canonical\" href=\"https:\/\/musee.oceano.org\/nl\/2021\/06\/29\/2049-gezondheid-van-de-oceaan-gezondheid-van-de-mens\/\" \/>\n<meta property=\"og:locale\" content=\"nl_NL\" \/>\n<meta property=\"og:type\" content=\"article\" \/>\n<meta property=\"og:title\" content=\"Conferentie: Oceaangezondheid en menselijke gezondheid\" \/>\n<meta property=\"og:description\" content=\"Onze gezondheid en die van de oceaan staan op het spel... L&#039;Obs en het Instituut interviewen specialisten live vanuit het Oceanografisch Museum in Monaco.\" \/>\n<meta property=\"og:url\" content=\"https:\/\/musee.oceano.org\/nl\/2021\/06\/29\/2049-gezondheid-van-de-oceaan-gezondheid-van-de-mens\/\" \/>\n<meta property=\"og:site_name\" content=\"Mus\u00e9e Oc\u00e9anographique de Monaco\" \/>\n<meta property=\"article:published_time\" content=\"2021-06-29T15:35:58+00:00\" \/>\n<meta property=\"article:modified_time\" content=\"2021-06-29T15:35:59+00:00\" \/>\n<meta property=\"og:image\" content=\"https:\/\/musee.oceano.org\/wp-content\/uploads\/sites\/2\/2020\/09\/02_Bulles-sous-marine_M_Dagnino-scaled.jpg\" \/>\n\t<meta property=\"og:image:width\" content=\"1703\" \/>\n\t<meta property=\"og:image:height\" content=\"2560\" \/>\n\t<meta property=\"og:image:type\" content=\"image\/jpeg\" \/>\n<meta name=\"author\" content=\"admin_pix\" \/>\n<meta name=\"twitter:card\" content=\"summary_large_image\" \/>\n<meta name=\"twitter:label1\" content=\"Geschreven door\" \/>\n\t<meta name=\"twitter:data1\" content=\"admin_pix\" \/>\n\t<meta name=\"twitter:label2\" content=\"Geschatte leestijd\" \/>\n\t<meta name=\"twitter:data2\" content=\"1 minuut\" \/>\n<script type=\"application\/ld+json\" class=\"yoast-schema-graph\">{\"@context\":\"https:\/\/schema.org\",\"@graph\":[{\"@type\":\"Article\",\"@id\":\"https:\/\/musee.oceano.org\/nl\/2021\/06\/29\/2049-gezondheid-van-de-oceaan-gezondheid-van-de-mens\/#article\",\"isPartOf\":{\"@id\":\"https:\/\/musee.oceano.org\/nl\/2021\/06\/29\/2049-gezondheid-van-de-oceaan-gezondheid-van-de-mens\/\"},\"author\":{\"name\":\"admin_pix\",\"@id\":\"https:\/\/musee.oceano.org\/#\/schema\/person\/ee2a1a10704054e414ab15332d7f6c94\"},\"headline\":\"2049 &#8211; Gezondheid van de Oceaan &#8211; Gezondheid van de Mens\",\"datePublished\":\"2021-06-29T15:35:58+00:00\",\"dateModified\":\"2021-06-29T15:35:59+00:00\",\"mainEntityOfPage\":{\"@id\":\"https:\/\/musee.oceano.org\/nl\/2021\/06\/29\/2049-gezondheid-van-de-oceaan-gezondheid-van-de-mens\/\"},\"wordCount\":242,\"image\":{\"@id\":\"https:\/\/musee.oceano.org\/nl\/2021\/06\/29\/2049-gezondheid-van-de-oceaan-gezondheid-van-de-mens\/#primaryimage\"},\"thumbnailUrl\":\"https:\/\/musee.oceano.org\/wp-content\/uploads\/sites\/2\/2020\/09\/02_Bulles-sous-marine_M_Dagnino-scaled.jpg\",\"articleSection\":[\"Nieuws Oceanografisch Museum van Monaco\"],\"inLanguage\":\"nl-NL\"},{\"@type\":\"WebPage\",\"@id\":\"https:\/\/musee.oceano.org\/nl\/2021\/06\/29\/2049-gezondheid-van-de-oceaan-gezondheid-van-de-mens\/\",\"url\":\"https:\/\/musee.oceano.org\/nl\/2021\/06\/29\/2049-gezondheid-van-de-oceaan-gezondheid-van-de-mens\/\",\"name\":\"Conferentie: Oceaangezondheid en menselijke gezondheid\",\"isPartOf\":{\"@id\":\"https:\/\/musee.oceano.org\/#website\"},\"primaryImageOfPage\":{\"@id\":\"https:\/\/musee.oceano.org\/nl\/2021\/06\/29\/2049-gezondheid-van-de-oceaan-gezondheid-van-de-mens\/#primaryimage\"},\"image\":{\"@id\":\"https:\/\/musee.oceano.org\/nl\/2021\/06\/29\/2049-gezondheid-van-de-oceaan-gezondheid-van-de-mens\/#primaryimage\"},\"thumbnailUrl\":\"https:\/\/musee.oceano.org\/wp-content\/uploads\/sites\/2\/2020\/09\/02_Bulles-sous-marine_M_Dagnino-scaled.jpg\",\"datePublished\":\"2021-06-29T15:35:58+00:00\",\"dateModified\":\"2021-06-29T15:35:59+00:00\",\"author\":{\"@id\":\"https:\/\/musee.oceano.org\/#\/schema\/person\/ee2a1a10704054e414ab15332d7f6c94\"},\"description\":\"Onze gezondheid en die van de oceaan staan op het spel... L'Obs en het Instituut interviewen specialisten live vanuit het Oceanografisch Museum in Monaco.\",\"breadcrumb\":{\"@id\":\"https:\/\/musee.oceano.org\/nl\/2021\/06\/29\/2049-gezondheid-van-de-oceaan-gezondheid-van-de-mens\/#breadcrumb\"},\"inLanguage\":\"nl-NL\",\"potentialAction\":[{\"@type\":\"ReadAction\",\"target\":[\"https:\/\/musee.oceano.org\/nl\/2021\/06\/29\/2049-gezondheid-van-de-oceaan-gezondheid-van-de-mens\/\"]}]},{\"@type\":\"ImageObject\",\"inLanguage\":\"nl-NL\",\"@id\":\"https:\/\/musee.oceano.org\/nl\/2021\/06\/29\/2049-gezondheid-van-de-oceaan-gezondheid-van-de-mens\/#primaryimage\",\"url\":\"https:\/\/musee.oceano.org\/wp-content\/uploads\/sites\/2\/2020\/09\/02_Bulles-sous-marine_M_Dagnino-scaled.jpg\",\"contentUrl\":\"https:\/\/musee.oceano.org\/wp-content\/uploads\/sites\/2\/2020\/09\/02_Bulles-sous-marine_M_Dagnino-scaled.jpg\",\"width\":1703,\"height\":2560},{\"@type\":\"BreadcrumbList\",\"@id\":\"https:\/\/musee.oceano.org\/nl\/2021\/06\/29\/2049-gezondheid-van-de-oceaan-gezondheid-van-de-mens\/#breadcrumb\",\"itemListElement\":[{\"@type\":\"ListItem\",\"position\":1,\"name\":\"Home\",\"item\":\"https:\/\/musee.oceano.org\/nl\/\"},{\"@type\":\"ListItem\",\"position\":2,\"name\":\"2049 &#8211; Gezondheid van de Oceaan &#8211; Gezondheid van de Mens\"}]},{\"@type\":\"WebSite\",\"@id\":\"https:\/\/musee.oceano.org\/#website\",\"url\":\"https:\/\/musee.oceano.org\/\",\"name\":\"Mus\u00e9e Oc\u00e9anographique de Monaco\",\"description\":\"Faire conna\u00eetre, aimer et prot\u00e9ger les oc\u00e9ans\",\"potentialAction\":[{\"@type\":\"SearchAction\",\"target\":{\"@type\":\"EntryPoint\",\"urlTemplate\":\"https:\/\/musee.oceano.org\/?s={search_term_string}\"},\"query-input\":{\"@type\":\"PropertyValueSpecification\",\"valueRequired\":true,\"valueName\":\"search_term_string\"}}],\"inLanguage\":\"nl-NL\"},{\"@type\":\"Person\",\"@id\":\"https:\/\/musee.oceano.org\/#\/schema\/person\/ee2a1a10704054e414ab15332d7f6c94\",\"name\":\"admin_pix\",\"image\":{\"@type\":\"ImageObject\",\"inLanguage\":\"nl-NL\",\"@id\":\"https:\/\/secure.gravatar.com\/avatar\/e70c6eeecb3ff78d785ea1f24bcb20f9b06018133789e8213f9dfd26f39e9e77?s=96&d=mm&r=g\",\"url\":\"https:\/\/secure.gravatar.com\/avatar\/e70c6eeecb3ff78d785ea1f24bcb20f9b06018133789e8213f9dfd26f39e9e77?s=96&d=mm&r=g\",\"contentUrl\":\"https:\/\/secure.gravatar.com\/avatar\/e70c6eeecb3ff78d785ea1f24bcb20f9b06018133789e8213f9dfd26f39e9e77?s=96&d=mm&r=g\",\"caption\":\"admin_pix\"}}]}<\/script>\n<!-- \/ Yoast SEO plugin. -->","yoast_head_json":{"title":"Conferentie: Oceaangezondheid en menselijke gezondheid","description":"Onze gezondheid en die van de oceaan staan op het spel... L'Obs en het Instituut interviewen specialisten live vanuit het Oceanografisch Museum in Monaco.","robots":{"index":"index","follow":"follow","max-snippet":"max-snippet:-1","max-image-preview":"max-image-preview:large","max-video-preview":"max-video-preview:-1"},"canonical":"https:\/\/musee.oceano.org\/nl\/2021\/06\/29\/2049-gezondheid-van-de-oceaan-gezondheid-van-de-mens\/","og_locale":"nl_NL","og_type":"article","og_title":"Conferentie: Oceaangezondheid en menselijke gezondheid","og_description":"Onze gezondheid en die van de oceaan staan op het spel... L'Obs en het Instituut interviewen specialisten live vanuit het Oceanografisch Museum in Monaco.","og_url":"https:\/\/musee.oceano.org\/nl\/2021\/06\/29\/2049-gezondheid-van-de-oceaan-gezondheid-van-de-mens\/","og_site_name":"Mus\u00e9e Oc\u00e9anographique de Monaco","article_published_time":"2021-06-29T15:35:58+00:00","article_modified_time":"2021-06-29T15:35:59+00:00","og_image":[{"width":1703,"height":2560,"url":"https:\/\/musee.oceano.org\/wp-content\/uploads\/sites\/2\/2020\/09\/02_Bulles-sous-marine_M_Dagnino-scaled.jpg","type":"image\/jpeg"}],"author":"admin_pix","twitter_card":"summary_large_image","twitter_misc":{"Geschreven door":"admin_pix","Geschatte leestijd":"1 minuut"},"schema":{"@context":"https:\/\/schema.org","@graph":[{"@type":"Article","@id":"https:\/\/musee.oceano.org\/nl\/2021\/06\/29\/2049-gezondheid-van-de-oceaan-gezondheid-van-de-mens\/#article","isPartOf":{"@id":"https:\/\/musee.oceano.org\/nl\/2021\/06\/29\/2049-gezondheid-van-de-oceaan-gezondheid-van-de-mens\/"},"author":{"name":"admin_pix","@id":"https:\/\/musee.oceano.org\/#\/schema\/person\/ee2a1a10704054e414ab15332d7f6c94"},"headline":"2049 &#8211; Gezondheid van de Oceaan &#8211; Gezondheid van de Mens","datePublished":"2021-06-29T15:35:58+00:00","dateModified":"2021-06-29T15:35:59+00:00","mainEntityOfPage":{"@id":"https:\/\/musee.oceano.org\/nl\/2021\/06\/29\/2049-gezondheid-van-de-oceaan-gezondheid-van-de-mens\/"},"wordCount":242,"image":{"@id":"https:\/\/musee.oceano.org\/nl\/2021\/06\/29\/2049-gezondheid-van-de-oceaan-gezondheid-van-de-mens\/#primaryimage"},"thumbnailUrl":"https:\/\/musee.oceano.org\/wp-content\/uploads\/sites\/2\/2020\/09\/02_Bulles-sous-marine_M_Dagnino-scaled.jpg","articleSection":["Nieuws Oceanografisch Museum van Monaco"],"inLanguage":"nl-NL"},{"@type":"WebPage","@id":"https:\/\/musee.oceano.org\/nl\/2021\/06\/29\/2049-gezondheid-van-de-oceaan-gezondheid-van-de-mens\/","url":"https:\/\/musee.oceano.org\/nl\/2021\/06\/29\/2049-gezondheid-van-de-oceaan-gezondheid-van-de-mens\/","name":"Conferentie: Oceaangezondheid en menselijke gezondheid","isPartOf":{"@id":"https:\/\/musee.oceano.org\/#website"},"primaryImageOfPage":{"@id":"https:\/\/musee.oceano.org\/nl\/2021\/06\/29\/2049-gezondheid-van-de-oceaan-gezondheid-van-de-mens\/#primaryimage"},"image":{"@id":"https:\/\/musee.oceano.org\/nl\/2021\/06\/29\/2049-gezondheid-van-de-oceaan-gezondheid-van-de-mens\/#primaryimage"},"thumbnailUrl":"https:\/\/musee.oceano.org\/wp-content\/uploads\/sites\/2\/2020\/09\/02_Bulles-sous-marine_M_Dagnino-scaled.jpg","datePublished":"2021-06-29T15:35:58+00:00","dateModified":"2021-06-29T15:35:59+00:00","author":{"@id":"https:\/\/musee.oceano.org\/#\/schema\/person\/ee2a1a10704054e414ab15332d7f6c94"},"description":"Onze gezondheid en die van de oceaan staan op het spel... L'Obs en het Instituut interviewen specialisten live vanuit het Oceanografisch Museum in Monaco.","breadcrumb":{"@id":"https:\/\/musee.oceano.org\/nl\/2021\/06\/29\/2049-gezondheid-van-de-oceaan-gezondheid-van-de-mens\/#breadcrumb"},"inLanguage":"nl-NL","potentialAction":[{"@type":"ReadAction","target":["https:\/\/musee.oceano.org\/nl\/2021\/06\/29\/2049-gezondheid-van-de-oceaan-gezondheid-van-de-mens\/"]}]},{"@type":"ImageObject","inLanguage":"nl-NL","@id":"https:\/\/musee.oceano.org\/nl\/2021\/06\/29\/2049-gezondheid-van-de-oceaan-gezondheid-van-de-mens\/#primaryimage","url":"https:\/\/musee.oceano.org\/wp-content\/uploads\/sites\/2\/2020\/09\/02_Bulles-sous-marine_M_Dagnino-scaled.jpg","contentUrl":"https:\/\/musee.oceano.org\/wp-content\/uploads\/sites\/2\/2020\/09\/02_Bulles-sous-marine_M_Dagnino-scaled.jpg","width":1703,"height":2560},{"@type":"BreadcrumbList","@id":"https:\/\/musee.oceano.org\/nl\/2021\/06\/29\/2049-gezondheid-van-de-oceaan-gezondheid-van-de-mens\/#breadcrumb","itemListElement":[{"@type":"ListItem","position":1,"name":"Home","item":"https:\/\/musee.oceano.org\/nl\/"},{"@type":"ListItem","position":2,"name":"2049 &#8211; Gezondheid van de Oceaan &#8211; Gezondheid van de Mens"}]},{"@type":"WebSite","@id":"https:\/\/musee.oceano.org\/#website","url":"https:\/\/musee.oceano.org\/","name":"Mus\u00e9e Oc\u00e9anographique de Monaco","description":"Faire conna\u00eetre, aimer et prot\u00e9ger les oc\u00e9ans","potentialAction":[{"@type":"SearchAction","target":{"@type":"EntryPoint","urlTemplate":"https:\/\/musee.oceano.org\/?s={search_term_string}"},"query-input":{"@type":"PropertyValueSpecification","valueRequired":true,"valueName":"search_term_string"}}],"inLanguage":"nl-NL"},{"@type":"Person","@id":"https:\/\/musee.oceano.org\/#\/schema\/person\/ee2a1a10704054e414ab15332d7f6c94","name":"admin_pix","image":{"@type":"ImageObject","inLanguage":"nl-NL","@id":"https:\/\/secure.gravatar.com\/avatar\/e70c6eeecb3ff78d785ea1f24bcb20f9b06018133789e8213f9dfd26f39e9e77?s=96&d=mm&r=g","url":"https:\/\/secure.gravatar.com\/avatar\/e70c6eeecb3ff78d785ea1f24bcb20f9b06018133789e8213f9dfd26f39e9e77?s=96&d=mm&r=g","contentUrl":"https:\/\/secure.gravatar.com\/avatar\/e70c6eeecb3ff78d785ea1f24bcb20f9b06018133789e8213f9dfd26f39e9e77?s=96&d=mm&r=g","caption":"admin_pix"}}]}},"_links":{"self":[{"href":"https:\/\/musee.oceano.org\/nl\/wp-json\/wp\/v2\/posts\/28251","targetHints":{"allow":["GET"]}}],"collection":[{"href":"https:\/\/musee.oceano.org\/nl\/wp-json\/wp\/v2\/posts"}],"about":[{"href":"https:\/\/musee.oceano.org\/nl\/wp-json\/wp\/v2\/types\/post"}],"author":[{"embeddable":true,"href":"https:\/\/musee.oceano.org\/nl\/wp-json\/wp\/v2\/users\/1"}],"replies":[{"embeddable":true,"href":"https:\/\/musee.oceano.org\/nl\/wp-json\/wp\/v2\/comments?post=28251"}],"version-history":[{"count":2,"href":"https:\/\/musee.oceano.org\/nl\/wp-json\/wp\/v2\/posts\/28251\/revisions"}],"predecessor-version":[{"id":28254,"href":"https:\/\/musee.oceano.org\/nl\/wp-json\/wp\/v2\/posts\/28251\/revisions\/28254"}],"wp:featuredmedia":[{"embeddable":true,"href":"https:\/\/musee.oceano.org\/nl\/wp-json\/wp\/v2\/media\/28252"}],"wp:attachment":[{"href":"https:\/\/musee.oceano.org\/nl\/wp-json\/wp\/v2\/media?parent=28251"}],"wp:term":[{"taxonomy":"category","embeddable":true,"href":"https:\/\/musee.oceano.org\/nl\/wp-json\/wp\/v2\/categories?post=28251"},{"taxonomy":"post_tag","embeddable":true,"href":"https:\/\/musee.oceano.org\/nl\/wp-json\/wp\/v2\/tags?post=28251"},{"taxonomy":"thematiques_actualites","embeddable":true,"href":"https:\/\/musee.oceano.org\/nl\/wp-json\/wp\/v2\/thematiques_actualites?post=28251"}],"curies":[{"name":"wp","href":"https:\/\/api.w.org\/{rel}","templated":true}]}}