{"id":28544,"date":"2021-06-30T17:38:12","date_gmt":"2021-06-30T15:38:12","guid":{"rendered":"https:\/\/musee.oceano.org\/2021\/06\/30\/europese-week-voor-afvalvermindering-2020\/"},"modified":"2021-06-30T17:38:25","modified_gmt":"2021-06-30T15:38:25","slug":"europese-week-voor-afvalvermindering-2020","status":"publish","type":"post","link":"https:\/\/musee.oceano.org\/nl\/2021\/06\/30\/europese-week-voor-afvalvermindering-2020\/","title":{"rendered":"Europese week voor afvalvermindering 2020"},"content":{"rendered":"\t\t<div data-elementor-type=\"wp-post\" data-elementor-id=\"28544\" class=\"elementor elementor-28544 elementor-12544\" data-elementor-post-type=\"post\">\n\t\t\t\t\t\t<section class=\"elementor-section elementor-top-section elementor-element elementor-element-439968fc elementor-section-full_width elementor-section-height-default elementor-section-height-default\" data-id=\"439968fc\" data-element_type=\"section\" data-e-type=\"section\">\n\t\t\t\t\t\t<div class=\"elementor-container elementor-column-gap-no\">\n\t\t\t\t\t<div class=\"elementor-column elementor-col-100 elementor-top-column elementor-element elementor-element-6b80b1da\" data-id=\"6b80b1da\" data-element_type=\"column\" data-e-type=\"column\">\n\t\t\t<div class=\"elementor-widget-wrap elementor-element-populated\">\n\t\t\t\t\t\t<div class=\"elementor-element elementor-element-2c2847cc elementor--h-position-center elementor--v-position-middle elementor-widget elementor-widget-slides\" data-id=\"2c2847cc\" data-element_type=\"widget\" data-e-type=\"widget\" data-settings=\"{&quot;navigation&quot;:&quot;none&quot;,&quot;transition&quot;:&quot;slide&quot;,&quot;transition_speed&quot;:500}\" data-widget_type=\"slides.default\">\n\t\t\t\t<div class=\"elementor-widget-container\">\n\t\t\t\t\t\t\t\t\t<div class=\"elementor-swiper\">\n\t\t\t\t\t<div class=\"elementor-slides-wrapper elementor-main-swiper swiper\" role=\"region\" aria-roledescription=\"carousel\" aria-label=\"Slides\" dir=\"ltr\" data-animation=\"fadeInUp\">\n\t\t\t\t<div class=\"swiper-wrapper elementor-slides\">\n\t\t\t\t\t\t\t\t\t\t<div class=\"elementor-repeater-item-891be05 swiper-slide\" role=\"group\" aria-roledescription=\"slide\"><div class=\"swiper-slide-bg\" role=\"img\" aria-label=\"brian-yurasits-1485645-unsplash\"><\/div><div class=\"elementor-background-overlay\"><\/div><div class=\"swiper-slide-inner\" ><div class=\"swiper-slide-contents\"><h1 class=\"elementor-slide-heading\">europese week van de afvalvermindering<\/h1><div class=\"elementor-slide-description\"><p>23-27 november 2020<\/p>\n<\/div><\/div><\/div><\/div>\t\t\t\t<\/div>\n\t\t\t\t\t\t\t<\/div>\n\t\t\t\t<\/div>\n\t\t\t\t\t\t\t\t<\/div>\n\t\t\t\t<\/div>\n\t\t\t\t\t<\/div>\n\t\t<\/div>\n\t\t\t\t\t<\/div>\n\t\t<\/section>\n\t\t\t\t<section class=\"elementor-section elementor-top-section elementor-element elementor-element-522f7694 elementor-section-full_width breadcrumb-basuc elementor-section-height-default elementor-section-height-default\" data-id=\"522f7694\" data-element_type=\"section\" data-e-type=\"section\" data-settings=\"{&quot;background_background&quot;:&quot;classic&quot;}\">\n\t\t\t\t\t\t<div class=\"elementor-container elementor-column-gap-default\">\n\t\t\t\t\t<div class=\"elementor-column elementor-col-100 elementor-top-column elementor-element elementor-element-479e0701\" data-id=\"479e0701\" data-element_type=\"column\" data-e-type=\"column\">\n\t\t\t<div class=\"elementor-widget-wrap elementor-element-populated\">\n\t\t\t\t\t\t<div class=\"elementor-element elementor-element-6db11560 elementor-widget elementor-widget-ee-breadcrumbs\" data-id=\"6db11560\" data-element_type=\"widget\" data-e-type=\"widget\" data-widget_type=\"ee-breadcrumbs.default\">\n\t\t\t\t<div class=\"elementor-widget-container\">\n\t\t\t\t\t<ul class=\"ee-breadcrumbs\" itemscope=\"\" itemtype=\"http:\/\/schema.org\/BreadcrumbList\"><\/ul>\t\t\t\t<\/div>\n\t\t\t\t<\/div>\n\t\t\t\t\t<\/div>\n\t\t<\/div>\n\t\t\t\t\t<\/div>\n\t\t<\/section>\n\t\t\t\t<section class=\"elementor-section elementor-top-section elementor-element elementor-element-3fc1f75 text-basic elementor-section-boxed elementor-section-height-default elementor-section-height-default\" data-id=\"3fc1f75\" data-element_type=\"section\" data-e-type=\"section\" data-settings=\"{&quot;background_background&quot;:&quot;classic&quot;}\">\n\t\t\t\t\t\t<div class=\"elementor-container elementor-column-gap-no\">\n\t\t\t\t\t<div class=\"elementor-column elementor-col-100 elementor-top-column elementor-element elementor-element-2670354c\" data-id=\"2670354c\" data-element_type=\"column\" data-e-type=\"column\">\n\t\t\t<div class=\"elementor-widget-wrap elementor-element-populated\">\n\t\t\t\t\t\t<div class=\"elementor-element elementor-element-f8c020c elementor-widget elementor-widget-spacer\" data-id=\"f8c020c\" data-element_type=\"widget\" data-e-type=\"widget\" data-widget_type=\"spacer.default\">\n\t\t\t\t<div class=\"elementor-widget-container\">\n\t\t\t\t\t\t\t<div class=\"elementor-spacer\">\n\t\t\t<div class=\"elementor-spacer-inner\"><\/div>\n\t\t<\/div>\n\t\t\t\t\t\t<\/div>\n\t\t\t\t<\/div>\n\t\t\t\t<div class=\"elementor-element elementor-element-3ce43b5c elementor-widget elementor-widget-text-editor\" data-id=\"3ce43b5c\" data-element_type=\"widget\" data-e-type=\"widget\" data-widget_type=\"text-editor.default\">\n\t\t\t\t<div class=\"elementor-widget-container\">\n\t\t\t\t\t\t\t\t\t<div class=\"page\" title=\"Pagina 1\">\n<div class=\"layoutArea\">\n<div class=\"column\">\n<p>Ter gelegenheid van de Europese Week van de Afvalvermindering past het Oceanografisch Museum van Monaco samen met zijn partners zijn bewustmakingsprogramma aan de gezondheidscontext aan!<\/p>\n<\/div>\n<\/div>\n<\/div>\n\t\t\t\t\t\t\t\t<\/div>\n\t\t\t\t<\/div>\n\t\t\t\t\t<\/div>\n\t\t<\/div>\n\t\t\t\t\t<\/div>\n\t\t<\/section>\n\t\t\t\t<section class=\"elementor-section elementor-top-section elementor-element elementor-element-49c698fb bloc-bigimg-imgl elementor-section-boxed elementor-section-height-default elementor-section-height-default\" data-id=\"49c698fb\" data-element_type=\"section\" data-e-type=\"section\" data-settings=\"{&quot;background_background&quot;:&quot;classic&quot;}\">\n\t\t\t\t\t\t<div class=\"elementor-container elementor-column-gap-default\">\n\t\t\t\t\t<div class=\"elementor-column elementor-col-100 elementor-top-column elementor-element elementor-element-37790903\" data-id=\"37790903\" data-element_type=\"column\" data-e-type=\"column\">\n\t\t\t<div class=\"elementor-widget-wrap elementor-element-populated\">\n\t\t\t\t\t\t<section class=\"elementor-section elementor-inner-section elementor-element elementor-element-421c3d2 elementor-section-boxed elementor-section-height-default elementor-section-height-default\" data-id=\"421c3d2\" data-element_type=\"section\" data-e-type=\"section\" data-settings=\"{&quot;background_background&quot;:&quot;classic&quot;}\">\n\t\t\t\t\t\t<div class=\"elementor-container elementor-column-gap-default\">\n\t\t\t\t\t<div class=\"elementor-column elementor-col-50 elementor-inner-column elementor-element elementor-element-4c71393e\" data-id=\"4c71393e\" data-element_type=\"column\" data-e-type=\"column\">\n\t\t\t<div class=\"elementor-widget-wrap elementor-element-populated\">\n\t\t\t\t\t\t<div class=\"elementor-element elementor-element-1794ff3f elementor-zoom elementor-widget elementor-widget-image\" data-id=\"1794ff3f\" data-element_type=\"widget\" data-e-type=\"widget\" data-widget_type=\"image.default\">\n\t\t\t\t<div class=\"elementor-widget-container\">\n\t\t\t\t\t\t\t\t\t\t\t\t\t\t\t<img fetchpriority=\"high\" decoding=\"async\" width=\"433\" height=\"433\" src=\"https:\/\/musee.oceano.org\/wp-content\/uploads\/sites\/2\/2020\/11\/05_Eclairage-facade-Nord_M_Dagnino-433x433.jpg\" class=\"attachment-img-bloc-three-content size-img-bloc-three-content wp-image-27932\" alt=\"\" srcset=\"https:\/\/musee.oceano.org\/wp-content\/uploads\/sites\/2\/2020\/11\/05_Eclairage-facade-Nord_M_Dagnino-433x433.jpg 433w, https:\/\/musee.oceano.org\/wp-content\/uploads\/sites\/2\/2020\/11\/05_Eclairage-facade-Nord_M_Dagnino-150x150.jpg 150w, https:\/\/musee.oceano.org\/wp-content\/uploads\/sites\/2\/2020\/11\/05_Eclairage-facade-Nord_M_Dagnino-334x334.jpg 334w\" sizes=\"(max-width: 433px) 100vw, 433px\" \/>\t\t\t\t\t\t\t\t\t\t\t\t\t\t\t<\/div>\n\t\t\t\t<\/div>\n\t\t\t\t\t<\/div>\n\t\t<\/div>\n\t\t\t\t<div class=\"elementor-column elementor-col-50 elementor-inner-column elementor-element elementor-element-5a343c03\" data-id=\"5a343c03\" data-element_type=\"column\" data-e-type=\"column\">\n\t\t\t<div class=\"elementor-widget-wrap elementor-element-populated\">\n\t\t\t\t\t\t<div class=\"elementor-element elementor-element-7c98bf4a elementor-widget elementor-widget-heading\" data-id=\"7c98bf4a\" data-element_type=\"widget\" data-e-type=\"widget\" data-widget_type=\"heading.default\">\n\t\t\t\t<div class=\"elementor-widget-container\">\n\t\t\t\t\t<h2 class=\"elementor-heading-title elementor-size-default\">activiteiten van de dag<\/h2>\t\t\t\t<\/div>\n\t\t\t\t<\/div>\n\t\t\t\t<div class=\"elementor-element elementor-element-1dd0b0cc elementor-widget elementor-widget-text-editor\" data-id=\"1dd0b0cc\" data-element_type=\"widget\" data-e-type=\"widget\" data-widget_type=\"text-editor.default\">\n\t\t\t\t<div class=\"elementor-widget-container\">\n\t\t\t\t\t\t\t\t\t<p><strong>Van 23 tot 27 november 2020 neemt het Oceanografisch Museum deel aan de Europese Week van de Afvalvermindering (EWWR). Het evenement is bedoeld om in dezelfde week bewustmakingsacties te bevorderen op het gebied van duurzaam beheer van hulpbronnen om te komen tot nulafval. De belangrijkste assen van dit evenement zijn: Verminderen, recycleren en hergebruiken.<\/strong><\/p>\n<p>Gezien de huidige gezondheidscontext is het onmogelijk om, zoals vorig jaar, animaties voor het grote publiek voor te stellen.<\/p>\n<p>Daarom is een actieprogramma voor het personeel van het Oceanografisch Museum en onze partners opgezet.<\/p>\n\t\t\t\t\t\t\t\t<\/div>\n\t\t\t\t<\/div>\n\t\t\t\t<div class=\"elementor-element elementor-element-a6c7300 elementor-widget elementor-widget-button\" data-id=\"a6c7300\" data-element_type=\"widget\" data-e-type=\"widget\" data-widget_type=\"button.default\">\n\t\t\t\t<div class=\"elementor-widget-container\">\n\t\t\t\t\t\t\t\t\t<div class=\"elementor-button-wrapper\">\n\t\t\t\t\t<a class=\"elementor-button elementor-button-link elementor-size-sm\" href=\"https:\/\/musee.oceano.org\/nl\/europese-week-voor-afvalvermindering-2020\/\">\n\t\t\t\t\t\t<span class=\"elementor-button-content-wrapper\">\n\t\t\t\t\t\t\t\t\t<span class=\"elementor-button-text\">ontdek het programma<\/span>\n\t\t\t\t\t<\/span>\n\t\t\t\t\t<\/a>\n\t\t\t\t<\/div>\n\t\t\t\t\t\t\t\t<\/div>\n\t\t\t\t<\/div>\n\t\t\t\t\t<\/div>\n\t\t<\/div>\n\t\t\t\t\t<\/div>\n\t\t<\/section>\n\t\t\t\t\t<\/div>\n\t\t<\/div>\n\t\t\t\t\t<\/div>\n\t\t<\/section>\n\t\t\t\t<\/div>\n\t\t","protected":false},"excerpt":{"rendered":"<p>Ter gelegenheid van de Europese Week van de Afvalvermindering zet het Oceanografisch Museum van Monaco zich in, ondanks de bijzondere context! Zoek uit hoe&#8230;<\/p>\n","protected":false},"author":15,"featured_media":27429,"comment_status":"closed","ping_status":"open","sticky":true,"template":"","format":"standard","meta":{"_acf_changed":false,"footnotes":""},"categories":[356,327,354],"tags":[],"thematiques_actualites":[353],"class_list":["post-28544","post","type-post","status-publish","format-standard","has-post-thumbnail","hentry","category-monaco-de-stem-van-de-oceaan","category-nieuws-oceanografisch-museum-van-monaco","category-nieuws-van-het-instituut","thematiques_actualites-de-mens-en-de-oceaan"],"acf":[],"yoast_head":"<!-- This site is optimized with the Yoast SEO plugin v27.2 - https:\/\/yoast.com\/product\/yoast-seo-wordpress\/ -->\n<title>Europese week voor afvalvermindering 2020 - Mus\u00e9e Oc\u00e9anographique de Monaco<\/title>\n<meta name=\"robots\" content=\"index, follow, max-snippet:-1, max-image-preview:large, max-video-preview:-1\" \/>\n<link rel=\"canonical\" href=\"https:\/\/musee.oceano.org\/nl\/2021\/06\/30\/europese-week-voor-afvalvermindering-2020\/\" \/>\n<meta property=\"og:locale\" content=\"nl_NL\" \/>\n<meta property=\"og:type\" content=\"article\" \/>\n<meta property=\"og:title\" content=\"Europese week voor afvalvermindering 2020 - Mus\u00e9e Oc\u00e9anographique de Monaco\" \/>\n<meta property=\"og:description\" content=\"Ter gelegenheid van de Europese Week van de Afvalvermindering zet het Oceanografisch Museum van Monaco zich in, ondanks de bijzondere context! Zoek uit hoe...\" \/>\n<meta property=\"og:url\" content=\"https:\/\/musee.oceano.org\/nl\/2021\/06\/30\/europese-week-voor-afvalvermindering-2020\/\" \/>\n<meta property=\"og:site_name\" content=\"Mus\u00e9e Oc\u00e9anographique de Monaco\" \/>\n<meta property=\"article:published_time\" content=\"2021-06-30T15:38:12+00:00\" \/>\n<meta property=\"article:modified_time\" content=\"2021-06-30T15:38:25+00:00\" \/>\n<meta property=\"og:image\" content=\"https:\/\/musee.oceano.org\/wp-content\/uploads\/sites\/2\/2019\/06\/brian-yurasits-1485645-unsplash-scaled.jpg\" \/>\n\t<meta property=\"og:image:width\" content=\"5164\" \/>\n\t<meta property=\"og:image:height\" content=\"3443\" \/>\n\t<meta property=\"og:image:type\" content=\"image\/jpeg\" \/>\n<meta name=\"twitter:card\" content=\"summary_large_image\" \/>\n<meta name=\"twitter:label1\" content=\"Geschreven door\" \/>\n\t<meta name=\"twitter:data1\" content=\"\" \/>\n\t<meta name=\"twitter:label2\" content=\"Geschatte leestijd\" \/>\n\t<meta name=\"twitter:data2\" content=\"1 minuut\" \/>\n<script type=\"application\/ld+json\" class=\"yoast-schema-graph\">{\"@context\":\"https:\/\/schema.org\",\"@graph\":[{\"@type\":\"Article\",\"@id\":\"https:\/\/musee.oceano.org\/nl\/2021\/06\/30\/europese-week-voor-afvalvermindering-2020\/#article\",\"isPartOf\":{\"@id\":\"https:\/\/musee.oceano.org\/nl\/2021\/06\/30\/europese-week-voor-afvalvermindering-2020\/\"},\"author\":{\"name\":\"\",\"@id\":\"\"},\"headline\":\"Europese week voor afvalvermindering 2020\",\"datePublished\":\"2021-06-30T15:38:12+00:00\",\"dateModified\":\"2021-06-30T15:38:25+00:00\",\"mainEntityOfPage\":{\"@id\":\"https:\/\/musee.oceano.org\/nl\/2021\/06\/30\/europese-week-voor-afvalvermindering-2020\/\"},\"wordCount\":128,\"image\":{\"@id\":\"https:\/\/musee.oceano.org\/nl\/2021\/06\/30\/europese-week-voor-afvalvermindering-2020\/#primaryimage\"},\"thumbnailUrl\":\"https:\/\/musee.oceano.org\/wp-content\/uploads\/sites\/2\/2019\/06\/brian-yurasits-1485645-unsplash-scaled.jpg\",\"articleSection\":[\"Monaco, de stem van de oceaan\",\"Nieuws Oceanografisch Museum van Monaco\",\"Nieuws van het Instituut\"],\"inLanguage\":\"nl-NL\"},{\"@type\":\"WebPage\",\"@id\":\"https:\/\/musee.oceano.org\/nl\/2021\/06\/30\/europese-week-voor-afvalvermindering-2020\/\",\"url\":\"https:\/\/musee.oceano.org\/nl\/2021\/06\/30\/europese-week-voor-afvalvermindering-2020\/\",\"name\":\"Europese week voor afvalvermindering 2020 - Mus\u00e9e Oc\u00e9anographique de Monaco\",\"isPartOf\":{\"@id\":\"https:\/\/musee.oceano.org\/#website\"},\"primaryImageOfPage\":{\"@id\":\"https:\/\/musee.oceano.org\/nl\/2021\/06\/30\/europese-week-voor-afvalvermindering-2020\/#primaryimage\"},\"image\":{\"@id\":\"https:\/\/musee.oceano.org\/nl\/2021\/06\/30\/europese-week-voor-afvalvermindering-2020\/#primaryimage\"},\"thumbnailUrl\":\"https:\/\/musee.oceano.org\/wp-content\/uploads\/sites\/2\/2019\/06\/brian-yurasits-1485645-unsplash-scaled.jpg\",\"datePublished\":\"2021-06-30T15:38:12+00:00\",\"dateModified\":\"2021-06-30T15:38:25+00:00\",\"author\":{\"@id\":\"\"},\"breadcrumb\":{\"@id\":\"https:\/\/musee.oceano.org\/nl\/2021\/06\/30\/europese-week-voor-afvalvermindering-2020\/#breadcrumb\"},\"inLanguage\":\"nl-NL\",\"potentialAction\":[{\"@type\":\"ReadAction\",\"target\":[\"https:\/\/musee.oceano.org\/nl\/2021\/06\/30\/europese-week-voor-afvalvermindering-2020\/\"]}]},{\"@type\":\"ImageObject\",\"inLanguage\":\"nl-NL\",\"@id\":\"https:\/\/musee.oceano.org\/nl\/2021\/06\/30\/europese-week-voor-afvalvermindering-2020\/#primaryimage\",\"url\":\"https:\/\/musee.oceano.org\/wp-content\/uploads\/sites\/2\/2019\/06\/brian-yurasits-1485645-unsplash-scaled.jpg\",\"contentUrl\":\"https:\/\/musee.oceano.org\/wp-content\/uploads\/sites\/2\/2019\/06\/brian-yurasits-1485645-unsplash-scaled.jpg\",\"width\":5164,\"height\":3443},{\"@type\":\"BreadcrumbList\",\"@id\":\"https:\/\/musee.oceano.org\/nl\/2021\/06\/30\/europese-week-voor-afvalvermindering-2020\/#breadcrumb\",\"itemListElement\":[{\"@type\":\"ListItem\",\"position\":1,\"name\":\"Home\",\"item\":\"https:\/\/musee.oceano.org\/nl\/\"},{\"@type\":\"ListItem\",\"position\":2,\"name\":\"Europese week voor afvalvermindering 2020\"}]},{\"@type\":\"WebSite\",\"@id\":\"https:\/\/musee.oceano.org\/#website\",\"url\":\"https:\/\/musee.oceano.org\/\",\"name\":\"Mus\u00e9e Oc\u00e9anographique de Monaco\",\"description\":\"Faire conna\u00eetre, aimer et prot\u00e9ger les oc\u00e9ans\",\"potentialAction\":[{\"@type\":\"SearchAction\",\"target\":{\"@type\":\"EntryPoint\",\"urlTemplate\":\"https:\/\/musee.oceano.org\/?s={search_term_string}\"},\"query-input\":{\"@type\":\"PropertyValueSpecification\",\"valueRequired\":true,\"valueName\":\"search_term_string\"}}],\"inLanguage\":\"nl-NL\"},{\"@type\":\"Person\",\"@id\":\"\"}]}<\/script>\n<!-- \/ Yoast SEO plugin. -->","yoast_head_json":{"title":"Europese week voor afvalvermindering 2020 - Mus\u00e9e Oc\u00e9anographique de Monaco","robots":{"index":"index","follow":"follow","max-snippet":"max-snippet:-1","max-image-preview":"max-image-preview:large","max-video-preview":"max-video-preview:-1"},"canonical":"https:\/\/musee.oceano.org\/nl\/2021\/06\/30\/europese-week-voor-afvalvermindering-2020\/","og_locale":"nl_NL","og_type":"article","og_title":"Europese week voor afvalvermindering 2020 - Mus\u00e9e Oc\u00e9anographique de Monaco","og_description":"Ter gelegenheid van de Europese Week van de Afvalvermindering zet het Oceanografisch Museum van Monaco zich in, ondanks de bijzondere context! Zoek uit hoe...","og_url":"https:\/\/musee.oceano.org\/nl\/2021\/06\/30\/europese-week-voor-afvalvermindering-2020\/","og_site_name":"Mus\u00e9e Oc\u00e9anographique de Monaco","article_published_time":"2021-06-30T15:38:12+00:00","article_modified_time":"2021-06-30T15:38:25+00:00","og_image":[{"width":5164,"height":3443,"url":"https:\/\/musee.oceano.org\/wp-content\/uploads\/sites\/2\/2019\/06\/brian-yurasits-1485645-unsplash-scaled.jpg","type":"image\/jpeg"}],"twitter_card":"summary_large_image","twitter_misc":{"Geschreven door":"","Geschatte leestijd":"1 minuut"},"schema":{"@context":"https:\/\/schema.org","@graph":[{"@type":"Article","@id":"https:\/\/musee.oceano.org\/nl\/2021\/06\/30\/europese-week-voor-afvalvermindering-2020\/#article","isPartOf":{"@id":"https:\/\/musee.oceano.org\/nl\/2021\/06\/30\/europese-week-voor-afvalvermindering-2020\/"},"author":{"name":"","@id":""},"headline":"Europese week voor afvalvermindering 2020","datePublished":"2021-06-30T15:38:12+00:00","dateModified":"2021-06-30T15:38:25+00:00","mainEntityOfPage":{"@id":"https:\/\/musee.oceano.org\/nl\/2021\/06\/30\/europese-week-voor-afvalvermindering-2020\/"},"wordCount":128,"image":{"@id":"https:\/\/musee.oceano.org\/nl\/2021\/06\/30\/europese-week-voor-afvalvermindering-2020\/#primaryimage"},"thumbnailUrl":"https:\/\/musee.oceano.org\/wp-content\/uploads\/sites\/2\/2019\/06\/brian-yurasits-1485645-unsplash-scaled.jpg","articleSection":["Monaco, de stem van de oceaan","Nieuws Oceanografisch Museum van Monaco","Nieuws van het Instituut"],"inLanguage":"nl-NL"},{"@type":"WebPage","@id":"https:\/\/musee.oceano.org\/nl\/2021\/06\/30\/europese-week-voor-afvalvermindering-2020\/","url":"https:\/\/musee.oceano.org\/nl\/2021\/06\/30\/europese-week-voor-afvalvermindering-2020\/","name":"Europese week voor afvalvermindering 2020 - Mus\u00e9e Oc\u00e9anographique de Monaco","isPartOf":{"@id":"https:\/\/musee.oceano.org\/#website"},"primaryImageOfPage":{"@id":"https:\/\/musee.oceano.org\/nl\/2021\/06\/30\/europese-week-voor-afvalvermindering-2020\/#primaryimage"},"image":{"@id":"https:\/\/musee.oceano.org\/nl\/2021\/06\/30\/europese-week-voor-afvalvermindering-2020\/#primaryimage"},"thumbnailUrl":"https:\/\/musee.oceano.org\/wp-content\/uploads\/sites\/2\/2019\/06\/brian-yurasits-1485645-unsplash-scaled.jpg","datePublished":"2021-06-30T15:38:12+00:00","dateModified":"2021-06-30T15:38:25+00:00","author":{"@id":""},"breadcrumb":{"@id":"https:\/\/musee.oceano.org\/nl\/2021\/06\/30\/europese-week-voor-afvalvermindering-2020\/#breadcrumb"},"inLanguage":"nl-NL","potentialAction":[{"@type":"ReadAction","target":["https:\/\/musee.oceano.org\/nl\/2021\/06\/30\/europese-week-voor-afvalvermindering-2020\/"]}]},{"@type":"ImageObject","inLanguage":"nl-NL","@id":"https:\/\/musee.oceano.org\/nl\/2021\/06\/30\/europese-week-voor-afvalvermindering-2020\/#primaryimage","url":"https:\/\/musee.oceano.org\/wp-content\/uploads\/sites\/2\/2019\/06\/brian-yurasits-1485645-unsplash-scaled.jpg","contentUrl":"https:\/\/musee.oceano.org\/wp-content\/uploads\/sites\/2\/2019\/06\/brian-yurasits-1485645-unsplash-scaled.jpg","width":5164,"height":3443},{"@type":"BreadcrumbList","@id":"https:\/\/musee.oceano.org\/nl\/2021\/06\/30\/europese-week-voor-afvalvermindering-2020\/#breadcrumb","itemListElement":[{"@type":"ListItem","position":1,"name":"Home","item":"https:\/\/musee.oceano.org\/nl\/"},{"@type":"ListItem","position":2,"name":"Europese week voor afvalvermindering 2020"}]},{"@type":"WebSite","@id":"https:\/\/musee.oceano.org\/#website","url":"https:\/\/musee.oceano.org\/","name":"Mus\u00e9e Oc\u00e9anographique de Monaco","description":"Faire conna\u00eetre, aimer et prot\u00e9ger les oc\u00e9ans","potentialAction":[{"@type":"SearchAction","target":{"@type":"EntryPoint","urlTemplate":"https:\/\/musee.oceano.org\/?s={search_term_string}"},"query-input":{"@type":"PropertyValueSpecification","valueRequired":true,"valueName":"search_term_string"}}],"inLanguage":"nl-NL"},{"@type":"Person","@id":""}]}},"_links":{"self":[{"href":"https:\/\/musee.oceano.org\/nl\/wp-json\/wp\/v2\/posts\/28544","targetHints":{"allow":["GET"]}}],"collection":[{"href":"https:\/\/musee.oceano.org\/nl\/wp-json\/wp\/v2\/posts"}],"about":[{"href":"https:\/\/musee.oceano.org\/nl\/wp-json\/wp\/v2\/types\/post"}],"author":[{"embeddable":true,"href":"https:\/\/musee.oceano.org\/nl\/wp-json\/wp\/v2\/users\/15"}],"replies":[{"embeddable":true,"href":"https:\/\/musee.oceano.org\/nl\/wp-json\/wp\/v2\/comments?post=28544"}],"version-history":[{"count":3,"href":"https:\/\/musee.oceano.org\/nl\/wp-json\/wp\/v2\/posts\/28544\/revisions"}],"predecessor-version":[{"id":28558,"href":"https:\/\/musee.oceano.org\/nl\/wp-json\/wp\/v2\/posts\/28544\/revisions\/28558"}],"wp:featuredmedia":[{"embeddable":true,"href":"https:\/\/musee.oceano.org\/nl\/wp-json\/wp\/v2\/media\/27429"}],"wp:attachment":[{"href":"https:\/\/musee.oceano.org\/nl\/wp-json\/wp\/v2\/media?parent=28544"}],"wp:term":[{"taxonomy":"category","embeddable":true,"href":"https:\/\/musee.oceano.org\/nl\/wp-json\/wp\/v2\/categories?post=28544"},{"taxonomy":"post_tag","embeddable":true,"href":"https:\/\/musee.oceano.org\/nl\/wp-json\/wp\/v2\/tags?post=28544"},{"taxonomy":"thematiques_actualites","embeddable":true,"href":"https:\/\/musee.oceano.org\/nl\/wp-json\/wp\/v2\/thematiques_actualites?post=28544"}],"curies":[{"name":"wp","href":"https:\/\/api.w.org\/{rel}","templated":true}]}}