{"id":28619,"date":"2021-06-30T17:41:35","date_gmt":"2021-06-30T15:41:35","guid":{"rendered":"https:\/\/musee.oceano.org\/2021\/06\/30\/gala-de-monte-carlo-para-a-saude-planetaria\/"},"modified":"2021-07-16T14:26:16","modified_gmt":"2021-07-16T12:26:16","slug":"gala-de-monte-carlo-para-a-saude-planetaria","status":"publish","type":"post","link":"https:\/\/musee.oceano.org\/pt-pt\/2021\/06\/30\/gala-de-monte-carlo-para-a-saude-planetaria\/","title":{"rendered":"Gala de Monte Carlo para a Sa\u00fade Planet\u00e1ria"},"content":{"rendered":"\t\t<div data-elementor-type=\"wp-post\" data-elementor-id=\"28619\" class=\"elementor elementor-28619 elementor-18810\" data-elementor-post-type=\"post\">\n\t\t\t\t\t\t<section class=\"elementor-section elementor-top-section elementor-element elementor-element-1528f3d1 elementor-section-full_width elementor-section-height-default elementor-section-height-default\" data-id=\"1528f3d1\" data-element_type=\"section\" data-e-type=\"section\">\n\t\t\t\t\t\t<div class=\"elementor-container elementor-column-gap-no\">\n\t\t\t\t\t<div class=\"elementor-column elementor-col-100 elementor-top-column elementor-element elementor-element-6387c9fd\" data-id=\"6387c9fd\" data-element_type=\"column\" data-e-type=\"column\">\n\t\t\t<div class=\"elementor-widget-wrap elementor-element-populated\">\n\t\t\t\t\t\t<div class=\"elementor-element elementor-element-79f5836b elementor--h-position-center elementor--v-position-middle elementor-widget elementor-widget-slides\" data-id=\"79f5836b\" data-element_type=\"widget\" data-e-type=\"widget\" data-settings=\"{&quot;navigation&quot;:&quot;none&quot;,&quot;transition&quot;:&quot;slide&quot;,&quot;transition_speed&quot;:500}\" data-widget_type=\"slides.default\">\n\t\t\t\t<div class=\"elementor-widget-container\">\n\t\t\t\t\t\t\t\t\t<div class=\"elementor-swiper\">\n\t\t\t\t\t<div class=\"elementor-slides-wrapper elementor-main-swiper swiper\" role=\"region\" aria-roledescription=\"carousel\" aria-label=\"Slides\" dir=\"ltr\" data-animation=\"fadeInUp\">\n\t\t\t\t<div class=\"swiper-wrapper elementor-slides\">\n\t\t\t\t\t\t\t\t\t\t<div class=\"elementor-repeater-item-891be05 swiper-slide\" role=\"group\" aria-roledescription=\"slide\"><div class=\"swiper-slide-bg elementor-ken-burns elementor-ken-burns--in\" role=\"img\" aria-label=\"\"><\/div><div class=\"elementor-background-overlay\"><\/div><a class=\"swiper-slide-inner\" href=\"https:\/\/www.montecarlogala.org\/\" target=\"_blank\"><div class=\"swiper-slide-contents\"><h1 class=\"elementor-slide-heading\">Monte Carlo Gala  <\/h1><div class=\"elementor-slide-description\"><p>para a Sa\u00fade Planet\u00e1ria<\/p>\n<\/div><div  class=\"elementor-button elementor-slide-button elementor-size-sm\">visitar o site<\/div><\/div><\/a><\/div>\t\t\t\t<\/div>\n\t\t\t\t\t\t\t<\/div>\n\t\t\t\t<\/div>\n\t\t\t\t\t\t\t\t<\/div>\n\t\t\t\t<\/div>\n\t\t\t\t\t<\/div>\n\t\t<\/div>\n\t\t\t\t\t<\/div>\n\t\t<\/section>\n\t\t\t\t<section class=\"elementor-section elementor-top-section elementor-element elementor-element-7620d94 elementor-section-full_width elementor-section-height-default elementor-section-height-default\" data-id=\"7620d94\" data-element_type=\"section\" data-e-type=\"section\">\n\t\t\t\t\t\t<div class=\"elementor-container elementor-column-gap-default\">\n\t\t\t\t\t<div class=\"elementor-column elementor-col-100 elementor-top-column elementor-element elementor-element-374d0278\" data-id=\"374d0278\" data-element_type=\"column\" data-e-type=\"column\">\n\t\t\t<div class=\"elementor-widget-wrap elementor-element-populated\">\n\t\t\t\t\t\t<div class=\"elementor-element elementor-element-2bad35d2 elementor-widget elementor-widget-ee-breadcrumbs\" data-id=\"2bad35d2\" data-element_type=\"widget\" data-e-type=\"widget\" data-widget_type=\"ee-breadcrumbs.default\">\n\t\t\t\t<div class=\"elementor-widget-container\">\n\t\t\t\t\t<ul class=\"ee-breadcrumbs\" itemscope=\"\" itemtype=\"http:\/\/schema.org\/BreadcrumbList\"><\/ul>\t\t\t\t<\/div>\n\t\t\t\t<\/div>\n\t\t\t\t\t<\/div>\n\t\t<\/div>\n\t\t\t\t\t<\/div>\n\t\t<\/section>\n\t\t\t\t<section class=\"elementor-section elementor-top-section elementor-element elementor-element-39743d27 elementor-section-full_width elementor-section-height-default elementor-section-height-default\" data-id=\"39743d27\" data-element_type=\"section\" data-e-type=\"section\">\n\t\t\t\t\t\t<div class=\"elementor-container elementor-column-gap-default\">\n\t\t\t\t\t<div class=\"elementor-column elementor-col-100 elementor-top-column elementor-element elementor-element-4a301566\" data-id=\"4a301566\" data-element_type=\"column\" data-e-type=\"column\">\n\t\t\t<div class=\"elementor-widget-wrap elementor-element-populated\">\n\t\t\t\t\t\t<div class=\"elementor-element elementor-element-1878b4ca elementor-widget elementor-widget-heading\" data-id=\"1878b4ca\" data-element_type=\"widget\" data-e-type=\"widget\" data-widget_type=\"heading.default\">\n\t\t\t\t<div class=\"elementor-widget-container\">\n\t\t\t\t\t<h2 class=\"elementor-heading-title elementor-size-default\">Gala monte-Carlo para sa\u00fade planet\u00e1ria - 2020<\/h2>\t\t\t\t<\/div>\n\t\t\t\t<\/div>\n\t\t\t\t\t<\/div>\n\t\t<\/div>\n\t\t\t\t\t<\/div>\n\t\t<\/section>\n\t\t\t\t<section class=\"elementor-section elementor-top-section elementor-element elementor-element-40eb601e elementor-section-boxed elementor-section-height-default elementor-section-height-default\" data-id=\"40eb601e\" data-element_type=\"section\" data-e-type=\"section\">\n\t\t\t\t\t\t<div class=\"elementor-container elementor-column-gap-default\">\n\t\t\t\t\t<div class=\"elementor-column elementor-col-100 elementor-top-column elementor-element elementor-element-15614662\" data-id=\"15614662\" data-element_type=\"column\" data-e-type=\"column\">\n\t\t\t<div class=\"elementor-widget-wrap\">\n\t\t\t\t\t\t\t<\/div>\n\t\t<\/div>\n\t\t\t\t\t<\/div>\n\t\t<\/section>\n\t\t\t\t<section class=\"elementor-section elementor-top-section elementor-element elementor-element-ebb04ad elementor-section-boxed elementor-section-height-default elementor-section-height-default\" data-id=\"ebb04ad\" data-element_type=\"section\" data-e-type=\"section\">\n\t\t\t\t\t\t<div class=\"elementor-container elementor-column-gap-default\">\n\t\t\t\t\t<div class=\"elementor-column elementor-col-66 elementor-top-column elementor-element elementor-element-9857ad5\" data-id=\"9857ad5\" data-element_type=\"column\" data-e-type=\"column\">\n\t\t\t<div class=\"elementor-widget-wrap elementor-element-populated\">\n\t\t\t\t\t\t<div class=\"elementor-element elementor-element-53aaceb4 elementor-widget elementor-widget-text-editor\" data-id=\"53aaceb4\" data-element_type=\"widget\" data-e-type=\"widget\" data-widget_type=\"text-editor.default\">\n\t\t\t\t<div class=\"elementor-widget-container\">\n\t\t\t\t\t\t\t\t\t<p><span style=\"letter-spacing: 0.16px;\">Organizada pela Funda\u00e7\u00e3o Pr\u00edncipe Alberto II do M\u00f3naco, a Gala Monte Carlo para a Sa\u00fade Planet\u00e1ria, dedicada este ano ao Oceano, a Terra e a Humanidade, ter\u00e1 lugar na quinta-feira, 24 de setembro, nas esplanadas da \u00d3pera de Monte-Carlo, com como convidado de honra o \u00edcone internacional da m\u00fasica <span style=\"color: #33cccc;\"><strong>Sting.<\/strong><\/p>\n<p><\/span> Depois de L\u00e9onardo Di Caprio, Orlando Bloom e Robert Redford, \u00e9 o artista dos 17 GRAMMY Awards que ser\u00e3o recompensados este ano pelo seu profundo compromisso com a preserva\u00e7\u00e3o do Planeta e das comunidades ind\u00edgenas. Numa altura de crise global de sa\u00fade, a Funda\u00e7\u00e3o Pr\u00edncipe Alberto II do M\u00f3naco sa\u00fada a parceria estabelecida este ano com a Cruz Vermelha Monegasca e internacional, no \u00e2mbito da Gala, que permitir\u00e1 \u00e0 Funda\u00e7\u00e3o apoiar alguns dos seus projetos de campo.<\/span><\/p>\n\t\t\t\t\t\t\t\t<\/div>\n\t\t\t\t<\/div>\n\t\t\t\t\t<\/div>\n\t\t<\/div>\n\t\t\t\t<div class=\"elementor-column elementor-col-33 elementor-top-column elementor-element elementor-element-7cde941\" data-id=\"7cde941\" data-element_type=\"column\" data-e-type=\"column\">\n\t\t\t<div class=\"elementor-widget-wrap elementor-element-populated\">\n\t\t\t\t\t\t<div class=\"elementor-element elementor-element-8d91c6e elementor-widget elementor-widget-image\" data-id=\"8d91c6e\" data-element_type=\"widget\" data-e-type=\"widget\" data-widget_type=\"image.default\">\n\t\t\t\t<div class=\"elementor-widget-container\">\n\t\t\t\t\t\t\t\t\t\t\t\t<figure class=\"wp-caption\">\n\t\t\t\t\t\t\t\t\t\t<img decoding=\"async\" src=\"https:\/\/musee.oceano.org\/wp-content\/uploads\/sites\/2\/elementor\/thumbs\/Sting_Life_Festival_O\u015bwi\u0119cim_2013-rjyt5djpc6yu445sv6uym5wdyca8rd47phsu4eybw8.jpg\" title=\"Sting_Life_Festival_O\u015bwi\u0119cim_2013)\" alt=\"Piotr Drabik from Poland \/ CC BY (https:\/\/creativecommons.org\/licenses\/by\/2.0)\" loading=\"lazy\" \/>\t\t\t\t\t\t\t\t\t\t\t<figcaption class=\"widget-image-caption wp-caption-text\">Piotr Drabik from Poland \/ CC BY <br>(https:\/\/creativecommons.org\/licenses\/by\/2.0)<\/figcaption>\n\t\t\t\t\t\t\t\t\t\t<\/figure>\n\t\t\t\t\t\t\t\t\t<\/div>\n\t\t\t\t<\/div>\n\t\t\t\t\t<\/div>\n\t\t<\/div>\n\t\t\t\t\t<\/div>\n\t\t<\/section>\n\t\t\t\t<section class=\"elementor-section elementor-top-section elementor-element elementor-element-aaa886f elementor-section-boxed elementor-section-height-default elementor-section-height-default\" data-id=\"aaa886f\" data-element_type=\"section\" data-e-type=\"section\">\n\t\t\t\t\t\t<div class=\"elementor-container elementor-column-gap-default\">\n\t\t\t\t\t<div class=\"elementor-column elementor-col-100 elementor-top-column elementor-element elementor-element-5dbfdc60\" data-id=\"5dbfdc60\" data-element_type=\"column\" data-e-type=\"column\">\n\t\t\t<div class=\"elementor-widget-wrap elementor-element-populated\">\n\t\t\t\t\t\t<div class=\"elementor-element elementor-element-7aae2fde elementor-widget elementor-widget-text-editor\" data-id=\"7aae2fde\" data-element_type=\"widget\" data-e-type=\"widget\" data-widget_type=\"text-editor.default\">\n\t\t\t\t<div class=\"elementor-widget-container\">\n\t\t\t\t\t\t\t\t\t<p>O Pr\u00edncipe Alberto II da Funda\u00e7\u00e3o M\u00f3naco e os seus parceiros, o Iate Clube do M\u00f3naco, o Soci\u00e9t\u00e9 des Bains de Mer, o Institut oc\u00e9anographique, o M\u00f3naco Yacht Show, o Nouveau Mus\u00e9e National de M\u00f3naco e o M\u00f3naco Private Label uniram esfor\u00e7os na Gala monte-Carlo para a Sa\u00fade Planet\u00e1ria para colocar a sa\u00fade humana e a sa\u00fade do planeta no centro das discuss\u00f5es. O desejo de apoiar a atratividade do Principado, a sua atividade hoteleira e a sua economia impactadas pela pandemia, enquanto o final de setembro \u00e9 normalmente dinamizado pelo M\u00f3naco Yacht Show, cumprindo os padr\u00f5es de sa\u00fade do Governo Principesco. A sa\u00fade dos participantes \u00e9 a primeira prioridade.<\/p>\n\t\t\t\t\t\t\t\t<\/div>\n\t\t\t\t<\/div>\n\t\t\t\t<div class=\"elementor-element elementor-element-bdc9b93 elementor-widget elementor-widget-spacer\" data-id=\"bdc9b93\" data-element_type=\"widget\" data-e-type=\"widget\" data-widget_type=\"spacer.default\">\n\t\t\t\t<div class=\"elementor-widget-container\">\n\t\t\t\t\t\t\t<div class=\"elementor-spacer\">\n\t\t\t<div class=\"elementor-spacer-inner\"><\/div>\n\t\t<\/div>\n\t\t\t\t\t\t<\/div>\n\t\t\t\t<\/div>\n\t\t\t\t\t<\/div>\n\t\t<\/div>\n\t\t\t\t\t<\/div>\n\t\t<\/section>\n\t\t\t\t<section class=\"elementor-section elementor-top-section elementor-element elementor-element-3789590 elementor-section-boxed elementor-section-height-default elementor-section-height-default\" data-id=\"3789590\" data-element_type=\"section\" data-e-type=\"section\" data-settings=\"{&quot;background_background&quot;:&quot;classic&quot;}\">\n\t\t\t\t\t\t<div class=\"elementor-container elementor-column-gap-default\">\n\t\t\t\t\t<div class=\"elementor-column elementor-col-50 elementor-top-column elementor-element elementor-element-a8e1db7\" data-id=\"a8e1db7\" data-element_type=\"column\" data-e-type=\"column\" data-settings=\"{&quot;background_background&quot;:&quot;classic&quot;}\">\n\t\t\t<div class=\"elementor-widget-wrap elementor-element-populated\">\n\t\t\t\t\t\t<div class=\"elementor-element elementor-element-2c009d3c elementor-blockquote--skin-quotation elementor-blockquote--align-left elementor-widget elementor-widget-blockquote\" data-id=\"2c009d3c\" data-element_type=\"widget\" data-e-type=\"widget\" data-widget_type=\"blockquote.default\">\n\t\t\t\t<div class=\"elementor-widget-container\">\n\t\t\t\t\t\t\t<blockquote class=\"elementor-blockquote\">\n\t\t\t<p class=\"elementor-blockquote__content\">\n\t\t\t\tHoje, conhecemos as imensas oportunidades oferecidas pelo oceano, desde que sejamos capazes de proteg\u00ea-lo eficientemente e geri-lo de forma sustent\u00e1vel\t\t\t<\/p>\n\t\t\t\t\t\t\t<div class=\"e-q-footer\">\n\t\t\t\t\t\t\t\t\t\t\t<cite class=\"elementor-blockquote__author\"> HSH Prince Albert II of Monaco<br>UN Conference on SGD 14, New York City, June 8th 2017<\/cite>\n\t\t\t\t\t\t\t\t\t\t\t\t\t\t<\/div>\n\t\t\t\t\t<\/blockquote>\n\t\t\t\t\t\t<\/div>\n\t\t\t\t<\/div>\n\t\t\t\t\t<\/div>\n\t\t<\/div>\n\t\t\t\t<div class=\"elementor-column elementor-col-50 elementor-top-column elementor-element elementor-element-182c2990\" data-id=\"182c2990\" data-element_type=\"column\" data-e-type=\"column\" data-settings=\"{&quot;background_background&quot;:&quot;classic&quot;}\">\n\t\t\t<div class=\"elementor-widget-wrap elementor-element-populated\">\n\t\t\t\t\t\t<div class=\"elementor-element elementor-element-30335be elementor-zoom elementor-widget elementor-widget-image\" data-id=\"30335be\" data-element_type=\"widget\" data-e-type=\"widget\" data-widget_type=\"image.default\">\n\t\t\t\t<div class=\"elementor-widget-container\">\n\t\t\t\t\t\t\t\t\t\t\t\t\t\t\t<img fetchpriority=\"high\" decoding=\"async\" width=\"1000\" height=\"750\" src=\"https:\/\/musee.oceano.org\/wp-content\/uploads\/sites\/2\/2020\/09\/SAS-le-PRince-ONU-Palais.jpg\" class=\"attachment-large size-large wp-image-18823\" alt=\"\" srcset=\"https:\/\/musee.oceano.org\/wp-content\/uploads\/sites\/2\/2020\/09\/SAS-le-PRince-ONU-Palais.jpg 1000w, https:\/\/musee.oceano.org\/wp-content\/uploads\/sites\/2\/2020\/09\/SAS-le-PRince-ONU-Palais-300x225.jpg 300w, https:\/\/musee.oceano.org\/wp-content\/uploads\/sites\/2\/2020\/09\/SAS-le-PRince-ONU-Palais-768x576.jpg 768w, https:\/\/musee.oceano.org\/wp-content\/uploads\/sites\/2\/2020\/09\/SAS-le-PRince-ONU-Palais-216x162.jpg 216w, https:\/\/musee.oceano.org\/wp-content\/uploads\/sites\/2\/2020\/09\/SAS-le-PRince-ONU-Palais-688x515.jpg 688w\" sizes=\"(max-width: 1000px) 100vw, 1000px\" \/>\t\t\t\t\t\t\t\t\t\t\t\t\t\t\t<\/div>\n\t\t\t\t<\/div>\n\t\t\t\t\t<\/div>\n\t\t<\/div>\n\t\t\t\t\t<\/div>\n\t\t<\/section>\n\t\t\t\t<section class=\"elementor-section elementor-top-section elementor-element elementor-element-ad10cd7 elementor-section-boxed elementor-section-height-default elementor-section-height-default\" data-id=\"ad10cd7\" data-element_type=\"section\" data-e-type=\"section\">\n\t\t\t\t\t\t<div class=\"elementor-container elementor-column-gap-default\">\n\t\t\t\t\t<div class=\"elementor-column elementor-col-100 elementor-top-column elementor-element elementor-element-9c2c1bf\" data-id=\"9c2c1bf\" data-element_type=\"column\" data-e-type=\"column\">\n\t\t\t<div class=\"elementor-widget-wrap elementor-element-populated\">\n\t\t\t\t\t\t<div class=\"elementor-element elementor-element-49df3d6 elementor-widget elementor-widget-heading\" data-id=\"49df3d6\" data-element_type=\"widget\" data-e-type=\"widget\" data-widget_type=\"heading.default\">\n\t\t\t\t<div class=\"elementor-widget-container\">\n\t\t\t\t\t<h2 class=\"elementor-heading-title elementor-size-default\">a Edi\u00e7\u00e3o 2019 em imagens...<\/h2>\t\t\t\t<\/div>\n\t\t\t\t<\/div>\n\t\t\t\t<div class=\"elementor-element elementor-element-b0c7270 elementor-widget elementor-widget-video\" data-id=\"b0c7270\" data-element_type=\"widget\" data-e-type=\"widget\" data-settings=\"{&quot;youtube_url&quot;:&quot;https:\\\/\\\/youtu.be\\\/V9HaG7XKDn0&quot;,&quot;video_type&quot;:&quot;youtube&quot;,&quot;controls&quot;:&quot;yes&quot;}\" data-widget_type=\"video.default\">\n\t\t\t\t<div class=\"elementor-widget-container\">\n\t\t\t\t\t\t\t<div class=\"elementor-wrapper elementor-open-inline\">\n\t\t\t<div class=\"elementor-video\"><\/div>\t\t<\/div>\n\t\t\t\t\t\t<\/div>\n\t\t\t\t<\/div>\n\t\t\t\t\t<\/div>\n\t\t<\/div>\n\t\t\t\t\t<\/div>\n\t\t<\/section>\n\t\t\t\t<section class=\"elementor-section elementor-top-section elementor-element elementor-element-6d7156b2 elementor-section-boxed elementor-section-height-default elementor-section-height-default\" data-id=\"6d7156b2\" data-element_type=\"section\" data-e-type=\"section\" data-settings=\"{&quot;background_background&quot;:&quot;classic&quot;}\">\n\t\t\t\t\t\t<div class=\"elementor-container elementor-column-gap-default\">\n\t\t\t\t\t<div class=\"elementor-column elementor-col-100 elementor-top-column elementor-element elementor-element-6f13189f\" data-id=\"6f13189f\" data-element_type=\"column\" data-e-type=\"column\">\n\t\t\t<div class=\"elementor-widget-wrap elementor-element-populated\">\n\t\t\t\t\t\t<div class=\"elementor-element elementor-element-55baaa9 elementor-widget elementor-widget-heading\" data-id=\"55baaa9\" data-element_type=\"widget\" data-e-type=\"widget\" data-widget_type=\"heading.default\">\n\t\t\t\t<div class=\"elementor-widget-container\">\n\t\t\t\t\t<h2 class=\"elementor-heading-title elementor-size-default\">uma semana de eventos para o Planeta<\/h2>\t\t\t\t<\/div>\n\t\t\t\t<\/div>\n\t\t\t\t<section class=\"elementor-section elementor-inner-section elementor-element elementor-element-640da7e7 elementor-section-boxed elementor-section-height-default elementor-section-height-default\" data-id=\"640da7e7\" data-element_type=\"section\" data-e-type=\"section\" data-settings=\"{&quot;background_background&quot;:&quot;classic&quot;}\">\n\t\t\t\t\t\t<div class=\"elementor-container elementor-column-gap-default\">\n\t\t\t\t\t<div class=\"elementor-column elementor-col-50 elementor-inner-column elementor-element elementor-element-1a9acd22\" data-id=\"1a9acd22\" data-element_type=\"column\" data-e-type=\"column\">\n\t\t\t<div class=\"elementor-widget-wrap elementor-element-populated\">\n\t\t\t\t\t\t<div class=\"elementor-element elementor-element-2e7b4c9c elementor-widget elementor-widget-text-editor\" data-id=\"2e7b4c9c\" data-element_type=\"widget\" data-e-type=\"widget\" data-widget_type=\"text-editor.default\">\n\t\t\t\t<div class=\"elementor-widget-container\">\n\t\t\t\t\t\t\t\t\t<p>O M\u00f3naco \u00e9 um principado comprometido com o tema dos oceanos, durante v\u00e1rios anos.<\/p>\n<p>Descubra o conte\u00fado dos compromissos da Semana da Sa\u00fade Planet\u00e1ria.<\/p>\n\t\t\t\t\t\t\t\t<\/div>\n\t\t\t\t<\/div>\n\t\t\t\t<div class=\"elementor-element elementor-element-548fa054 elementor-align-left elementor-widget elementor-widget-button\" data-id=\"548fa054\" data-element_type=\"widget\" data-e-type=\"widget\" data-widget_type=\"button.default\">\n\t\t\t\t<div class=\"elementor-widget-container\">\n\t\t\t\t\t\t\t\t\t<div class=\"elementor-button-wrapper\">\n\t\t\t\t\t<a class=\"elementor-button elementor-button-link elementor-size-xs\" href=\"https:\/\/www.montecarlogala.org\/ourengagement.html\" target=\"_blank\">\n\t\t\t\t\t\t<span class=\"elementor-button-content-wrapper\">\n\t\t\t\t\t\t\t\t\t<span class=\"elementor-button-text\">Compromissos com o Planeta<\/span>\n\t\t\t\t\t<\/span>\n\t\t\t\t\t<\/a>\n\t\t\t\t<\/div>\n\t\t\t\t\t\t\t\t<\/div>\n\t\t\t\t<\/div>\n\t\t\t\t<div class=\"elementor-element elementor-element-830c01c elementor-widget elementor-widget-text-editor\" data-id=\"830c01c\" data-element_type=\"widget\" data-e-type=\"widget\" data-widget_type=\"text-editor.default\">\n\t\t\t\t<div class=\"elementor-widget-container\">\n\t\t\t\t\t\t\t\t\t<p><strong>De 21 a 27 de setembro, uma semana de eventos exclusivos \u00e0 medida<\/strong><\/p>\n<p>A Gala de Monte-Carlo ser\u00e1, assim, o ponto focal de uma semana de eventos exclusivos organizados no estrito cumprimento das medidas sanit\u00e1rias em vigor, de forma a garantir a seguran\u00e7a dos participantes.<\/p>\n\t\t\t\t\t\t\t\t<\/div>\n\t\t\t\t<\/div>\n\t\t\t\t<div class=\"elementor-element elementor-element-beaa0c5 elementor-align-left elementor-widget elementor-widget-button\" data-id=\"beaa0c5\" data-element_type=\"widget\" data-e-type=\"widget\" data-widget_type=\"button.default\">\n\t\t\t\t<div class=\"elementor-widget-container\">\n\t\t\t\t\t\t\t\t\t<div class=\"elementor-button-wrapper\">\n\t\t\t\t\t<a class=\"elementor-button elementor-button-link elementor-size-xs\" href=\"https:\/\/www.fpa2.org\/actualite-8022.html\" target=\"_blank\">\n\t\t\t\t\t\t<span class=\"elementor-button-content-wrapper\">\n\t\t\t\t\t\t\t\t\t<span class=\"elementor-button-text\">o programa<\/span>\n\t\t\t\t\t<\/span>\n\t\t\t\t\t<\/a>\n\t\t\t\t<\/div>\n\t\t\t\t\t\t\t\t<\/div>\n\t\t\t\t<\/div>\n\t\t\t\t\t<\/div>\n\t\t<\/div>\n\t\t\t\t<div class=\"elementor-column elementor-col-50 elementor-inner-column elementor-element elementor-element-19eefd8a\" data-id=\"19eefd8a\" data-element_type=\"column\" data-e-type=\"column\">\n\t\t\t<div class=\"elementor-widget-wrap elementor-element-populated\">\n\t\t\t\t\t\t<div class=\"elementor-element elementor-element-526c44a elementor-zoom elementor-widget elementor-widget-image\" data-id=\"526c44a\" data-element_type=\"widget\" data-e-type=\"widget\" data-widget_type=\"image.default\">\n\t\t\t\t<div class=\"elementor-widget-container\">\n\t\t\t\t\t\t\t\t\t\t\t\t\t\t\t<img decoding=\"async\" width=\"1024\" height=\"533\" src=\"https:\/\/musee.oceano.org\/wp-content\/uploads\/sites\/2\/2020\/09\/4-Gaetan-LUCI-Palais-Princier-1024x533.jpg\" class=\"attachment-large size-large wp-image-18829\" alt=\"\" srcset=\"https:\/\/musee.oceano.org\/wp-content\/uploads\/sites\/2\/2020\/09\/4-Gaetan-LUCI-Palais-Princier-1024x533.jpg 1024w, https:\/\/musee.oceano.org\/wp-content\/uploads\/sites\/2\/2020\/09\/4-Gaetan-LUCI-Palais-Princier-300x156.jpg 300w, https:\/\/musee.oceano.org\/wp-content\/uploads\/sites\/2\/2020\/09\/4-Gaetan-LUCI-Palais-Princier-768x400.jpg 768w, https:\/\/musee.oceano.org\/wp-content\/uploads\/sites\/2\/2020\/09\/4-Gaetan-LUCI-Palais-Princier-1536x800.jpg 1536w, https:\/\/musee.oceano.org\/wp-content\/uploads\/sites\/2\/2020\/09\/4-Gaetan-LUCI-Palais-Princier-2048x1066.jpg 2048w\" sizes=\"(max-width: 1024px) 100vw, 1024px\" \/>\t\t\t\t\t\t\t\t\t\t\t\t\t\t\t<\/div>\n\t\t\t\t<\/div>\n\t\t\t\t\t<\/div>\n\t\t<\/div>\n\t\t\t\t\t<\/div>\n\t\t<\/section>\n\t\t\t\t\t<\/div>\n\t\t<\/div>\n\t\t\t\t\t<\/div>\n\t\t<\/section>\n\t\t\t\t<section class=\"elementor-section elementor-top-section elementor-element elementor-element-194fa39b elementor-section-full_width elementor-section-height-default elementor-section-height-default\" data-id=\"194fa39b\" data-element_type=\"section\" data-e-type=\"section\">\n\t\t\t\t\t\t<div class=\"elementor-container elementor-column-gap-default\">\n\t\t\t\t\t<div class=\"elementor-column elementor-col-100 elementor-top-column elementor-element elementor-element-3412eadc\" data-id=\"3412eadc\" data-element_type=\"column\" data-e-type=\"column\">\n\t\t\t<div class=\"elementor-widget-wrap elementor-element-populated\">\n\t\t\t\t\t\t<div class=\"elementor-element elementor-element-6ee64180 elementor-widget elementor-widget-heading\" data-id=\"6ee64180\" data-element_type=\"widget\" data-e-type=\"widget\" data-widget_type=\"heading.default\">\n\t\t\t\t<div class=\"elementor-widget-container\">\n\t\t\t\t\t<h2 class=\"elementor-heading-title elementor-size-default\">Ver tamb\u00e9m<\/h2>\t\t\t\t<\/div>\n\t\t\t\t<\/div>\n\t\t\t\t\t<\/div>\n\t\t<\/div>\n\t\t\t\t\t<\/div>\n\t\t<\/section>\n\t\t\t\t<section class=\"elementor-section elementor-top-section elementor-element elementor-element-6fb08d86 elementor-section-boxed elementor-section-height-default elementor-section-height-default\" data-id=\"6fb08d86\" data-element_type=\"section\" data-e-type=\"section\" data-settings=\"{&quot;background_background&quot;:&quot;classic&quot;}\">\n\t\t\t\t\t\t<div class=\"elementor-container elementor-column-gap-default\">\n\t\t\t\t\t<div class=\"elementor-column elementor-col-33 elementor-top-column elementor-element elementor-element-70b6cfcb animated-slow elementor-invisible\" data-id=\"70b6cfcb\" data-element_type=\"column\" data-e-type=\"column\" data-settings=\"{&quot;animation&quot;:&quot;fadeInUp&quot;}\">\n\t\t\t<div class=\"elementor-widget-wrap elementor-element-populated\">\n\t\t\t\t\t\t<div class=\"elementor-element elementor-element-2999379a elementor-zoom elementor-widget elementor-widget-image\" data-id=\"2999379a\" data-element_type=\"widget\" data-e-type=\"widget\" data-widget_type=\"image.default\">\n\t\t\t\t<div class=\"elementor-widget-container\">\n\t\t\t\t\t\t\t\t\t\t\t\t\t\t\t\t<a href=\"https:\/\/www.oceano.org\/organisation\/les-grandes-figures\/\">\n\t\t\t\t\t\t\t<img decoding=\"async\" width=\"334\" height=\"334\" src=\"https:\/\/musee.oceano.org\/wp-content\/uploads\/sites\/2\/2019\/06\/1-SAS-Albert-Ier-sur-passerelle-334x334.jpg\" class=\"attachment-img-bloc-square size-img-bloc-square wp-image-4035\" alt=\"\" srcset=\"https:\/\/musee.oceano.org\/wp-content\/uploads\/sites\/2\/2019\/06\/1-SAS-Albert-Ier-sur-passerelle-334x334.jpg 334w, https:\/\/musee.oceano.org\/wp-content\/uploads\/sites\/2\/2019\/06\/1-SAS-Albert-Ier-sur-passerelle-150x150.jpg 150w, https:\/\/musee.oceano.org\/wp-content\/uploads\/sites\/2\/2019\/06\/1-SAS-Albert-Ier-sur-passerelle-433x433.jpg 433w\" sizes=\"(max-width: 334px) 100vw, 334px\" \/>\t\t\t\t\t\t\t\t<\/a>\n\t\t\t\t\t\t\t\t\t\t\t\t\t\t\t<\/div>\n\t\t\t\t<\/div>\n\t\t\t\t<div class=\"elementor-element elementor-element-5479c2cb elementor-align-center elementor-widget elementor-widget-button\" data-id=\"5479c2cb\" data-element_type=\"widget\" data-e-type=\"widget\" data-widget_type=\"button.default\">\n\t\t\t\t<div class=\"elementor-widget-container\">\n\t\t\t\t\t\t\t\t\t<div class=\"elementor-button-wrapper\">\n\t\t\t\t\t<a class=\"elementor-button elementor-button-link elementor-size-md\" href=\"https:\/\/www.oceano.org\/pt-pt\/organizacao\/as-grandes-figuras\/\">\n\t\t\t\t\t\t<span class=\"elementor-button-content-wrapper\">\n\t\t\t\t\t\t\t\t\t<span class=\"elementor-button-text\">descobrir as grandes figuras do instituto<\/span>\n\t\t\t\t\t<\/span>\n\t\t\t\t\t<\/a>\n\t\t\t\t<\/div>\n\t\t\t\t\t\t\t\t<\/div>\n\t\t\t\t<\/div>\n\t\t\t\t\t<\/div>\n\t\t<\/div>\n\t\t\t\t<div class=\"elementor-column elementor-col-33 elementor-top-column elementor-element elementor-element-21e2bd17 animated-slow elementor-invisible\" data-id=\"21e2bd17\" data-element_type=\"column\" data-e-type=\"column\" data-settings=\"{&quot;animation&quot;:&quot;fadeInUp&quot;}\">\n\t\t\t<div class=\"elementor-widget-wrap elementor-element-populated\">\n\t\t\t\t\t\t<div class=\"elementor-element elementor-element-2e4c48c5 elementor-zoom elementor-widget elementor-widget-image\" data-id=\"2e4c48c5\" data-element_type=\"widget\" data-e-type=\"widget\" data-widget_type=\"image.default\">\n\t\t\t\t<div class=\"elementor-widget-container\">\n\t\t\t\t\t\t\t\t\t\t\t\t\t\t\t\t<a href=\"https:\/\/www.oceano.org\/integrale-fiches-institut\/\">\n\t\t\t\t\t\t\t<img loading=\"lazy\" decoding=\"async\" width=\"334\" height=\"334\" src=\"https:\/\/musee.oceano.org\/wp-content\/uploads\/sites\/2\/2020\/04\/jules-bss-VW-pFREtl0k-unsplash2-334x334.jpg\" class=\"attachment-img-bloc-square size-img-bloc-square wp-image-24610\" alt=\"\" srcset=\"https:\/\/musee.oceano.org\/wp-content\/uploads\/sites\/2\/2020\/04\/jules-bss-VW-pFREtl0k-unsplash2-334x334.jpg 334w, https:\/\/musee.oceano.org\/wp-content\/uploads\/sites\/2\/2020\/04\/jules-bss-VW-pFREtl0k-unsplash2-150x150.jpg 150w, https:\/\/musee.oceano.org\/wp-content\/uploads\/sites\/2\/2020\/04\/jules-bss-VW-pFREtl0k-unsplash2-433x433.jpg 433w\" sizes=\"(max-width: 334px) 100vw, 334px\" \/>\t\t\t\t\t\t\t\t<\/a>\n\t\t\t\t\t\t\t\t\t\t\t\t\t\t\t<\/div>\n\t\t\t\t<\/div>\n\t\t\t\t<div class=\"elementor-element elementor-element-33931817 elementor-align-center elementor-widget elementor-widget-button\" data-id=\"33931817\" data-element_type=\"widget\" data-e-type=\"widget\" data-widget_type=\"button.default\">\n\t\t\t\t<div class=\"elementor-widget-container\">\n\t\t\t\t\t\t\t\t\t<div class=\"elementor-button-wrapper\">\n\t\t\t\t\t<a class=\"elementor-button elementor-button-link elementor-size-md\" href=\"https:\/\/www.oceano.org\/pt-pt\/todas-as-fichas-de-facto-do-instituto\/\">\n\t\t\t\t\t\t<span class=\"elementor-button-content-wrapper\">\n\t\t\t\t\t\t\t\t\t<span class=\"elementor-button-text\">Todas as Fichas de Facto do Instituto, escritas por especialistas<\/span>\n\t\t\t\t\t<\/span>\n\t\t\t\t\t<\/a>\n\t\t\t\t<\/div>\n\t\t\t\t\t\t\t\t<\/div>\n\t\t\t\t<\/div>\n\t\t\t\t\t<\/div>\n\t\t<\/div>\n\t\t\t\t<div class=\"elementor-column elementor-col-33 elementor-top-column elementor-element elementor-element-433fa09f animated-slow elementor-invisible\" data-id=\"433fa09f\" data-element_type=\"column\" data-e-type=\"column\" data-settings=\"{&quot;animation&quot;:&quot;fadeInUp&quot;}\">\n\t\t\t<div class=\"elementor-widget-wrap elementor-element-populated\">\n\t\t\t\t\t\t<div class=\"elementor-element elementor-element-6ac8150b elementor-zoom elementor-widget elementor-widget-image\" data-id=\"6ac8150b\" data-element_type=\"widget\" data-e-type=\"widget\" data-widget_type=\"image.default\">\n\t\t\t\t<div class=\"elementor-widget-container\">\n\t\t\t\t\t\t\t\t\t\t\t\t\t\t\t\t<a href=\"https:\/\/www.oceano.org\/les-grandes-figures\/le-prince-albert-ii\/\">\n\t\t\t\t\t\t\t<img loading=\"lazy\" decoding=\"async\" width=\"334\" height=\"334\" src=\"https:\/\/musee.oceano.org\/wp-content\/uploads\/sites\/2\/2019\/06\/S.A.S.-le-Prince-Albert-II-de-Monaco-MBI-2017-P.-Fitte-low-334x334.jpg\" class=\"attachment-img-bloc-square size-img-bloc-square wp-image-24563\" alt=\"\" srcset=\"https:\/\/musee.oceano.org\/wp-content\/uploads\/sites\/2\/2019\/06\/S.A.S.-le-Prince-Albert-II-de-Monaco-MBI-2017-P.-Fitte-low-334x334.jpg 334w, https:\/\/musee.oceano.org\/wp-content\/uploads\/sites\/2\/2019\/06\/S.A.S.-le-Prince-Albert-II-de-Monaco-MBI-2017-P.-Fitte-low-150x150.jpg 150w, https:\/\/musee.oceano.org\/wp-content\/uploads\/sites\/2\/2019\/06\/S.A.S.-le-Prince-Albert-II-de-Monaco-MBI-2017-P.-Fitte-low-433x433.jpg 433w\" sizes=\"(max-width: 334px) 100vw, 334px\" \/>\t\t\t\t\t\t\t\t<\/a>\n\t\t\t\t\t\t\t\t\t\t\t\t\t\t\t<\/div>\n\t\t\t\t<\/div>\n\t\t\t\t<div class=\"elementor-element elementor-element-6d8d16e elementor-align-center elementor-widget elementor-widget-button\" data-id=\"6d8d16e\" data-element_type=\"widget\" data-e-type=\"widget\" data-widget_type=\"button.default\">\n\t\t\t\t<div class=\"elementor-widget-container\">\n\t\t\t\t\t\t\t\t\t<div class=\"elementor-button-wrapper\">\n\t\t\t\t\t<a class=\"elementor-button elementor-button-link elementor-size-md\" href=\"https:\/\/www.oceano.org\/pt-pt\/organizacao\/as-grandes-figuras\/principe-alberto-ii\/\">\n\t\t\t\t\t\t<span class=\"elementor-button-content-wrapper\">\n\t\t\t\t\t\t\t\t\t<span class=\"elementor-button-text\">descobrir H.S.H. Pr\u00edncipe Alberto II do M\u00f3naco<\/span>\n\t\t\t\t\t<\/span>\n\t\t\t\t\t<\/a>\n\t\t\t\t<\/div>\n\t\t\t\t\t\t\t\t<\/div>\n\t\t\t\t<\/div>\n\t\t\t\t\t<\/div>\n\t\t<\/div>\n\t\t\t\t\t<\/div>\n\t\t<\/section>\n\t\t\t\t<\/div>\n\t\t","protected":false},"excerpt":{"rendered":"<p>Organizada pela Funda\u00e7\u00e3o Pr\u00edncipe Alberto II do M\u00f3naco, a Gala monte-Carlo para a Sa\u00fade Planet\u00e1ria ter\u00e1 lugar na quinta-feira, 24 de setembro, nas esplanadas da \u00d3pera de Monte Carlo, com Sting como convidado de honra.<\/p>\n","protected":false},"author":2,"featured_media":28621,"comment_status":"closed","ping_status":"closed","sticky":false,"template":"","format":"standard","meta":{"_acf_changed":false,"footnotes":""},"categories":[273],"tags":[],"thematiques_actualites":[],"class_list":["post-28619","post","type-post","status-publish","format-standard","has-post-thumbnail","hentry","category-non-classee"],"acf":[],"yoast_head":"<!-- This site is optimized with the Yoast SEO plugin v27.2 - https:\/\/yoast.com\/product\/yoast-seo-wordpress\/ -->\n<title>Gala de Monte Carlo para a Sa\u00fade Planet\u00e1ria - Mus\u00e9e Oc\u00e9anographique de Monaco<\/title>\n<meta name=\"robots\" content=\"index, follow, max-snippet:-1, max-image-preview:large, max-video-preview:-1\" \/>\n<link rel=\"canonical\" href=\"https:\/\/musee.oceano.org\/pt-pt\/2021\/06\/30\/gala-de-monte-carlo-para-a-saude-planetaria\/\" \/>\n<meta property=\"og:locale\" content=\"pt_PT\" \/>\n<meta property=\"og:type\" content=\"article\" \/>\n<meta property=\"og:title\" content=\"Gala de Monte Carlo para a Sa\u00fade Planet\u00e1ria - Mus\u00e9e Oc\u00e9anographique de Monaco\" \/>\n<meta property=\"og:description\" content=\"Organizada pela Funda\u00e7\u00e3o Pr\u00edncipe Alberto II do M\u00f3naco, a Gala monte-Carlo para a Sa\u00fade Planet\u00e1ria ter\u00e1 lugar na quinta-feira, 24 de setembro, nas esplanadas da \u00d3pera de Monte Carlo, com Sting como convidado de honra.\" \/>\n<meta property=\"og:url\" content=\"https:\/\/musee.oceano.org\/pt-pt\/2021\/06\/30\/gala-de-monte-carlo-para-a-saude-planetaria\/\" \/>\n<meta property=\"og:site_name\" content=\"Mus\u00e9e Oc\u00e9anographique de Monaco\" \/>\n<meta property=\"article:published_time\" content=\"2021-06-30T15:41:35+00:00\" \/>\n<meta property=\"article:modified_time\" content=\"2021-07-16T12:26:16+00:00\" \/>\n<meta property=\"og:image\" content=\"https:\/\/musee.oceano.org\/wp-content\/uploads\/sites\/2\/2020\/09\/img-Planetary-Health-Week-FPA2.png\" \/>\n\t<meta property=\"og:image:width\" content=\"940\" \/>\n\t<meta property=\"og:image:height\" content=\"788\" \/>\n\t<meta property=\"og:image:type\" content=\"image\/png\" \/>\n<meta name=\"twitter:card\" content=\"summary_large_image\" \/>\n<meta name=\"twitter:label1\" content=\"Escrito por\" \/>\n\t<meta name=\"twitter:data1\" content=\"\" \/>\n\t<meta name=\"twitter:label2\" content=\"Tempo estimado de leitura\" \/>\n\t<meta name=\"twitter:data2\" content=\"4 minutos\" \/>\n<script type=\"application\/ld+json\" class=\"yoast-schema-graph\">{\"@context\":\"https:\/\/schema.org\",\"@graph\":[{\"@type\":\"Article\",\"@id\":\"https:\/\/musee.oceano.org\/pt-pt\/2021\/06\/30\/gala-de-monte-carlo-para-a-saude-planetaria\/#article\",\"isPartOf\":{\"@id\":\"https:\/\/musee.oceano.org\/pt-pt\/2021\/06\/30\/gala-de-monte-carlo-para-a-saude-planetaria\/\"},\"author\":{\"name\":\"\",\"@id\":\"\"},\"headline\":\"Gala de Monte Carlo para a Sa\u00fade Planet\u00e1ria\",\"datePublished\":\"2021-06-30T15:41:35+00:00\",\"dateModified\":\"2021-07-16T12:26:16+00:00\",\"mainEntityOfPage\":{\"@id\":\"https:\/\/musee.oceano.org\/pt-pt\/2021\/06\/30\/gala-de-monte-carlo-para-a-saude-planetaria\/\"},\"wordCount\":470,\"image\":{\"@id\":\"https:\/\/musee.oceano.org\/pt-pt\/2021\/06\/30\/gala-de-monte-carlo-para-a-saude-planetaria\/#primaryimage\"},\"thumbnailUrl\":\"https:\/\/musee.oceano.org\/wp-content\/uploads\/sites\/2\/2020\/09\/img-Planetary-Health-Week-FPA2.png\",\"articleSection\":[\"Autre actualit\u00e9\"],\"inLanguage\":\"pt-PT\"},{\"@type\":\"WebPage\",\"@id\":\"https:\/\/musee.oceano.org\/pt-pt\/2021\/06\/30\/gala-de-monte-carlo-para-a-saude-planetaria\/\",\"url\":\"https:\/\/musee.oceano.org\/pt-pt\/2021\/06\/30\/gala-de-monte-carlo-para-a-saude-planetaria\/\",\"name\":\"Gala de Monte Carlo para a Sa\u00fade Planet\u00e1ria - Mus\u00e9e Oc\u00e9anographique de Monaco\",\"isPartOf\":{\"@id\":\"https:\/\/musee.oceano.org\/#website\"},\"primaryImageOfPage\":{\"@id\":\"https:\/\/musee.oceano.org\/pt-pt\/2021\/06\/30\/gala-de-monte-carlo-para-a-saude-planetaria\/#primaryimage\"},\"image\":{\"@id\":\"https:\/\/musee.oceano.org\/pt-pt\/2021\/06\/30\/gala-de-monte-carlo-para-a-saude-planetaria\/#primaryimage\"},\"thumbnailUrl\":\"https:\/\/musee.oceano.org\/wp-content\/uploads\/sites\/2\/2020\/09\/img-Planetary-Health-Week-FPA2.png\",\"datePublished\":\"2021-06-30T15:41:35+00:00\",\"dateModified\":\"2021-07-16T12:26:16+00:00\",\"author\":{\"@id\":\"\"},\"breadcrumb\":{\"@id\":\"https:\/\/musee.oceano.org\/pt-pt\/2021\/06\/30\/gala-de-monte-carlo-para-a-saude-planetaria\/#breadcrumb\"},\"inLanguage\":\"pt-PT\",\"potentialAction\":[{\"@type\":\"ReadAction\",\"target\":[\"https:\/\/musee.oceano.org\/pt-pt\/2021\/06\/30\/gala-de-monte-carlo-para-a-saude-planetaria\/\"]}]},{\"@type\":\"ImageObject\",\"inLanguage\":\"pt-PT\",\"@id\":\"https:\/\/musee.oceano.org\/pt-pt\/2021\/06\/30\/gala-de-monte-carlo-para-a-saude-planetaria\/#primaryimage\",\"url\":\"https:\/\/musee.oceano.org\/wp-content\/uploads\/sites\/2\/2020\/09\/img-Planetary-Health-Week-FPA2.png\",\"contentUrl\":\"https:\/\/musee.oceano.org\/wp-content\/uploads\/sites\/2\/2020\/09\/img-Planetary-Health-Week-FPA2.png\",\"width\":940,\"height\":788},{\"@type\":\"BreadcrumbList\",\"@id\":\"https:\/\/musee.oceano.org\/pt-pt\/2021\/06\/30\/gala-de-monte-carlo-para-a-saude-planetaria\/#breadcrumb\",\"itemListElement\":[{\"@type\":\"ListItem\",\"position\":1,\"name\":\"Home\",\"item\":\"https:\/\/musee.oceano.org\/pt-pt\/\"},{\"@type\":\"ListItem\",\"position\":2,\"name\":\"Gala de Monte Carlo para a Sa\u00fade Planet\u00e1ria\"}]},{\"@type\":\"WebSite\",\"@id\":\"https:\/\/musee.oceano.org\/#website\",\"url\":\"https:\/\/musee.oceano.org\/\",\"name\":\"Mus\u00e9e Oc\u00e9anographique de Monaco\",\"description\":\"Faire conna\u00eetre, aimer et prot\u00e9ger les oc\u00e9ans\",\"potentialAction\":[{\"@type\":\"SearchAction\",\"target\":{\"@type\":\"EntryPoint\",\"urlTemplate\":\"https:\/\/musee.oceano.org\/?s={search_term_string}\"},\"query-input\":{\"@type\":\"PropertyValueSpecification\",\"valueRequired\":true,\"valueName\":\"search_term_string\"}}],\"inLanguage\":\"pt-PT\"},{\"@type\":\"Person\",\"@id\":\"\"}]}<\/script>\n<!-- \/ Yoast SEO plugin. -->","yoast_head_json":{"title":"Gala de Monte Carlo para a Sa\u00fade Planet\u00e1ria - Mus\u00e9e Oc\u00e9anographique de Monaco","robots":{"index":"index","follow":"follow","max-snippet":"max-snippet:-1","max-image-preview":"max-image-preview:large","max-video-preview":"max-video-preview:-1"},"canonical":"https:\/\/musee.oceano.org\/pt-pt\/2021\/06\/30\/gala-de-monte-carlo-para-a-saude-planetaria\/","og_locale":"pt_PT","og_type":"article","og_title":"Gala de Monte Carlo para a Sa\u00fade Planet\u00e1ria - Mus\u00e9e Oc\u00e9anographique de Monaco","og_description":"Organizada pela Funda\u00e7\u00e3o Pr\u00edncipe Alberto II do M\u00f3naco, a Gala monte-Carlo para a Sa\u00fade Planet\u00e1ria ter\u00e1 lugar na quinta-feira, 24 de setembro, nas esplanadas da \u00d3pera de Monte Carlo, com Sting como convidado de honra.","og_url":"https:\/\/musee.oceano.org\/pt-pt\/2021\/06\/30\/gala-de-monte-carlo-para-a-saude-planetaria\/","og_site_name":"Mus\u00e9e Oc\u00e9anographique de Monaco","article_published_time":"2021-06-30T15:41:35+00:00","article_modified_time":"2021-07-16T12:26:16+00:00","og_image":[{"width":940,"height":788,"url":"https:\/\/musee.oceano.org\/wp-content\/uploads\/sites\/2\/2020\/09\/img-Planetary-Health-Week-FPA2.png","type":"image\/png"}],"twitter_card":"summary_large_image","twitter_misc":{"Escrito por":"","Tempo estimado de leitura":"4 minutos"},"schema":{"@context":"https:\/\/schema.org","@graph":[{"@type":"Article","@id":"https:\/\/musee.oceano.org\/pt-pt\/2021\/06\/30\/gala-de-monte-carlo-para-a-saude-planetaria\/#article","isPartOf":{"@id":"https:\/\/musee.oceano.org\/pt-pt\/2021\/06\/30\/gala-de-monte-carlo-para-a-saude-planetaria\/"},"author":{"name":"","@id":""},"headline":"Gala de Monte Carlo para a Sa\u00fade Planet\u00e1ria","datePublished":"2021-06-30T15:41:35+00:00","dateModified":"2021-07-16T12:26:16+00:00","mainEntityOfPage":{"@id":"https:\/\/musee.oceano.org\/pt-pt\/2021\/06\/30\/gala-de-monte-carlo-para-a-saude-planetaria\/"},"wordCount":470,"image":{"@id":"https:\/\/musee.oceano.org\/pt-pt\/2021\/06\/30\/gala-de-monte-carlo-para-a-saude-planetaria\/#primaryimage"},"thumbnailUrl":"https:\/\/musee.oceano.org\/wp-content\/uploads\/sites\/2\/2020\/09\/img-Planetary-Health-Week-FPA2.png","articleSection":["Autre actualit\u00e9"],"inLanguage":"pt-PT"},{"@type":"WebPage","@id":"https:\/\/musee.oceano.org\/pt-pt\/2021\/06\/30\/gala-de-monte-carlo-para-a-saude-planetaria\/","url":"https:\/\/musee.oceano.org\/pt-pt\/2021\/06\/30\/gala-de-monte-carlo-para-a-saude-planetaria\/","name":"Gala de Monte Carlo para a Sa\u00fade Planet\u00e1ria - Mus\u00e9e Oc\u00e9anographique de Monaco","isPartOf":{"@id":"https:\/\/musee.oceano.org\/#website"},"primaryImageOfPage":{"@id":"https:\/\/musee.oceano.org\/pt-pt\/2021\/06\/30\/gala-de-monte-carlo-para-a-saude-planetaria\/#primaryimage"},"image":{"@id":"https:\/\/musee.oceano.org\/pt-pt\/2021\/06\/30\/gala-de-monte-carlo-para-a-saude-planetaria\/#primaryimage"},"thumbnailUrl":"https:\/\/musee.oceano.org\/wp-content\/uploads\/sites\/2\/2020\/09\/img-Planetary-Health-Week-FPA2.png","datePublished":"2021-06-30T15:41:35+00:00","dateModified":"2021-07-16T12:26:16+00:00","author":{"@id":""},"breadcrumb":{"@id":"https:\/\/musee.oceano.org\/pt-pt\/2021\/06\/30\/gala-de-monte-carlo-para-a-saude-planetaria\/#breadcrumb"},"inLanguage":"pt-PT","potentialAction":[{"@type":"ReadAction","target":["https:\/\/musee.oceano.org\/pt-pt\/2021\/06\/30\/gala-de-monte-carlo-para-a-saude-planetaria\/"]}]},{"@type":"ImageObject","inLanguage":"pt-PT","@id":"https:\/\/musee.oceano.org\/pt-pt\/2021\/06\/30\/gala-de-monte-carlo-para-a-saude-planetaria\/#primaryimage","url":"https:\/\/musee.oceano.org\/wp-content\/uploads\/sites\/2\/2020\/09\/img-Planetary-Health-Week-FPA2.png","contentUrl":"https:\/\/musee.oceano.org\/wp-content\/uploads\/sites\/2\/2020\/09\/img-Planetary-Health-Week-FPA2.png","width":940,"height":788},{"@type":"BreadcrumbList","@id":"https:\/\/musee.oceano.org\/pt-pt\/2021\/06\/30\/gala-de-monte-carlo-para-a-saude-planetaria\/#breadcrumb","itemListElement":[{"@type":"ListItem","position":1,"name":"Home","item":"https:\/\/musee.oceano.org\/pt-pt\/"},{"@type":"ListItem","position":2,"name":"Gala de Monte Carlo para a Sa\u00fade Planet\u00e1ria"}]},{"@type":"WebSite","@id":"https:\/\/musee.oceano.org\/#website","url":"https:\/\/musee.oceano.org\/","name":"Mus\u00e9e Oc\u00e9anographique de Monaco","description":"Faire conna\u00eetre, aimer et prot\u00e9ger les oc\u00e9ans","potentialAction":[{"@type":"SearchAction","target":{"@type":"EntryPoint","urlTemplate":"https:\/\/musee.oceano.org\/?s={search_term_string}"},"query-input":{"@type":"PropertyValueSpecification","valueRequired":true,"valueName":"search_term_string"}}],"inLanguage":"pt-PT"},{"@type":"Person","@id":""}]}},"_links":{"self":[{"href":"https:\/\/musee.oceano.org\/pt-pt\/wp-json\/wp\/v2\/posts\/28619","targetHints":{"allow":["GET"]}}],"collection":[{"href":"https:\/\/musee.oceano.org\/pt-pt\/wp-json\/wp\/v2\/posts"}],"about":[{"href":"https:\/\/musee.oceano.org\/pt-pt\/wp-json\/wp\/v2\/types\/post"}],"author":[{"embeddable":true,"href":"https:\/\/musee.oceano.org\/pt-pt\/wp-json\/wp\/v2\/users\/2"}],"replies":[{"embeddable":true,"href":"https:\/\/musee.oceano.org\/pt-pt\/wp-json\/wp\/v2\/comments?post=28619"}],"version-history":[{"count":6,"href":"https:\/\/musee.oceano.org\/pt-pt\/wp-json\/wp\/v2\/posts\/28619\/revisions"}],"predecessor-version":[{"id":33299,"href":"https:\/\/musee.oceano.org\/pt-pt\/wp-json\/wp\/v2\/posts\/28619\/revisions\/33299"}],"wp:featuredmedia":[{"embeddable":true,"href":"https:\/\/musee.oceano.org\/pt-pt\/wp-json\/wp\/v2\/media\/28621"}],"wp:attachment":[{"href":"https:\/\/musee.oceano.org\/pt-pt\/wp-json\/wp\/v2\/media?parent=28619"}],"wp:term":[{"taxonomy":"category","embeddable":true,"href":"https:\/\/musee.oceano.org\/pt-pt\/wp-json\/wp\/v2\/categories?post=28619"},{"taxonomy":"post_tag","embeddable":true,"href":"https:\/\/musee.oceano.org\/pt-pt\/wp-json\/wp\/v2\/tags?post=28619"},{"taxonomy":"thematiques_actualites","embeddable":true,"href":"https:\/\/musee.oceano.org\/pt-pt\/wp-json\/wp\/v2\/thematiques_actualites?post=28619"}],"curies":[{"name":"wp","href":"https:\/\/api.w.org\/{rel}","templated":true}]}}